{"id":585518,"date":"2023-05-31T00:01:24","date_gmt":"2023-05-31T06:01:24","guid":{"rendered":"https:\/\/www.diarioimagen.net\/?p=585518"},"modified":"2023-05-31T01:23:46","modified_gmt":"2023-05-31T07:23:46","slug":"delfina-gomez-sera-la-proxima-gobernadora-dice-juan-olivas","status":"publish","type":"post","link":"https:\/\/www.diarioimagen.net\/?p=585518","title":{"rendered":"Delfina G\u00f3mez ser\u00e1 la pr\u00f3xima gobernadora, dice Juan Olivas"},"content":{"rendered":"<p>&nbsp;<\/p>\n<p><a href=\"https:\/\/www.diarioimagen.net\/?attachment_id=585619\" rel=\"attachment wp-att-585619\"><img loading=\"lazy\" decoding=\"async\" class=\"aligncenter size-full wp-image-585619\" src=\"https:\/\/www.diarioimagen.net\/wp-content\/uploads\/2023\/05\/delfina-1.jpg\" alt=\"\" width=\"460\" height=\"270\" \/><\/a><\/p>\n<p>&nbsp;<\/p>\n<p><strong>Naucalpan, Estado de M\u00e9xico.\u2014 <\/strong>Mientras que la maestra Delfina G\u00f3mez, candidata a gobernadora del Estado de M\u00e9xico por Morena, PT y PVEM, celebraba su segundo cierre de campa\u00f1a en Valle de Chalco y Toluca, en Naucalpan, el l\u00edder social y empresario Juan Olivas, hac\u00eda lo propio acompa\u00f1ado de cientos de morenistas en calles y avenidas de este municipio.<\/p>\n<p>El tambi\u00e9n m\u00e1s fuerte aspirante a la alcald\u00eda de Naucalpan por Morena, PT y PVEM, asegur\u00f3 que el pr\u00f3ximo 4 de junio cambiar\u00e1 el rostro del Edomex, pues, dijo, \u201c se acabar\u00e1 de tajo con la corrupci\u00f3n que impera en la entidad\u201d, abund\u00f3.<\/p>\n","protected":false},"excerpt":{"rendered":"<p>Mientras que la maestra Delfina G\u00f3mez, candidata a gobernadora del Estado de M\u00e9xico por Morena, PT y PVEM, celebraba su segundo cierre de campa\u00f1a en Valle de Chalco y Toluca, en Naucalpan, el l\u00edder social y empresario Juan Olivas, hac\u00eda lo propio acompa\u00f1ado de cientos de morenistas en calles y avenidas de este municipio.<\/p>\n","protected":false},"author":3,"featured_media":585619,"comment_status":"open","ping_status":"open","sticky":false,"template":"","format":"standard","meta":{"_monsterinsights_skip_tracking":false,"_monsterinsights_sitenote_active":false,"_monsterinsights_sitenote_note":"","_monsterinsights_sitenote_category":0,"footnotes":""},"categories":[5],"tags":[970,366],"class_list":["post-585518","post","type-post","status-publish","format-standard","has-post-thumbnail","hentry","category-estado-de-mexico","tag-naucalpan","tag-pt"],"_links":{"self":[{"href":"https:\/\/www.diarioimagen.net\/index.php?rest_route=\/wp\/v2\/posts\/585518","targetHints":{"allow":["GET"]}}],"collection":[{"href":"https:\/\/www.diarioimagen.net\/index.php?rest_route=\/wp\/v2\/posts"}],"about":[{"href":"https:\/\/www.diarioimagen.net\/index.php?rest_route=\/wp\/v2\/types\/post"}],"author":[{"embeddable":true,"href":"https:\/\/www.diarioimagen.net\/index.php?rest_route=\/wp\/v2\/users\/3"}],"replies":[{"embeddable":true,"href":"https:\/\/www.diarioimagen.net\/index.php?rest_route=%2Fwp%2Fv2%2Fcomments&post=585518"}],"version-history":[{"count":0,"href":"https:\/\/www.diarioimagen.net\/index.php?rest_route=\/wp\/v2\/posts\/585518\/revisions"}],"wp:featuredmedia":[{"embeddable":true,"href":"https:\/\/www.diarioimagen.net\/index.php?rest_route=\/wp\/v2\/media\/585619"}],"wp:attachment":[{"href":"https:\/\/www.diarioimagen.net\/index.php?rest_route=%2Fwp%2Fv2%2Fmedia&parent=585518"}],"wp:term":[{"taxonomy":"category","embeddable":true,"href":"https:\/\/www.diarioimagen.net\/index.php?rest_route=%2Fwp%2Fv2%2Fcategories&post=585518"},{"taxonomy":"post_tag","embeddable":true,"href":"https:\/\/www.diarioimagen.net\/index.php?rest_route=%2Fwp%2Fv2%2Ftags&post=585518"}],"curies":[{"name":"wp","href":"https:\/\/api.w.org\/{rel}","templated":true}]}}