{"id":585541,"date":"2023-05-31T00:02:13","date_gmt":"2023-05-31T06:02:13","guid":{"rendered":"https:\/\/www.diarioimagen.net\/?p=585541"},"modified":"2023-05-31T00:31:07","modified_gmt":"2023-05-31T06:31:07","slug":"ahora-sobre-ricardo-mejia-la-venganza-de-lopez-obrador","status":"publish","type":"post","link":"https:\/\/www.diarioimagen.net\/?p=585541","title":{"rendered":"Ahora sobre Ricardo Mej\u00eda, la venganza de L\u00f3pez Obrador"},"content":{"rendered":"<h2>La Retaguardia<\/h2>\n<h5>Adriana Moreno Cordero<\/h5>\n<p>&nbsp;<\/p>\n<ul>\n<li><strong><em>Junto a la pintas de Marcelo Ebrard, \u201c#EsRosaIcela\u201d<\/em><\/strong><\/li>\n<\/ul>\n<p>&nbsp;<\/p>\n<p>Ahora le toc\u00f3 al candidato del PT al gobierno de Coahuila, <strong>Ricardo Mej\u00eda Berdeja<\/strong>, que el partido al cual abandera para las elecciones en ese estado, de plano le haya volteado las contras y ayer, \u201ccon bombo y platillo\u201d, el Partido del Trabajo, que fue creado, por cierto en la \u00e9poca del salinismo, con su eterno l\u00edder, <strong>Alberto Anaya<\/strong>, s\u00ed, ese mismo que en la guerra entre Rusia y Ucrania se ha inclinado por el r\u00e9gimen de <strong>Vladimir Putin<\/strong>, empiece a pagar las cuentas que tiene pendientes ni m\u00e1s ni menos que con esta errada y llamada Cuarta Transformaci\u00f3n y su l\u00edder, el presidente <strong>Andr\u00e9s Manuel L\u00f3pez Obrador <\/strong>y se sumar\u00e1<strong>,<\/strong> -como buena r\u00e9mora que es-, a Morena, para las elecciones que este fin de semana habr\u00e1 en tierras coahuilenses.<\/p>\n<p>As\u00ed, y a contracorriente de lo que un d\u00eda antes declarara el candidato del PVEM\u00a0\u00a0\u00a0\u00a0 al gobierno de dicha entidad, <strong>Lenin P\u00e9rez<\/strong>, el oficialismo quiere decidir la suerte de Morena en los comicios, tanto de este fin de semana como en los de 2024, en el centro, pr\u00e1cticamente sin tomar en cuenta lo que opinen en los diferentes estados donde habr\u00e1 elecciones y todo, bajo el pretexto de que mediante esa estrategia, se garantiza la unidad de esta errada y llamada Cuarta Transformaci\u00f3n.<\/p>\n<p>En el evento en el que el PT le volte\u00f3 bandera, esta vez a Ricardo Mej\u00eda, estuvo encabezado por la crema y nata del morenismo, como el l\u00edder nacional, <strong>Mario Mart\u00edn Delgado<\/strong> y la flamante secretaria general y senadora <strong>Citlalli Hern\u00e1ndez<\/strong>. Desde luego, no pod\u00eda faltar el diputado <strong>Alberto Anaya<\/strong>, siempre atento a no hacer enojar al inquilino de Palacio Nacional y sirvi\u00e9ndole como instrumento para desquitarse de quien ahora considera uno de sus m\u00e1s ac\u00e9rrimos adversarios.<\/p>\n<p>De tal forma, la reacci\u00f3n que tuvo el ex subsecretario de Seguridad y Protecci\u00f3n Ciudadana, fue algo que de alguna manera ya se sab\u00eda: que ni muerto va a declinar a favor de un alica\u00eddo candidato, <strong>Armando Guadiana Tijerina<\/strong>.<\/p>\n<p>\u201cDios con nosotros, el tigre va con todo\u201d y afirm\u00f3 que el ya muy pr\u00f3ximo 4 de junio su nombre estar\u00e1 en las boletas electorales, sentenci\u00f3 enf\u00e1tico Mej\u00eda Berdeja.<\/p>\n<p>Ya se hab\u00eda consignado en este espacio con antelaci\u00f3n que seguramente la dirigente del PVEM, Karen Castrej\u00f3n, recibir\u00eda sendo premio por sus servicios al morenismo; entonces, igual va a pasar con el l\u00edder del PT, Alberto Anaya, desde luego, sin dejar de lado al vers\u00e1til senador chiapaneco Manuel Velasco, quien est\u00e1 dispuesto a sacar la cara sin importarle hacer el rid\u00edculo, con tal de defender la calidad de r\u00e9mora que tiene el PVEM frente al oficialismo.<\/p>\n<p>Y luego por qu\u00e9 se queja amargamente quien se dice ser aspirante o \u201ccorcholata\u201d presidencial, el diputado Gerardo Fern\u00e1ndez Noro\u00f1a, que no es la primera vez que se lamenta de que el presidente L\u00f3pez Obrador, de plano no lo toma en cuenta en la carrera presidencial, ni le dice \u201chermano\u201d, como llama a las dem\u00e1s \u201ccorcholatas\u201d y \u201ccorcholatos\u201d y eso que el petista asegura tener el tercer lugar en esta vertiginosa carrera dejando atr\u00e1s ni m\u00e1s ni menos que al secretario de Gobernaci\u00f3n, Ad\u00e1n Augusto L\u00f3pez Hern\u00e1ndez. \u00bfSer\u00e1?<\/p>\n<p>Lo que s\u00ed deber\u00eda de hacer Fern\u00e1ndez Noro\u00f1a -y esta recomendaci\u00f3n no sobra-, es poner sus barbas a remojar, porque como no goza ni tantito de las preferencias del inquilino de Palacio Nacional, lo m\u00e1s probable es que el PT le juegue de una vez por todas las contras y lo deje llorando su amargo destino porque \u201cel compa\u00f1ero Presidente\u201d no tiene empacho alguno en traicionarlo.<\/p>\n<p style=\"text-align: center;\"><strong>Municiones<\/strong><\/p>\n<p>*** En otro tema no menos importante, ayer en el Senado de la Rep\u00fablica, por primera vez, compareci\u00f3 el Gabinete de Seguridad. \u201cConcluimos un ejercicio in\u00e9dito. Creo que debemos sentirnos tranquilos porque fue la primera comparecencia en la historia del pa\u00eds en donde acuden al Senado mexicano la Comisi\u00f3n de Seguridad P\u00fablica, el Gabinete de Seguridad P\u00fablica en pleno\u201d, expres\u00f3 el presidente de la Junta de Coordinaci\u00f3n Pol\u00edtica de la C\u00e1mara alta, <strong>Ricardo Monreal<\/strong>. \u201cNo se agota con esta comparecencia, que es \u00fanica, sino que podr\u00edamos convocar a otras comparecencias despu\u00e9s del an\u00e1lisis m\u00e1s pormenorizado del contenido del Informe\u201d, agreg\u00f3 el legislador zacatecano que se vio muy complacido con este ejercicio. En conferencia de prensa, el senador Monreal afirm\u00f3 que: \u201ctemas delicados s\u00ed se dieron, que no creo sea conveniente difundir, por ejemplo los municipios en el pa\u00eds que no tienen polic\u00eda o alguna lucha contra el crimen organizado, estados con dificultad, la presencia de la Guardia Nacional y de la Fuerza Armada Permanente en lugares tambi\u00e9n complicados.\u00a0Pero lo que observo con mucha claridad es que tienen estrategia, tienen informaci\u00f3n y tienen claridad en los objetivos que persiguen.\u00a0Se ve\u00eda a los cuatro secretarios manejar con demasiada soltura toda la informaci\u00f3n y obviamente sab\u00edan de lo que estaban hablando. Tambi\u00e9n vimos el \u00edndice de disminuci\u00f3n de delitos, sobre todo en homicidio, aunque tambi\u00e9n aceptando otros delitos y otras dificultades en el pa\u00eds.\u00a0Hablamos de c\u00f3mo se ir\u00e1 avanzando en la fortaleza de la Guardia Nacional y en el objetivo principal que les otorga el 5\u00ba transitorio para concentrar a la Fuerza Armada Permanente en el 2028\u201d. Una pregunta no sobra, la secretaria de Seguridad y Protecci\u00f3n Ciudadana, <strong>Rosa Icela Rodr\u00edguez<\/strong>, \u00bfhabr\u00e1 salido con eso de que la maravillosa pol\u00edtica lopezobradorista de los \u201cabrazos, no balazos\u201d, s\u00ed funciona?<\/p>\n<p>*** Atento a los movimientos que en los \u00faltimos d\u00edas en Coahuila ha experimentado el Partido Verde y el del Trabajo, el secretario de Relaciones Exteriores<strong>, Marcelo Ebrard<\/strong>, se cuida mucho en el \u00e1rduo camino hacia la elecci\u00f3n presidencial de 2024. Por eso, el canciller le mete una especie de \u201cpiedra\u201d ni m\u00e1s ni menos que a la flamante jefa de Gobierno de la Ciudad de M\u00e9xico, Claudia Sheinbaum al plantear ayer, durante su participaci\u00f3n en la exhibici\u00f3n, \u201cLa participaci\u00f3n de M\u00e9xico en las Operaciones de Paz de la ONU y su contribuci\u00f3n a la agenda de las Mujeres\u201d, que mucho le gustar\u00eda que otra mujer se lanzara a la contienda presidencial morenista de 2024, algo que sin duda dej\u00f3 pensando mucho a la funcionaria capitalina, que ya se cre\u00e9 la \u00fanica y consentida de Palacio Nacional. \u201cA ver si brinca\u201d, pidi\u00f3 el titular de la SRE, pero lo m\u00e1s probable es que no, m\u00e1s a\u00fan, si partimos del contexto de que todos en Morena se supone que estar\u00edan m\u00e1s que alineados a lo que determine el elector mayor y jefe de campa\u00f1a del oficialismo. Por otro lado, no hay que olvidar que del lado del PAN est\u00e1 Lilly T\u00e9llez, quien est\u00e1 muy segura de alcanzar esa posici\u00f3n, pero lo cierto es que todo puede pasar. Por cierto, llama la atenci\u00f3n que en las bardas que el canciller Ebrard ha vuelto a pintar en la CDMX, junto, aparezca aquello de \u201cEs Rosa Icela\u201d, en referencia de que la secretaria ir\u00e1 con todo por la jefatura de la capital de la Rep\u00fablica \u00a1Qu\u00e9 tal!<\/p>\n<p><u><a href=\"mailto:morcora@gmail.com\" target=\"_blank\" rel=\"noopener noreferrer\"><em>morcora@gmail.com<\/em><\/a><\/u><\/p>\n","protected":false},"excerpt":{"rendered":"<p><span style=\"color: #005497;\"><strong>Adriana Moreno Cordero<\/strong><\/span><\/p>\n","protected":false},"author":3,"featured_media":0,"comment_status":"open","ping_status":"open","sticky":false,"template":"","format":"standard","meta":{"_monsterinsights_skip_tracking":false,"_monsterinsights_sitenote_active":false,"_monsterinsights_sitenote_note":"","_monsterinsights_sitenote_category":0,"footnotes":""},"categories":[69370],"tags":[69369,69368,43674],"class_list":["post-585541","post","type-post","status-publish","format-standard","hentry","category-adriana-moreno-cordero","tag-adriana-moreno-cordero","tag-la-retaguardia","tag-opinion"],"_links":{"self":[{"href":"https:\/\/www.diarioimagen.net\/index.php?rest_route=\/wp\/v2\/posts\/585541","targetHints":{"allow":["GET"]}}],"collection":[{"href":"https:\/\/www.diarioimagen.net\/index.php?rest_route=\/wp\/v2\/posts"}],"about":[{"href":"https:\/\/www.diarioimagen.net\/index.php?rest_route=\/wp\/v2\/types\/post"}],"author":[{"embeddable":true,"href":"https:\/\/www.diarioimagen.net\/index.php?rest_route=\/wp\/v2\/users\/3"}],"replies":[{"embeddable":true,"href":"https:\/\/www.diarioimagen.net\/index.php?rest_route=%2Fwp%2Fv2%2Fcomments&post=585541"}],"version-history":[{"count":0,"href":"https:\/\/www.diarioimagen.net\/index.php?rest_route=\/wp\/v2\/posts\/585541\/revisions"}],"wp:attachment":[{"href":"https:\/\/www.diarioimagen.net\/index.php?rest_route=%2Fwp%2Fv2%2Fmedia&parent=585541"}],"wp:term":[{"taxonomy":"category","embeddable":true,"href":"https:\/\/www.diarioimagen.net\/index.php?rest_route=%2Fwp%2Fv2%2Fcategories&post=585541"},{"taxonomy":"post_tag","embeddable":true,"href":"https:\/\/www.diarioimagen.net\/index.php?rest_route=%2Fwp%2Fv2%2Ftags&post=585541"}],"curies":[{"name":"wp","href":"https:\/\/api.w.org\/{rel}","templated":true}]}}