{"id":585639,"date":"2023-06-01T00:05:57","date_gmt":"2023-06-01T06:05:57","guid":{"rendered":"https:\/\/www.diarioimagen.net\/?p=585639"},"modified":"2023-06-02T01:09:48","modified_gmt":"2023-06-02T07:09:48","slug":"katia-castillo-bustos-judoka-uaemex-clasifica-a-juegos-centroamericanos-y-del-caribe","status":"publish","type":"post","link":"https:\/\/www.diarioimagen.net\/?p=585639","title":{"rendered":"Katia Castillo Bustos, judoka UAEM\u00e9x, clasifica a Juegos Centroamericanos y del Caribe"},"content":{"rendered":"<p>&nbsp;<\/p>\n<div id=\"attachment_585727\" style=\"width: 470px\" class=\"wp-caption aligncenter\"><a href=\"https:\/\/www.diarioimagen.net\/?attachment_id=585727\" rel=\"attachment wp-att-585727\"><img loading=\"lazy\" decoding=\"async\" aria-describedby=\"caption-attachment-585727\" class=\"size-full wp-image-585727\" src=\"https:\/\/www.diarioimagen.net\/wp-content\/uploads\/2023\/06\/uaem-katia-castillo.jpg\" alt=\"\" width=\"460\" height=\"270\" \/><\/a><p id=\"caption-attachment-585727\" class=\"wp-caption-text\">Esta competencia le servir\u00e1 de fogueo, con la intenci\u00f3n de que pueda conseguir su pase a los Juegos Panamericanos, a celebrarse en Per\u00fa, en octubre.<\/p><\/div>\n<p>&nbsp;<\/p>\n<p><strong>Toluca, Estado de M\u00e9xico.\u2013<\/strong> La judoka de la Universidad Aut\u00f3noma del Estado de M\u00e9xico (UAEM\u00e9x), Katia Castillo Bustos estar\u00e1 portando los colores de la Selecci\u00f3n Mexicana dentro de los Juegos Centroamericanos y del Caribe, a celebrarse en San Salvador, a finales del mes de junio.<\/p>\n<p>La propia Federaci\u00f3n Mexicana de Judo dio a conocer que Castillo Bustos cuenta con su boleto para estar en la categor\u00eda de los 70 kilogramos, primera ocasi\u00f3n en que la atleta participar\u00e1 en dicha clasificaci\u00f3n.<\/p>\n<p>El entrenador de la Aut\u00f3noma mexiquense, Carlos Alberto Garc\u00eda Montes de Oca, se dijo satisfecho por este logro de la alumna de la Licenciatura en Ciencias Ambientales de la Facultad de Planeaci\u00f3n Urbana y Regional de la UAEM\u00e9x.<\/p>\n<p>\u201cEstamos muy contentos por la clasificaci\u00f3n de Katia Castillo, ya que desde hace tiempo ven\u00eda buscando este pase a los Juegos Centroamericanos y del Caribe, ahora dentro de la categor\u00eda de los 70 kilogramos, por lo que ten\u00eda que sumar puntos y pudo conseguirlo al quedar clasificada en el sexto lugar del ranking y ya cuenta con su boleto\u201d, coment\u00f3 el entrenador universitario.<\/p>\n<p>Se tiene previsto que en este certamen Katia Castillo pueda quedar ubicada dentro de los primeros cinco lugares en su categor\u00eda, dentro de la competencia.<\/p>\n<p>\u201cEsperamos que le vaya muy bien. Es su primer evento dentro de la categor\u00eda de los 70 kilogramos. Ser\u00e1 complicado, dif\u00edcil, ya que hay judokas de mucha experiencia en esta categor\u00eda, pero estar en unos Juegos Centroamericanos es un primer paso\u201d, detall\u00f3 Carlos Garc\u00eda.<\/p>\n<p>Agreg\u00f3 que esta competencia le servir\u00e1 de fogueo, con la intenci\u00f3n de que pueda conseguir su pase a los Juegos Panamericanos, a celebrarse en Per\u00fa, en octubre.<\/p>\n","protected":false},"excerpt":{"rendered":"<p>La judoka de la Universidad Aut\u00f3noma del Estado de M\u00e9xico (UAEM\u00e9x), Katia Castillo Bustos estar\u00e1 portando los colores de la Selecci\u00f3n Mexicana dentro de los Juegos Centroamericanos y del Caribe, a celebrarse en San Salvador, a finales del mes de junio.<\/p>\n","protected":false},"author":3,"featured_media":585727,"comment_status":"open","ping_status":"open","sticky":false,"template":"","format":"standard","meta":{"_monsterinsights_skip_tracking":false,"_monsterinsights_sitenote_active":false,"_monsterinsights_sitenote_note":"","_monsterinsights_sitenote_category":0,"footnotes":""},"categories":[5],"tags":[97589,67878],"class_list":["post-585639","post","type-post","status-publish","format-standard","has-post-thumbnail","hentry","category-estado-de-mexico","tag-judoka","tag-uaemex"],"_links":{"self":[{"href":"https:\/\/www.diarioimagen.net\/index.php?rest_route=\/wp\/v2\/posts\/585639","targetHints":{"allow":["GET"]}}],"collection":[{"href":"https:\/\/www.diarioimagen.net\/index.php?rest_route=\/wp\/v2\/posts"}],"about":[{"href":"https:\/\/www.diarioimagen.net\/index.php?rest_route=\/wp\/v2\/types\/post"}],"author":[{"embeddable":true,"href":"https:\/\/www.diarioimagen.net\/index.php?rest_route=\/wp\/v2\/users\/3"}],"replies":[{"embeddable":true,"href":"https:\/\/www.diarioimagen.net\/index.php?rest_route=%2Fwp%2Fv2%2Fcomments&post=585639"}],"version-history":[{"count":0,"href":"https:\/\/www.diarioimagen.net\/index.php?rest_route=\/wp\/v2\/posts\/585639\/revisions"}],"wp:featuredmedia":[{"embeddable":true,"href":"https:\/\/www.diarioimagen.net\/index.php?rest_route=\/wp\/v2\/media\/585727"}],"wp:attachment":[{"href":"https:\/\/www.diarioimagen.net\/index.php?rest_route=%2Fwp%2Fv2%2Fmedia&parent=585639"}],"wp:term":[{"taxonomy":"category","embeddable":true,"href":"https:\/\/www.diarioimagen.net\/index.php?rest_route=%2Fwp%2Fv2%2Fcategories&post=585639"},{"taxonomy":"post_tag","embeddable":true,"href":"https:\/\/www.diarioimagen.net\/index.php?rest_route=%2Fwp%2Fv2%2Ftags&post=585639"}],"curies":[{"name":"wp","href":"https:\/\/api.w.org\/{rel}","templated":true}]}}