{"id":585661,"date":"2023-06-01T00:01:36","date_gmt":"2023-06-01T06:01:36","guid":{"rendered":"https:\/\/www.diarioimagen.net\/?p=585661"},"modified":"2023-06-01T23:19:18","modified_gmt":"2023-06-02T05:19:18","slug":"continua-venta-de-vapeadores-que-son-un-riesgo-para-la-salud","status":"publish","type":"post","link":"https:\/\/www.diarioimagen.net\/?p=585661","title":{"rendered":"Contin\u00faa venta de vapeadores, que son un riesgo para la salud"},"content":{"rendered":"<h2>Derecho de r\u00e9plica<\/h2>\n<h5>Jos\u00e9 Luis Monta\u00f1ez<\/h5>\n<p>&nbsp;<\/p>\n<ul>\n<li><strong><em>A un a\u00f1o desde el decreto presidencial que proh\u00edbe estos aparatos<\/em><\/strong><\/li>\n<\/ul>\n<p>&nbsp;<\/p>\n<div id=\"attachment_585736\" style=\"width: 470px\" class=\"wp-caption aligncenter\"><a href=\"https:\/\/www.diarioimagen.net\/?attachment_id=585736\" rel=\"attachment wp-att-585736\"><img loading=\"lazy\" decoding=\"async\" aria-describedby=\"caption-attachment-585736\" class=\"size-full wp-image-585736\" src=\"https:\/\/www.diarioimagen.net\/wp-content\/uploads\/2023\/06\/Derecho.jpg\" alt=\"\" width=\"460\" height=\"270\" \/><\/a><p id=\"caption-attachment-585736\" class=\"wp-caption-text\">Se ha cumplido un a\u00f1o del decreto presidencial que proh\u00edbe la circulaci\u00f3n y comercializaci\u00f3n de vapeadores.<\/p><\/div>\n<p>&nbsp;<\/p>\n<p>El tema de los vapeadores se volvi\u00f3 pol\u00e9mico una vez que se dieron a conocer los da\u00f1os que representan para la salud, es por ello que se anunci\u00f3 su prohibici\u00f3n en todo el pa\u00eds, con el fin de salvaguardar el bienestar sobre todo de los j\u00f3venes, que son los m\u00e1s expuestos a este tipo de artefactos y que a toda costa siguen consigui\u00e9ndolos.<\/p>\n<p>Se ha cumplido un a\u00f1o desde el decreto presidencial que proh\u00edbe la circulaci\u00f3n y comercializaci\u00f3n de vapeadores, cigarrillos electr\u00f3nicos y dem\u00e1s dispositivos similares, no obstante, la venta ilegal de dichos productos nocivos para la salud contin\u00faa en gran parte del pa\u00eds.<\/p>\n<p>En este sentido, la Comisi\u00f3n Federal para la Protecci\u00f3n contra Riesgos Sanitarios (Cofepris) dio a conocer que ya han realizado tres mil 740 visitas de verificaci\u00f3n a negocios de Quintana Roo y en otros estados, resultando en 183 suspensiones de negocios por seguir comercializando este tipo de aparatos, que representan un gran da\u00f1o para la salud.<\/p>\n<p>Del mismo modo, durante los \u00faltimos 12 meses se han asegurado m\u00e1s de 121 mil piezas de vapeadores y similares en establecimientos y m\u00e1quinas expendedoras.<\/p>\n<p>La Cofepris agreg\u00f3 que ha recibido mil 200 denuncias ciudadanas, de las cuales 774 est\u00e1n relacionadas con reportes de venta y 426 con publicidad de este tipo de dispositivos, por lo que se dan a la tarea de investigar en cada una de las denuncias para erradicar el problema.<\/p>\n<p style=\"text-align: center;\"><strong>Aun sin nicotina son perjudiciales para la salud<\/strong><\/p>\n<p>Especialistas involucrados en el tema del tabaquismo advierten que si bien estos dispositivos se venden sin nicotina, el vapor que producen no es inocuo como se intenta publicitar. Aun sin nicotina son perjudiciales para la salud. La bater\u00eda calienta un l\u00edquido con mezcla de aceite y esa bater\u00eda elimina cadmio y n\u00edquel, metales pesados. Asimismo, hay sustancias qu\u00edmicas potencialmente cancer\u00edgenas o saborizantes vinculadas a enfermedades graves de los pulmones. El problema, es que todav\u00eda no se conoce el peaje real que pasar\u00e1 esta moda del vapeo.<\/p>\n<p>Por su parte, el doctor Jos\u00e9 Padua Garc\u00eda, neum\u00f3logo e internista del Centro M\u00e9dico ABC, indica que los vapeadores y los cigarrillos electr\u00f3nicos pueden producir adicci\u00f3n de igual manera que un cigarro convencional, debido a que contienen nicotina y es posible que esta adicci\u00f3n surja desde la primera o segunda ingesta.<\/p>\n<p>Los dispositivos conllevan adem\u00e1s otros riesgos a la salud, al contar con sustancias carcin\u00f3genas, es decir, que pueden producir c\u00e1ncer. Es importante mencionar que los saborizantes los vuelven m\u00e1s atractivos para su consumo \u201cLos aerosoles de la mayor\u00eda de los sistemas electr\u00f3nicos de suministro de nicotina (ENDS) contienen productos qu\u00edmicos t\u00f3xicos, incluida la nicotina y sustancias que pueden causar c\u00e1ncer, adem\u00e1s est\u00e1n asociados con un mayor riesgo de enfermedades cardiovasculares y trastornos pulmonares. Tambi\u00e9n se presentan riesgos significativos para las mujeres embarazadas que los usan, ya que pueden generar efectos adversos en el desarrollo del feto durante el embarazo\u201d, coment\u00f3.<\/p>\n<p style=\"text-align: center;\"><strong>Hoteleros contra el PDU de Canc\u00fan <\/strong><\/p>\n<p>En otro tema, Jes\u00fas Almaguer Salazar,presidente de la Asociaci\u00f3n de Hoteles de Canc\u00fan, Puerto Morelos e Isla Mujeres, insiste en que sus agremiados se encuentran en completa oposici\u00f3n al Programa de Desarrollo Urbano (PDU) de Canc\u00fan, lo que hicieron saber a trav\u00e9s de un documento dirigido presidente Andr\u00e9s Manuel L\u00f3pez Obrador.<\/p>\n<p>El l\u00edder hotelero refiere en el documento enviado, que hacen p\u00fablica su negativa de aceptar la imposici\u00f3n de un PDU aprobado por el anterior cabildo en los \u00faltimos d\u00edas de ese gobierno, pues argumentan que representa m\u00faltiples efectos negativos para la ciudad y su desarrollo.<\/p>\n<p>De manera textual explican: \u201cLa autorizaci\u00f3n de este PDU tendr\u00eda efectos perniciosos muy graves para nuestra ciudad como destino tur\u00edstico, que es la fuente de manutenci\u00f3n y vida de todos los habitantes de Canc\u00fan\u201d.<\/p>\n<p>Asimismo, destacan que el PDU contempla la construcci\u00f3n de alrededor de mil 600 viviendas y 300 locales en el pol\u00edgono del campo de golf Pok Ta Pok. \u201cEs algo inaceptable, pues atenta gravemente contra la sostenibilidad de la zona\u201d, aseguran los involucrados.<\/p>\n<p>Aseguran que lo anterior aumentar\u00e1 la saturaci\u00f3n de los sistemas de drenaje y alcantarillado, generando que la zona hotelera colapse, es decir, que no habr\u00e1 servicios b\u00e1sicos para todos aquellos que lleguen a asentarse en esta zona de la ciudad.<\/p>\n<p>Del mismo modo, advierten que por la demanda excesiva de servicios del Bulevar Kukulc\u00e1n, es muy posible que las aguas negras broten por las alcantarillas y ba\u00f1os de los establecimientos contaminando la laguna Nichupt\u00e9. \u201cConfiamos en que la actual administraci\u00f3n municipal no autorice el proyecto y contemple un PDU planeado con sustento a favor de los ciudadanos, colaboradores, empresarios y contribuya a las obras p\u00fablicas que se est\u00e1n realizando en Canc\u00fan\u201d, refieren.<\/p>\n<p>Finalmente, el texto concluye con una invitaci\u00f3n a que el gobierno federal sea vigilante de contar con un instrumento que promueva un medio ambiente sano para los quintanarroenses y visitantes. \u201cRecurrimos a usted para que el gobierno que encabeza est\u00e9 vigilante de que el nuevo PDU respete el medio ambiente y la sostenibilidad\u201d.<\/p>\n<p style=\"text-align: center;\"><strong>El PDU no afecta obras federales <\/strong><\/p>\n<p>Por otro lado, la determinaci\u00f3n de conceder amparo y protecci\u00f3n emitida por parte del Juzgado Quinto de Distrito en el Estado de Quintana Roo respecto al Programa de Desarrollo Urbano del Centro de Poblaci\u00f3n de Canc\u00fan, ya ha sido notificada al Ayuntamiento de Benito Ju\u00e1rez, no obstante, la autoridad municipal aclara que dicha sentencia no es firme y no afecta a los proyectos federales y estatales en actual ejecuci\u00f3n.<\/p>\n<p>Argumentan que la finalidad del amparo es reponer el procedimiento para que se emita el referido programa de PDU, cumpliendo con diversos requerimientos, mientras tanto. se permite que se siga aplic\u00e1ndose el referido Programa anterior.<\/p>\n<p>Se argumenta tambi\u00e9n que el PDU est\u00e1 legalmente sustentado y fue aprobado por el Cabildo de Benito Ju\u00e1rez en 2022, aseguran que no hay omisi\u00f3n ni se falt\u00f3 a ninguna disposici\u00f3n legal existente y es que el proceso de integraci\u00f3n del PDU fue abierto a expertos y a personas interesadas a trav\u00e9s de una consulta p\u00fablica.<\/p>\n<p>Ana patricia Peralta, presidenta municipal, declar\u00f3: \u201cEs un documento sustentado, que cumpli\u00f3 las disposiciones legales, por lo que este Ayuntamiento presentar\u00e1 un recurso de revisi\u00f3n ante la autoridad judicial que analizar\u00e1 el caso para aclarar dicho proceso, mientras tanto es el documento legal vigente que rige el desarrollo de Canc\u00fan en la actualidad\u201d.<\/p>\n<p>A esto a\u00f1ade que \u201cSomos respetuosos y reconocemos el derecho de la ciudadan\u00eda a presentar sus controversias contra la acci\u00f3n de la autoridad pues eso es condici\u00f3n de la democracia, sin embargo, como \u00f3rgano colegiado, el Cabildo tiene la certeza de que el procedimiento para integrar el Programa de Desarrollo Urbano se apeg\u00f3 a lo establece la ley y las pr\u00e1cticas democr\u00e1ticas de participaci\u00f3n ciudadana\u201d.<\/p>\n<p>De tal manera que, en el ejercicio democr\u00e1tico del Estado de Derecho, informaron que este municipio presentar\u00e1 los recursos y acciones legales correspondientes, ya que se considera que el PDU cumple a cabalidad con la normativa local y federal, as\u00ed como que su emisi\u00f3n fue apegada a los est\u00e1ndares adecuados para su vigencia y ejecuci\u00f3n.<\/p>\n<p><em>Escr\u00edbame a mi mail: <a href=\"mailto:montanezaguilar@gmail.com\" target=\"_blank\" rel=\"noopener noreferrer\">montanezaguilar@gmail.com<\/a><\/em><\/p>\n","protected":false},"excerpt":{"rendered":"<p><span style=\"color: #005497;\"><strong>Jos\u00e9 Luis Monta\u00f1ez<\/strong><\/span><br \/>\n<br \/>\nEl tema de los vapeadores se volvi\u00f3 pol\u00e9mico una vez que se dieron a conocer los da\u00f1os que representan para la salud, es por ello que se anunci\u00f3 su prohibici\u00f3n en todo el pa\u00eds, con el fin de salvaguardar el bienestar sobre todo de los j\u00f3venes, que son los m\u00e1s expuestos a este tipo de artefactos y que a toda costa siguen consigui\u00e9ndolos.<\/p>\n","protected":false},"author":3,"featured_media":585736,"comment_status":"open","ping_status":"open","sticky":false,"template":"","format":"standard","meta":{"_monsterinsights_skip_tracking":false,"_monsterinsights_sitenote_active":false,"_monsterinsights_sitenote_note":"","_monsterinsights_sitenote_category":0,"footnotes":""},"categories":[11622,25512],"tags":[47840,54579,43674],"class_list":["post-585661","post","type-post","status-publish","format-standard","has-post-thumbnail","hentry","category-jose-luis-montanez-aguilar","category-nacional-nacional","tag-derecho-de-replica","tag-jose-luis-montanez","tag-opinion"],"_links":{"self":[{"href":"https:\/\/www.diarioimagen.net\/index.php?rest_route=\/wp\/v2\/posts\/585661","targetHints":{"allow":["GET"]}}],"collection":[{"href":"https:\/\/www.diarioimagen.net\/index.php?rest_route=\/wp\/v2\/posts"}],"about":[{"href":"https:\/\/www.diarioimagen.net\/index.php?rest_route=\/wp\/v2\/types\/post"}],"author":[{"embeddable":true,"href":"https:\/\/www.diarioimagen.net\/index.php?rest_route=\/wp\/v2\/users\/3"}],"replies":[{"embeddable":true,"href":"https:\/\/www.diarioimagen.net\/index.php?rest_route=%2Fwp%2Fv2%2Fcomments&post=585661"}],"version-history":[{"count":0,"href":"https:\/\/www.diarioimagen.net\/index.php?rest_route=\/wp\/v2\/posts\/585661\/revisions"}],"wp:featuredmedia":[{"embeddable":true,"href":"https:\/\/www.diarioimagen.net\/index.php?rest_route=\/wp\/v2\/media\/585736"}],"wp:attachment":[{"href":"https:\/\/www.diarioimagen.net\/index.php?rest_route=%2Fwp%2Fv2%2Fmedia&parent=585661"}],"wp:term":[{"taxonomy":"category","embeddable":true,"href":"https:\/\/www.diarioimagen.net\/index.php?rest_route=%2Fwp%2Fv2%2Fcategories&post=585661"},{"taxonomy":"post_tag","embeddable":true,"href":"https:\/\/www.diarioimagen.net\/index.php?rest_route=%2Fwp%2Fv2%2Ftags&post=585661"}],"curies":[{"name":"wp","href":"https:\/\/api.w.org\/{rel}","templated":true}]}}