{"id":585768,"date":"2023-06-02T00:05:29","date_gmt":"2023-06-02T06:05:29","guid":{"rendered":"https:\/\/www.diarioimagen.net\/?p=585768"},"modified":"2023-06-05T00:52:10","modified_gmt":"2023-06-05T06:52:10","slug":"exponen-en-la-uaemex-estetica-del-impostor-del-artista-visual-jose-luis-vera","status":"publish","type":"post","link":"https:\/\/www.diarioimagen.net\/?p=585768","title":{"rendered":"Exponen en la UAEM\u00e9x \u201cEst\u00e9tica del Impostor\u201d, del artista visual Jos\u00e9 Luis Vera"},"content":{"rendered":"<p><em>\u00a0<\/em><\/p>\n<ul>\n<li><strong><em>Estar\u00e1 abierta al p\u00fablico durante mayo, junio y julio<\/em><\/strong><\/li>\n<\/ul>\n<p><strong>\u00a0<\/strong><\/p>\n<div id=\"attachment_585851\" style=\"width: 470px\" class=\"wp-caption aligncenter\"><a href=\"https:\/\/www.diarioimagen.net\/?attachment_id=585851\" rel=\"attachment wp-att-585851\"><img loading=\"lazy\" decoding=\"async\" aria-describedby=\"caption-attachment-585851\" class=\"size-full wp-image-585851\" src=\"https:\/\/www.diarioimagen.net\/wp-content\/uploads\/2023\/06\/uaem-exponen.jpg\" alt=\"\" width=\"460\" height=\"270\" \/><\/a><p id=\"caption-attachment-585851\" class=\"wp-caption-text\">\u201cEst\u00e9tica del impostor\u201d est\u00e1 expuesta en la Galer\u00eda D\u00e9lfica de la UAEM\u00e9x.<\/p><\/div>\n<p>&nbsp;<\/p>\n<p><strong>Toluca, Estado de M\u00e9xico.\u2013<\/strong> Expresar y comunicar desde el dibujo la cotidianidad que nos rodea es lo que se puede apreciar en la exposici\u00f3n \u201cEst\u00e9tica del Impostor\u201d, conformada por 50 piezas y una obra \u201cIn situ\u201d del artista pl\u00e1stico, docente e investigador de la Universidad Aut\u00f3noma del Estado de M\u00e9xico (UAEM\u00e9x), Jos\u00e9 Luis Vera, y que puede ser visitada en la Galer\u00eda D\u00e9lfica.<\/p>\n<p>Vera comparti\u00f3 que \u201cEst\u00e9tica del Impostor\u201d es una selecci\u00f3n de obras que ha realizado durante siete a\u00f1os de trabajo y tiene como eje central el dibujo desde diferentes formatos, t\u00e9cnicas y modos de abordar varias tem\u00e1ticas de la vida cotidiana asumida desde una perspectiva po\u00e9tica.<\/p>\n<p>Asimismo, el artista visual explic\u00f3 que \u201cEst\u00e9tica del Impostor\u201d es un nombre que busca representar su sentir con respecto a lo que implica el arte, al referir que desde su percepci\u00f3n el arte ha dejado de interesar a la sociedad, lo que lo lleva a cuestionar la funci\u00f3n de su actividad.<\/p>\n<p>\u201cAl pensar en el nombre me vino a la mente la funci\u00f3n y el sentido que tiene el arte en un mundo que no le interesa esto, que es muy dif\u00edcil y que estamos sometidos a un espacio de enajenaci\u00f3n y entonces, de pronto, la figura del artista parece como que no tiene una raz\u00f3n de ser, como que no tiene una funci\u00f3n concreta. Bueno, eso es lo que me pasa y tambi\u00e9n ligado a ese desperfecto psicol\u00f3gico que se le llama el s\u00edndrome del impostor es un poco\u00a0 como eso. Yo me siento as\u00ed, siento que lo que yo hago no tiene una raz\u00f3n de ser en funci\u00f3n de confrontar esa visi\u00f3n personal con el mundo real\u201d, indic\u00f3.<\/p>\n<p>En cuanto, a la obra \u201cin situ\u201d o hecha en el lugar, Vera indic\u00f3 que en todas las exposiciones que ha participado ha realizado obras completas en el propio lugar, pese a que estas son ef\u00edmeras porque el espacio en el que se plasma ser\u00e1 renovado.<\/p>\n<p>\u201cY en in situ es una especie de s\u00edntesis de todo lo que trabajo en los \u00faltimos dos o tres a\u00f1os, que tiene que ver con el humo que se consume\u201d, detall\u00f3.<\/p>\n<p>Para Vera el dibujo es la base de las artes visuales y no solo tiene el prop\u00f3sito de expresar sino tambi\u00e9n de comunicar, por lo que desde esa perspectiva, considera que deber\u00eda ser parte de la formaci\u00f3n en todas las \u00e1reas donde se producen im\u00e1genes como profesi\u00f3n.<\/p>\n<p>El artista visual invit\u00f3 a visitar la exposici\u00f3n, la cual seguir\u00e1 abierta al p\u00fablica durante los meses de mayo, junio y julio en la Galer\u00eda D\u00e9lfica de la UAEM\u00e9x. Refiri\u00f3 que es apta para todo p\u00fablico porque sus obras pueden ser interpretadas de distintas formas.<\/p>\n","protected":false},"excerpt":{"rendered":"<p>Expresar y comunicar desde el dibujo la cotidianidad que nos rodea es lo que se puede apreciar en la exposici\u00f3n \u201cEst\u00e9tica del Impostor\u201d, conformada por 50 piezas y una obra \u201cIn situ\u201d del artista pl\u00e1stico, docente e investigador de la Universidad Aut\u00f3noma del Estado de M\u00e9xico (UAEM\u00e9x), Jos\u00e9 Luis Vera, y que puede ser visitada en la Galer\u00eda D\u00e9lfica.<\/p>\n","protected":false},"author":3,"featured_media":585851,"comment_status":"open","ping_status":"open","sticky":false,"template":"","format":"standard","meta":{"_monsterinsights_skip_tracking":false,"_monsterinsights_sitenote_active":false,"_monsterinsights_sitenote_note":"","_monsterinsights_sitenote_category":0,"footnotes":""},"categories":[5],"tags":[91159,67878,72205],"class_list":["post-585768","post","type-post","status-publish","format-standard","has-post-thumbnail","hentry","category-estado-de-mexico","tag-artista","tag-uaemex","tag-visual"],"_links":{"self":[{"href":"https:\/\/www.diarioimagen.net\/index.php?rest_route=\/wp\/v2\/posts\/585768","targetHints":{"allow":["GET"]}}],"collection":[{"href":"https:\/\/www.diarioimagen.net\/index.php?rest_route=\/wp\/v2\/posts"}],"about":[{"href":"https:\/\/www.diarioimagen.net\/index.php?rest_route=\/wp\/v2\/types\/post"}],"author":[{"embeddable":true,"href":"https:\/\/www.diarioimagen.net\/index.php?rest_route=\/wp\/v2\/users\/3"}],"replies":[{"embeddable":true,"href":"https:\/\/www.diarioimagen.net\/index.php?rest_route=%2Fwp%2Fv2%2Fcomments&post=585768"}],"version-history":[{"count":0,"href":"https:\/\/www.diarioimagen.net\/index.php?rest_route=\/wp\/v2\/posts\/585768\/revisions"}],"wp:featuredmedia":[{"embeddable":true,"href":"https:\/\/www.diarioimagen.net\/index.php?rest_route=\/wp\/v2\/media\/585851"}],"wp:attachment":[{"href":"https:\/\/www.diarioimagen.net\/index.php?rest_route=%2Fwp%2Fv2%2Fmedia&parent=585768"}],"wp:term":[{"taxonomy":"category","embeddable":true,"href":"https:\/\/www.diarioimagen.net\/index.php?rest_route=%2Fwp%2Fv2%2Fcategories&post=585768"},{"taxonomy":"post_tag","embeddable":true,"href":"https:\/\/www.diarioimagen.net\/index.php?rest_route=%2Fwp%2Fv2%2Ftags&post=585768"}],"curies":[{"name":"wp","href":"https:\/\/api.w.org\/{rel}","templated":true}]}}