{"id":585770,"date":"2023-06-02T00:01:42","date_gmt":"2023-06-02T06:01:42","guid":{"rendered":"https:\/\/www.diarioimagen.net\/?p=585770"},"modified":"2023-06-05T00:56:24","modified_gmt":"2023-06-05T06:56:24","slug":"reconoce-amlo-que-su-sexenio-es-el-mas-violento-en-la-historia-reciente-del-pais","status":"publish","type":"post","link":"https:\/\/www.diarioimagen.net\/?p=585770","title":{"rendered":"Reconoce AMLO que su sexenio es el m\u00e1s violento en la historia reciente del pa\u00eds"},"content":{"rendered":"<p>&nbsp;<\/p>\n<h3 style=\"text-align: center;\">Se han registrado m\u00e1s de 156 mil 136 asesinatos<\/h3>\n<p>&nbsp;<\/p>\n<ul>\n<li><strong><em>Acus\u00f3 que esto es debido a la \u201cmala herencia\u201d que le dejaron gobiernos anteriores<\/em><\/strong><\/li>\n<\/ul>\n<p>&nbsp;<\/p>\n<div id=\"attachment_585855\" style=\"width: 470px\" class=\"wp-caption aligncenter\"><a href=\"https:\/\/www.diarioimagen.net\/?attachment_id=585855\" rel=\"attachment wp-att-585855\"><img loading=\"lazy\" decoding=\"async\" aria-describedby=\"caption-attachment-585855\" class=\"size-full wp-image-585855\" src=\"https:\/\/www.diarioimagen.net\/wp-content\/uploads\/2023\/06\/amlo-1.jpg\" alt=\"\" width=\"460\" height=\"270\" \/><\/a><p id=\"caption-attachment-585855\" class=\"wp-caption-text\">El presidente Andr\u00e9s Manuel L\u00f3pez Obrador reconoci\u00f3 que su sexenio es el que tiene m\u00e1s homicidios en la historia reciente.<\/p><\/div>\n<p>&nbsp;<\/p>\n<p>Con m\u00e1s de 156 mil 136 homicidios violentos hasta esta semana, M\u00e9xico es ya el sexenio m\u00e1s violento de la historia reciente del pa\u00eds, reconoci\u00f3 el presidente Andr\u00e9s Manuel L\u00f3pez Obrador, pero acus\u00f3 que estas cifras son debido a la \u201cmala herencia\u201d que le dejaron los gobiernos anteriores.<\/p>\n<p>Desde Ciudad Madero, Tamaulipas, en las instalaciones de la Primera Regi\u00f3n Naval, el titular del Ejecutivo federal acus\u00f3 a sus antecesores de haber creado estos grupos criminales, pues acus\u00f3 que hab\u00eda un \u201cnarco-Estado\u201d.<\/p>\n<p>\u201cAhora nos dicen `\u00a1Qu\u00e9 barbaridad, el gobierno de ahora es el que tiene m\u00e1s homicidios!\u00b4 S\u00ed, pero por qu\u00e9 no pones la l\u00e1mina de homicidios (le instruy\u00f3 a su vocero Jes\u00fas Ram\u00edrez) que vean c\u00f3mo nos dejaron el pa\u00eds, porque este es un mala herencia en seguridad, pero as\u00ed nos dejaron salud, educaci\u00f3n y as\u00ed nos dejaron todo.<\/p>\n<p>\u201cEl pa\u00eds estaba en bancarrota, el pa\u00eds estaba inmerso en un decadencia, ni siquiera era una crisis, era una decadencia y por eso, frente a una decadencia, lo \u00fanico que deb\u00eda hacerse era llevar a cabo un proceso de transformaci\u00f3n, arrancar de ra\u00edz a la corrupci\u00f3n y eso no les ha gustado a los que antes se sent\u00edan los due\u00f1os de M\u00e9xico y son los responsables de la tragedia nacional\u201d, dijo en su conferencia ma\u00f1anera.<\/p>\n<p>\u201cDeber\u00edan estar ofreciendo disculpas, aqu\u00ed en Tamaulipas, cu\u00e1ntos gobernantes mediocres, ladrones, por eso celebro que despu\u00e9s de a\u00f1os los tamaulipecos, mujeres y hombres hayan decidido tener un gobernador honesto, \u00edntegro, decente, no malandr\u00edn, para decirlo con toda claridad\u201d, se\u00f1al\u00f3 el Presidente.<\/p>\n<p>Dijo que fueron los antecesores quienes crearon las bandas y grupos criminales y los cuales se fueron \u201cconsolidando\u201d por la impunidad y por las complicidades de las autoridades y puso de ejemplo a Genaro Garc\u00eda Luna, exsecretario de Seguridad P\u00fablica en el sexenio de Felipe Calder\u00f3n y hoy recluido en Estados Unidos por nexos con el narcotr\u00e1fico.<\/p>\n<p>El primer mandatario reconoci\u00f3 que ha costado mucho a su gobierno el atender el problema del homicidio doloso, pero confi\u00f3 en que siga bajando los incidentes de este delito.<\/p>\n<p>El pasado 25 de mayo, la administraci\u00f3n del presidente Andr\u00e9s Manuel L\u00f3pez Obrador impuso r\u00e9cord de 156 mil 136 asesinatos registrados en el periodo de diciembre de 2018 al 24 de mayo de 2023, por lo que es ya el sexenio m\u00e1s violento de la historia reciente de M\u00e9xico. Seg\u00fan cifras del Instituto Nacional de Estad\u00edstica y Geograf\u00eda (Inegi), del Secretariado Ejecutivo del Sistema Nacional de Seguridad P\u00fablica (Sesnsp) y del Reporte Diario de la Secretar\u00eda de Seguridad y Protecci\u00f3n Ciudadana (SSPC), la llamada Cuarta Transformaci\u00f3n, creadora de la estrategia \u201cAbrazos, no Balazos\u201d, super\u00f3 las 156 mil 066 v\u00edctimas de homicidio doloso contabilizadas en el sexenio del priista Enrique Pe\u00f1a Nieto, que ten\u00eda la marca como el m\u00e1s sangriento.<\/p>\n<p>El a\u00f1o pasado, el gobierno de L\u00f3pez Obrador rebas\u00f3 los 120 mil 463 asesinatos del sexenio de Felipe Calder\u00f3n Hinojosa, y antes los 60 mil 280 alcanzados en la gesti\u00f3n del panista Vicente Fox Quesada.<\/p>\n<p style=\"text-align: center;\"><strong>No renunciar\u00e9 a responsabilidad de garantizar la paz en el pa\u00eds: AMLO<\/strong><\/p>\n<p>\u00a0Sobre su respuesta afirmativa a una pregunta en la ma\u00f1anera de que si estar\u00eda de acuerdo en un pacto con grupos del crimen organizado, como lo hab\u00eda propuesto una madre buscadora, L\u00f3pez Obrador precis\u00f3 que no renunciar\u00e1 a su responsabilidad de garantizar la paz y la estabilidad en el pa\u00eds.<\/p>\n<p>\u201cEs nuestra responsabilidad, no hay en puerta ning\u00fan otro plan\u201d, aclar\u00f3 luego que, dijo, sus palabras de hace un par de d\u00edas se \u201cmalinterpretaron\u201d, dijo.<\/p>\n<p>Durante su conferencia matutina el mandatario federal aprovech\u00f3 una pregunta sobre la situaci\u00f3n de seguridad en el estado para aclarar aquel punto.<\/p>\n<p>\u201cClaro que nosotros ayudamos en todo lo que tiene que ver con la paz, pero la responsabilidad de garantizar la paz y la estabilidad, es del Estado mexicano, y no podemos renunciar a esto\u201d, subray\u00f3.<\/p>\n<p>Indic\u00f3 que hace un par de d\u00edas, en la conferencia en Palacio Nacional, se le pregunt\u00f3 \u201cde manera tendenciosa\u201d sobre si estaba en favor de la propuesta de madres buscadoras para enviar un mensaje de tregua a los c\u00e1rteles de la delincuencia y con ello cesar la violencia.<\/p>\n<p>\u201cLo que dije es que yo estaba a favor de cualquier medida que nos permitiera vivir en paz\u201d.<\/p>\n<p>El jefe del Ejecutivo apunt\u00f3 que en ese momento \u201cno pod\u00eda yo decir: \u2018f\u00edjense que no queremos ning\u00fan acuerdo con la delincuencia\u2019. Como dec\u00edan los otros presidentes: \u2018No me va a temblar la mano, los vamos a derrotar\u2019. Pero tambi\u00e9n pues ni modo de decir: \u2018No tenemos acuerdo ni queremos tenerlos con quien por su propia voluntad decida actuar de manera responsable y humana\u2019\u201d.<\/p>\n<p>El tabasque\u00f1o asegur\u00f3 que sus palabras en la ma\u00f1anera del martes fueron \u201cmanipuladas\u201d en pr\u00e1cticamente todos los medios informativos, incluidos los internacionales, apuntando \u2014de acuerdo al mandatario\u2014 a que como su administraci\u00f3n \u201cno puede\u201d en la lucha contra la delincuencia, ahora se busca pactar.<\/p>\n<p style=\"text-align: center;\"><strong>Llama a abogados a destrabar compra de Mexicana de Aviaci\u00f3n<\/strong><\/p>\n<p><strong>\u00a0<\/strong>En otro tema, el presidente L\u00f3pez Obrador llam\u00f3 a los dos abogados que est\u00e1n asesorando a un grupo de trabajadores de Mexicana de Aviaci\u00f3n para que pidan m\u00e1s dinero del que ha ofertado el gobierno por la compra de la marca a que desistan de su estrategia porque de lo contrario la administraci\u00f3n p\u00fablica renunciar\u00e1 a la transacci\u00f3n lo que afectar\u00e1 a miles de trabajadores.<\/p>\n<p>El primer mandatario dijo que el 95% de los trabajadores de Mexicana de Aviaci\u00f3n ya hab\u00edan aprobado, en una asamblea, los m\u00e1s de 800 millones de pesos por la venta de la marca, sin embargo, dos abogados empezaron a asesorar a un grupo de entre 100 o 200 trabajadores para que pidieran m\u00e1s recursos, lo que ha trabado el proceso.<\/p>\n<p>Aunque el Presidente fij\u00f3 como fecha l\u00edmite el 5 de junio para que los trabajadores de Mexicana de Aviaci\u00f3n decidan si venden o no la marca y los activos de la empresa al gobierno de M\u00e9xico, dijo que todav\u00eda no descarta del todo la transacci\u00f3n, por lo que llam\u00f3 a los abogados a desistirse de los amparos.<\/p>\n","protected":false},"excerpt":{"rendered":"<p>Con m\u00e1s de 156 mil 136 homicidios violentos hasta esta semana, M\u00e9xico es ya el sexenio m\u00e1s violento de la historia reciente del pa\u00eds, reconoci\u00f3 el presidente Andr\u00e9s Manuel L\u00f3pez Obrador, pero acus\u00f3 que estas cifras son debido a la \u201cmala herencia\u201d que le dejaron los gobiernos anteriores.<\/p>\n","protected":false},"author":3,"featured_media":585855,"comment_status":"open","ping_status":"open","sticky":false,"template":"","format":"standard","meta":{"_monsterinsights_skip_tracking":false,"_monsterinsights_sitenote_active":false,"_monsterinsights_sitenote_note":"","_monsterinsights_sitenote_category":0,"footnotes":""},"categories":[7],"tags":[2545,1803,43677,70589],"class_list":["post-585770","post","type-post","status-publish","format-standard","has-post-thumbnail","hentry","category-seguridad","tag-amlo","tag-inseguridad","tag-seguridad","tag-violento"],"_links":{"self":[{"href":"https:\/\/www.diarioimagen.net\/index.php?rest_route=\/wp\/v2\/posts\/585770","targetHints":{"allow":["GET"]}}],"collection":[{"href":"https:\/\/www.diarioimagen.net\/index.php?rest_route=\/wp\/v2\/posts"}],"about":[{"href":"https:\/\/www.diarioimagen.net\/index.php?rest_route=\/wp\/v2\/types\/post"}],"author":[{"embeddable":true,"href":"https:\/\/www.diarioimagen.net\/index.php?rest_route=\/wp\/v2\/users\/3"}],"replies":[{"embeddable":true,"href":"https:\/\/www.diarioimagen.net\/index.php?rest_route=%2Fwp%2Fv2%2Fcomments&post=585770"}],"version-history":[{"count":0,"href":"https:\/\/www.diarioimagen.net\/index.php?rest_route=\/wp\/v2\/posts\/585770\/revisions"}],"wp:featuredmedia":[{"embeddable":true,"href":"https:\/\/www.diarioimagen.net\/index.php?rest_route=\/wp\/v2\/media\/585855"}],"wp:attachment":[{"href":"https:\/\/www.diarioimagen.net\/index.php?rest_route=%2Fwp%2Fv2%2Fmedia&parent=585770"}],"wp:term":[{"taxonomy":"category","embeddable":true,"href":"https:\/\/www.diarioimagen.net\/index.php?rest_route=%2Fwp%2Fv2%2Fcategories&post=585770"},{"taxonomy":"post_tag","embeddable":true,"href":"https:\/\/www.diarioimagen.net\/index.php?rest_route=%2Fwp%2Fv2%2Ftags&post=585770"}],"curies":[{"name":"wp","href":"https:\/\/api.w.org\/{rel}","templated":true}]}}