{"id":585794,"date":"2023-06-02T00:01:47","date_gmt":"2023-06-02T06:01:47","guid":{"rendered":"https:\/\/www.diarioimagen.net\/?p=585794"},"modified":"2023-06-05T22:25:15","modified_gmt":"2023-06-06T04:25:15","slug":"continuan-las-agresiones-de-taxistas-contra-choferes-de-uber-en-quintana-roo","status":"publish","type":"post","link":"https:\/\/www.diarioimagen.net\/?p=585794","title":{"rendered":"Contin\u00faan las agresiones de taxistas contra choferes de Uber en Quintana Roo"},"content":{"rendered":"<h2>Derecho de r\u00e9plica<\/h2>\n<h5>Jos\u00e9 Luis Monta\u00f1ez<\/h5>\n<p>&nbsp;<\/p>\n<ul>\n<li><strong><em>Un <\/em>chafirete<em> fue detenido en Canc\u00fan, tras \u201ccristalazo\u201d<\/em><\/strong><\/li>\n<\/ul>\n<p>&nbsp;<\/p>\n<div id=\"attachment_585872\" style=\"width: 470px\" class=\"wp-caption aligncenter\"><a href=\"https:\/\/www.diarioimagen.net\/?attachment_id=585872\" rel=\"attachment wp-att-585872\"><img loading=\"lazy\" decoding=\"async\" aria-describedby=\"caption-attachment-585872\" class=\"size-full wp-image-585872\" src=\"https:\/\/www.diarioimagen.net\/wp-content\/uploads\/2023\/06\/Derecho-1.jpg\" alt=\"\" width=\"460\" height=\"270\" \/><\/a><p id=\"caption-attachment-585872\" class=\"wp-caption-text\">Un taxista del Sindicato Andr\u00e9s Quintana Roo rompi\u00f3 el cristal de un veh\u00edculo usado para la plataforma digital Uber, por lo que fue detenido por la polic\u00eda.<\/p><\/div>\n<p>&nbsp;<\/p>\n<p>Si bien se han sostenido reuniones entre autoridades, taxistas y representantes de plataformas como Uber para llegar a un com\u00fan acuerdo sobre sus operaciones en el estado, las agresiones no se han detenido, ni siquiera con las reformas a la Ley de Movilidad estatal, que m\u00e1s all\u00e1 de traer calma, trajo m\u00e1s inconformidades en cada una de las partes.<\/p>\n<p>Lastimosamente, miembros del gremio taxista siguen protagonizando ataques contra operadores de Uber, que ya no s\u00f3lo se quedan en amenazas, pues ya los han atacado f\u00edsicamente y han vandalizado sus unidades.<\/p>\n<p>El caso m\u00e1s reciente ocurri\u00f3 ayer, cuando un taxista del Sindicato Andr\u00e9s Quintana Roo rompi\u00f3 el cristal de un veh\u00edculo de la plataforma digital frente al hotel Casa Maya de la zona hotelera de esta ciudad, donde se gener\u00f3 p\u00e1nico y confusi\u00f3n.<\/p>\n<p>De acuerdo con datos preliminares, el hecho se report\u00f3 alrededor de las 11 de la ma\u00f1ana, en el kil\u00f3metro 5 del Bulevar Kukulc\u00e1n, donde el taxista utiliz\u00f3 un objeto contundente para romper el cristal del veh\u00edculo, lo cual en su momento caus\u00f3 confusi\u00f3n, pues se crey\u00f3 que eran disparos de arma de fuego.<\/p>\n<p>No obstante, trascendi\u00f3 que el taxista atacante fue detenido por elementos de la Polic\u00eda Quintana Roo y que fue puesto a disposici\u00f3n de la autoridad correspondiente. El titular de la Secretar\u00eda de Seguridad P\u00fablica y Tr\u00e1nsito de Benito Ju\u00e1rez, Jos\u00e9 Pablo Mathey, inform\u00f3 que los involucrados fueron trasladados a base Tit\u00e1n de la Polic\u00eda Municipal para posteriormente ser presentados ante el Ministerio P\u00fablico, el cual deslindar\u00e1 las responsabilidades jur\u00eddicas por los hechos.<\/p>\n<p>En su momento, representantes de Uber hab\u00edan advertido sobre la posibilidad de que los ataques de taxistas a conductores de esta plataforma escalaran ante la falta de sanciones, por lo que hicieron un nuevo llamado a las autoridades.<\/p>\n<p style=\"text-align: center;\"><strong>Prev\u00e9n hasta 16 huracanes durante la temporada 2023 <\/strong><\/p>\n<p>La temporada oficial de huracanes 2023 arranc\u00f3 este jueves con el pron\u00f3stico de entre 10 y 16 ciclones tropicales que podr\u00edan formarse en el oc\u00e9ano Atl\u00e1ntico y Mar Caribe, seg\u00fan informaci\u00f3n de la Comisi\u00f3n Nacional del Agua, que preliminarmente pide a la poblaci\u00f3n que se mantengan al pendiente de toda la informaci\u00f3n a trav\u00e9s de canales oficiales y que no caigan en <em>fake news<\/em>.<\/p>\n<p>Durante la primera sesi\u00f3n del Consejo Estatal de Protecci\u00f3n Civil de Quintana Roo, Erika Ram\u00edrez M\u00e9ndez, directora local de la Comisi\u00f3n Nacional del Agua (Conagua) en el estado, detall\u00f3 que seg\u00fan los pron\u00f3sticos de 1971 a 2020, Quintana Roo tiene 12.2 por ciento de probabilidades de recibir el impacto y afectaci\u00f3n de los fen\u00f3menos cicl\u00f3nicos.<\/p>\n<p>De tal manera, el pron\u00f3stico del instituto se basa en diversos factores clim\u00e1ticos, incluyendo el fen\u00f3meno de <em>El Ni\u00f1o<\/em>, que afecta las temperaturas del oc\u00e9ano en el Pac\u00edfico ecuatorial y este a\u00f1o se pronostica la formaci\u00f3n de entre 10 y 16 ciclones.<\/p>\n<p>Mientras tanto, el Instituto de Ciencias de la Atm\u00f3sfera y Cambio Clim\u00e1tico (ICAyCC) de la UNAM inform\u00f3 que de acuerdo a sus investigaciones, esperan una cantidad dentro del rango hist\u00f3rico promedio de ciclones. La temporada de huracanes en el oc\u00e9ano Atl\u00e1ntico arranc\u00f3 ayer y finaliza el 30 de noviembre.<\/p>\n<p>La Organizaci\u00f3n Meteorol\u00f3gica Mundial determin\u00f3 que los nombres de los huracanes para el oc\u00e9ano Atl\u00e1ntico son <em>Arlene, Bret, Cindy, Don, Emily, Franklin, Gert, Harold, Idalia, Jos\u00e9, Katia, Lee, Margot, Nigel, Ophelia (Ofelia), Phillippe (Felipe), Rina, Sean, Tammy, Vince y Whitney.<\/em><\/p>\n<p>Y aunque se cree que, probablemente, no sean m\u00e1s de 13 huracanes este 2023, tambi\u00e9n dej\u00f3 preparada la lista adicional, tras la eliminaci\u00f3n de los nombres usando las letras del alfabeto griego, de modo que ser\u00edan <em>Adria, Braylen, Caridad, Deshawn, Emery, Foster, Gemma, Heath, Isla, Jacobus (Jacobo), Kenzie, Lucio, Makayla, Nolan, Orlanda, Pax, Ronin, Sophie (Sof\u00eda), Tayshaun, Viviana <\/em>y<em> Will.<\/em><\/p>\n<p>En este marco, las autoridades recomiendan prevenir afectaciones en caso del impacto de un hurac\u00e1n y para ello, hacen un llamado a reparar techos, ventanas y paredes, sujetar los contenedores externos, desconectar dispositivos electr\u00f3nicos, cerrar las llaves de agua y gas, mantenerse alejados de puertas y ventanas, y estar informados a trav\u00e9s de medios oficiales para no caer en informaci\u00f3n falsa.<\/p>\n<p>Tras el paso de un cicl\u00f3n, es necesario permanecer en refugios y evitar las \u00e1reas afectadas por el desastre.<\/p>\n<p style=\"text-align: center;\"><strong>Vigilan desarrollo cicl\u00f3nico<\/strong><\/p>\n<p>Ayer, la p\u00e1gina oficial de Protecci\u00f3n Civil de Canc\u00fan emiti\u00f3 un comunicado sobre la presencia de una zona de baja presi\u00f3n en el Atl\u00e1ntico, con una posibilidad de desarrollo cicl\u00f3nico del 50% en 48 horas, por lo que se mantienen vigilantes de su evoluci\u00f3n, para alertar a la poblaci\u00f3n en caso de cualquier eventualidad.<\/p>\n<p>Seg\u00fan los informes, la zona de baja presi\u00f3n fue detectada en el noreste del Golfo de M\u00e9xico y ha incrementado su probabilidad para desarrollo cicl\u00f3nico en 48 horas y en 7 d\u00edas, alcanzando ahora el 50%.<\/p>\n<p>Hasta ayer, al cierre de esta edici\u00f3n, el fen\u00f3meno se encontraba aproximadamente a 660 kil\u00f3metros al norte de Cabo Catoche, Quintana Roo, y se desplazaba lentamente hacia el sur.<\/p>\n<p>De tal manera, que las autoridades insisten en invitar a la ciudadan\u00eda a mantenerse informada a trav\u00e9s de fuentes oficiales y a evitar hacer caso a rumores. Hasta el momento, la zona de baja presi\u00f3n no representa ning\u00fan riesgo para la entidad.<\/p>\n<p>Piden tomar en cuenta la escala Saffir-Simpson, que es con la que se miden este tipo de fen\u00f3menos, por los expertos. La escala fue desarrollada a principios de los a\u00f1os 70 por el ingeniero Herber Saffir y el director del Centro Nacional del Huracanes, Robert Simpson, corresponde a una escala que indica los da\u00f1os potenciales que puede provocar un hurac\u00e1n, teniendo en cuenta la presi\u00f3n m\u00ednima, los vientos y la marea de tormenta.<\/p>\n<p>La clasificaci\u00f3n de los ciclones en la escala es la siguiente: Depresi\u00f3n tropical: vientos m\u00e1ximos sostenidos de 33 nudos (63 km\/h) o menos; tormenta tropical: vientos m\u00e1ximos sostenidos de 34 a 63 nudos (64 km\/h\u2013118 km\/h); hurac\u00e1n: vientos m\u00e1ximos sostenidos de 64 a 95 nudos (119 km\/h\u2013 177 km\/h); y huracanes \u201cmayores\u201d o muy destructivos:\u00a0 vientos m\u00e1ximos sostenidos de 96 a 137 nudos (178 km\/h\u2013252 km\/h).<\/p>\n<p style=\"text-align: center;\"><strong>Van m\u00e1s de 3 mil toneladas de sargazo recolectadas en 15 d\u00edas<\/strong><\/p>\n<p>Por otra parte, la Secretar\u00eda de la Marina (Semar) report\u00f3 que recolectaron un total de 3 mil 240 toneladas de sargazo en las costas de Quintana Roo durante los \u00faltimos 15 d\u00edas, lo que representa un 28% de las 11 mil 840 toneladas acumuladas en lo que va de este 2023.<\/p>\n<p>Los grandes vol\u00famenes corresponden con el incremento en la acumulaci\u00f3n del alga flotando en altamar que anticip\u00f3 la Universidad de Florida en su bolet\u00edn del 30 de abril de este a\u00f1o y coinciden con las llegadas masivas de sargazo en playas de Canc\u00fan, como El Mirador.<\/p>\n<p>Se inform\u00f3 que la Marina ha desplegado en las costas de Quintana Roo 12 buques y un total de 9,050 metros de barreras de contenci\u00f3n, as\u00ed como otras 16 embarcaciones menores, adem\u00e1s de un total de 350 elementos.<\/p>\n<p>De acuerdo con la Universidad del Sur de Florida, este 2023 podr\u00edan acumularse m\u00e1s de 20 millones de toneladas de sargazo en el marco, de las cuales, por lo menos 5% terminar\u00eda en las playas del Caribe mexicano. \u201cEste a\u00f1o lleg\u00f3 en febrero y seguir\u00e1, como m\u00ednimo, hasta octubre. Im\u00e1genes satelitales revelan que en 2023 el arribo ser\u00e1 severo\u201d, coment\u00f3 Rosa Elisa Rodr\u00edguez Mart\u00ednez, de la Unidad Acad\u00e9mica de Sistemas Arrecifales en Puerto Morelos, seg\u00fan publica la UNAM.<\/p>\n<p>Por otro lado, se habl\u00f3 del \u201ccosto de limpieza del sargazo pel\u00e1gico en M\u00e9xico\u201d, que, al analizar datos sobre los gastos de limpieza en tres municipios de Puerto Morelos, Solidaridad y Tulum y cinco hoteles entre Tulum y Canc\u00fan, el resultado arroj\u00f3 un aproximado de un mill\u00f3n y medio de d\u00f3lares al a\u00f1o por cada kil\u00f3metro de litoral, es decir, que es un gasto que si impacta la econom\u00eda regional.<\/p>\n<p><em>Escr\u00edbame a mi mail: <a href=\"mailto:montanezaguilar@gmail.com\" target=\"_blank\" rel=\"noopener noreferrer\">montanezaguilar@gmail.com<\/a><\/em><\/p>\n","protected":false},"excerpt":{"rendered":"<p><span style=\"color: #005497;\"><strong>Jos\u00e9 Luis Monta\u00f1ez<\/strong><\/span><br \/>\n<br \/>\nSi bien se han sostenido reuniones entre autoridades, taxistas y representantes de plataformas como Uber para llegar a un com\u00fan acuerdo sobre sus operaciones en el estado, las agresiones no se han detenido, ni siquiera con las reformas a la Ley de Movilidad estatal, que m\u00e1s all\u00e1 de traer calma, trajo m\u00e1s inconformidades en cada una de las partes.<\/p>\n","protected":false},"author":3,"featured_media":585872,"comment_status":"open","ping_status":"open","sticky":false,"template":"","format":"standard","meta":{"_monsterinsights_skip_tracking":false,"_monsterinsights_sitenote_active":false,"_monsterinsights_sitenote_note":"","_monsterinsights_sitenote_category":0,"footnotes":""},"categories":[11622,25512],"tags":[47840,54579,43674],"class_list":["post-585794","post","type-post","status-publish","format-standard","has-post-thumbnail","hentry","category-jose-luis-montanez-aguilar","category-nacional-nacional","tag-derecho-de-replica","tag-jose-luis-montanez","tag-opinion"],"_links":{"self":[{"href":"https:\/\/www.diarioimagen.net\/index.php?rest_route=\/wp\/v2\/posts\/585794","targetHints":{"allow":["GET"]}}],"collection":[{"href":"https:\/\/www.diarioimagen.net\/index.php?rest_route=\/wp\/v2\/posts"}],"about":[{"href":"https:\/\/www.diarioimagen.net\/index.php?rest_route=\/wp\/v2\/types\/post"}],"author":[{"embeddable":true,"href":"https:\/\/www.diarioimagen.net\/index.php?rest_route=\/wp\/v2\/users\/3"}],"replies":[{"embeddable":true,"href":"https:\/\/www.diarioimagen.net\/index.php?rest_route=%2Fwp%2Fv2%2Fcomments&post=585794"}],"version-history":[{"count":0,"href":"https:\/\/www.diarioimagen.net\/index.php?rest_route=\/wp\/v2\/posts\/585794\/revisions"}],"wp:featuredmedia":[{"embeddable":true,"href":"https:\/\/www.diarioimagen.net\/index.php?rest_route=\/wp\/v2\/media\/585872"}],"wp:attachment":[{"href":"https:\/\/www.diarioimagen.net\/index.php?rest_route=%2Fwp%2Fv2%2Fmedia&parent=585794"}],"wp:term":[{"taxonomy":"category","embeddable":true,"href":"https:\/\/www.diarioimagen.net\/index.php?rest_route=%2Fwp%2Fv2%2Fcategories&post=585794"},{"taxonomy":"post_tag","embeddable":true,"href":"https:\/\/www.diarioimagen.net\/index.php?rest_route=%2Fwp%2Fv2%2Ftags&post=585794"}],"curies":[{"name":"wp","href":"https:\/\/api.w.org\/{rel}","templated":true}]}}