{"id":585820,"date":"2023-06-02T00:04:32","date_gmt":"2023-06-02T06:04:32","guid":{"rendered":"https:\/\/www.diarioimagen.net\/?p=585820"},"modified":"2023-06-04T22:31:07","modified_gmt":"2023-06-05T04:31:07","slug":"elecciones-y-el-piso-parejo","status":"publish","type":"post","link":"https:\/\/www.diarioimagen.net\/?p=585820","title":{"rendered":"Elecciones y el piso parejo"},"content":{"rendered":"<h2>Desde el portal<\/h2>\n<h5>\u00c1ngel Soriano<\/h5>\n<p>&nbsp;<\/p>\n<p>Una vez que hayan pasado las elecciones en el Estado de M\u00e9xico y Coahuila, se iniciar\u00e1 el proceso formal para la selecci\u00f3n del candidato presidencial de Morena y de la oposici\u00f3n, a\u00fan no definidos pero s\u00ed con claridad en la oferta electoral que presentar\u00e1n ante la ciudadan\u00eda: La continuidad del proceso de transformaci\u00f3n en marcha, o la rectificaci\u00f3n del rumbo.<\/p>\n<p>Hasta ahora son cinco los precandidatos de Morena: Claudia Sheinbaum, Marcelo Ebrard, Ad\u00e1n Augusto L\u00f3pez Hern\u00e1ndez, Ricardo Monreal y Manuel Velasco Coello, quienes de una u otra manera reciben adhesiones de sus partidarios, unos m\u00e1s y otros menos, pero con posibilidades reales de ser uno de ellos el abanderado oficial.<\/p>\n<p>Hay inconformidad en cuanto a los gastos de promoci\u00f3n de las candidaturas: Los que cuentan con amplios recursos p\u00fablicos que manejan a trav\u00e9s de las dependencias a su cargo, y los que no tienen acceso a los mismos y que demandan piso parejo, pues adem\u00e1s del presupuesto disponible, cuentan con el aparato de Estado para la difusi\u00f3n de sus actividades.<\/p>\n<p>Sin duda que hay los privilegiados, no tanto en que por la excesiva propaganda sean ya los se\u00f1alados, sino porque dejan al margen a otros con menos posibilidades de acceder a tales recursos o al apoyo de quien definir\u00e1 la candidatura. En tanto, se define el domingo pr\u00f3ximo la continuidad del PRI con Alejandra Del Moral o la consolidaci\u00f3n de Morena con Delfina G\u00f3mez.<\/p>\n<p style=\"text-align: center;\"><strong>TURBULENCIAS<br \/>\nAcuerdo con Grupo M\u00e9xico<\/strong><\/p>\n<p>Y en paralelo al ambiente pol\u00edtico-electoral a unas horas de la definici\u00f3n del Edomex y de Coahuila, se avanza en un acuerdo con Grupo M\u00e9xico para la ocupaci\u00f3n de las v\u00edas concesionadas y la adquisici\u00f3n de Banamex con fines sociales, lo que define tambi\u00e9n el rumbo econ\u00f3mico del pa\u00eds. Si los poderosos grupos econ\u00f3micos contin\u00faan disponiendo de los vastos recursos propiedad de la Naci\u00f3n o si estos son tomados por el Estado mexicano para beneficio colectivo. \u00bfQu\u00e9 tanto puede influir el poder econ\u00f3mico en los comicios del 2024?&#8230; Los que s\u00ed ya est\u00e1n definidos son los hermanos del presidente Andr\u00e9s Manuel L\u00f3pez Obrador: Jos\u00e9 Ram\u00f3n \u201cPep\u00edn\u201d, por Claudia Sheinbaum y P\u00edo, por el canciller Marcelo Ebrard, \u00bfQu\u00e9 tanta influencia pueden tener en el \u00e1nimo del hermano mayor para definir una candidatura? O s\u00f3lo se trata de expresiones individuales, de cualquier ciudadano que se identifica con un candidato o candidata, m\u00e1s all\u00e1 de su posici\u00f3n familiar y de los intereses particulares que obtengan. Seguramente hacen uso de sus libertades para inclinarse en favor de la opci\u00f3n que consideran m\u00e1s viable para continuar con la transformaci\u00f3n del pa\u00eds emprendida por el presidente L\u00f3pez Obrador\u2026 Tan s\u00f3lo en el mes de mayo se registraron 48 bloqueos en Oaxaca, inform\u00f3 el secretario de Gobierno, Jes\u00fas Romero L\u00f3pez, quien dijo que no se cuenta con un presupuesto -como en el pasado-, para las organizaciones sociales y que tampoco se repartir\u00e1n recursos p\u00fablicos a quienes han hecho de las marchas y de los bloqueos actividades propias para obtener beneficios personales. Y la ciudadan\u00eda afectada por los bloqueos sociales o comerciales, lo que demanda es soluci\u00f3n a los conflictos, lo cual corresponde a las autoridades que no deben buscar justificaciones ni buscar culpables del presente o del pasado. A la sociedad le interesa que haya paz y tranquilidad y esa es la tarea de las autoridades\u2026 Y sin resolverse el problema de la basura, el municipio de Oaxaca de Ju\u00e1rez contin\u00faa gastando enormes sumas para el traslado a otras entidades de los desechos p\u00fablicos. Y en esa tarea buscan y obtienen recursos de d\u00f3nde se pueda, sea de manera l\u00edcita o il\u00edcita, como la venta de veh\u00edculos en custodia en el corral\u00f3n municipal.<u><\/u><\/p>\n<p><u><a href=\"mailto:asorianocarrasco@yahoo.com\" target=\"_blank\" rel=\"noopener noreferrer\"><em>asorianocarrasco@yahoo.com<\/em><\/a><br \/>\n<em><a href=\"https:\/\/revistabrecha.com\" target=\"_blank\" rel=\"noopener noreferrer\">www.revistabrecha.com<\/a><br \/>\n<\/em><\/u><em>facebook oficial <a href=\"https:\/\/es-la.facebook.com\/RevistaBrecha.Oficial\" target=\"_blank\" rel=\"noopener\">@BrechaRevista<\/a><\/em><\/p>\n","protected":false},"excerpt":{"rendered":"<p><span style=\"color: #005497;\"><strong>\u00c1ngel Soriano<\/strong><\/span><\/p>\n","protected":false},"author":3,"featured_media":0,"comment_status":"open","ping_status":"open","sticky":false,"template":"","format":"standard","meta":{"_monsterinsights_skip_tracking":false,"_monsterinsights_sitenote_active":false,"_monsterinsights_sitenote_note":"","_monsterinsights_sitenote_category":0,"footnotes":""},"categories":[135],"tags":[85,86,43674],"class_list":["post-585820","post","type-post","status-publish","format-standard","hentry","category-angel-soriano-opinion","tag-angel-soriano","tag-desde-el-portal","tag-opinion"],"_links":{"self":[{"href":"https:\/\/www.diarioimagen.net\/index.php?rest_route=\/wp\/v2\/posts\/585820","targetHints":{"allow":["GET"]}}],"collection":[{"href":"https:\/\/www.diarioimagen.net\/index.php?rest_route=\/wp\/v2\/posts"}],"about":[{"href":"https:\/\/www.diarioimagen.net\/index.php?rest_route=\/wp\/v2\/types\/post"}],"author":[{"embeddable":true,"href":"https:\/\/www.diarioimagen.net\/index.php?rest_route=\/wp\/v2\/users\/3"}],"replies":[{"embeddable":true,"href":"https:\/\/www.diarioimagen.net\/index.php?rest_route=%2Fwp%2Fv2%2Fcomments&post=585820"}],"version-history":[{"count":0,"href":"https:\/\/www.diarioimagen.net\/index.php?rest_route=\/wp\/v2\/posts\/585820\/revisions"}],"wp:attachment":[{"href":"https:\/\/www.diarioimagen.net\/index.php?rest_route=%2Fwp%2Fv2%2Fmedia&parent=585820"}],"wp:term":[{"taxonomy":"category","embeddable":true,"href":"https:\/\/www.diarioimagen.net\/index.php?rest_route=%2Fwp%2Fv2%2Fcategories&post=585820"},{"taxonomy":"post_tag","embeddable":true,"href":"https:\/\/www.diarioimagen.net\/index.php?rest_route=%2Fwp%2Fv2%2Ftags&post=585820"}],"curies":[{"name":"wp","href":"https:\/\/api.w.org\/{rel}","templated":true}]}}