{"id":585822,"date":"2023-06-02T00:05:41","date_gmt":"2023-06-02T06:05:41","guid":{"rendered":"https:\/\/www.diarioimagen.net\/?p=585822"},"modified":"2023-06-02T00:45:39","modified_gmt":"2023-06-02T06:45:39","slug":"lo-traiciono-el-subconsciente","status":"publish","type":"post","link":"https:\/\/www.diarioimagen.net\/?p=585822","title":{"rendered":"Lo traicion\u00f3 el subconsciente"},"content":{"rendered":"<h2>Perfil de M\u00e9xico<\/h2>\n<h5>Armando R\u00edos Ruiz<\/h5>\n<p>&nbsp;<\/p>\n<p>El d\u00eda 30 del mes que acaba de terminar, el Presidente dio claras muestras de haber sido traicionado por el subconsciente que, seg\u00fan el psicoan\u00e1lisis, es la parte menos accesible de nuestra mente, donde se encuentran recuerdos e impulsos reprimidos. Algunos enterados dicen que repentinamente hace aparecer la soluci\u00f3n de cosas que no entendemos o que entendemos de diferente manera a lo que es una realidad dif\u00edcil de interpretar.<\/p>\n<p>Recuerdo el ejemplo que afirma que la Biblia est\u00e1 escrita bajo el m\u00e9todo gn\u00f3stico o cabal\u00edstico, para ser le\u00edda por el subconsciente. Contiene pasajes dif\u00edciles de entender o de aceptar, como el hecho de que el \u00e1ngel rebelde pone a Dios a prueba sobre la fidelidad de Job. Cuando menos se piensa, la mente env\u00eda la interpretaci\u00f3n correcta, que nada tiene que ver con lo que se lee.<\/p>\n<p>Poco antes de que el Presidente asumiera el cargo en 2018, habl\u00f3 en el estado de Guerrero de amnistiar a los criminales que han cometido todos los delitos inimaginables y abominables, como la tortura m\u00e1s cruel que alguien pueda percibir y el asesinato de la manera m\u00e1s dolorosa.<\/p>\n<p>De alguna forma ha cumplido su palabra con la incre\u00edble y rid\u00edcula invenci\u00f3n de soluci\u00f3n al mal que proh\u00edja, con abrazos que, lejos de menguar un \u00e1pice su presencia, la ha exacerbado a niveles nunca sospechados. Lo mismo que las muertes y desapariciones que hoy tienen el pa\u00eds entero convertido en el pante\u00f3n m\u00e1s grande del mundo y en inevitable laberinto que fuerza a familias a buscar con esperanzas o resignaci\u00f3n, en todo el territorio mexicano, a sus seres queridos.<\/p>\n<p>Desde aquel momento de su anuncio, no fuimos capaces de advertir que en realidad se trataba de un acuerdo, que al paso del tiempo se ha hecho m\u00e1s visible y que el 30 de mayo \u00faltimo el subconsciente revel\u00f3, cuando dijo en su conferencia ma\u00f1anera, que \u201coficialmente ya no hay guerra\u201d contra las hordas de delincuentes que asuelan el pa\u00eds. \u201cQueremos la paz\u201d, remat\u00f3.<\/p>\n<p>Y lo anterior, en la antesala del final de su mandato o un a\u00f1o antes de dejar el cargo que le permiti\u00f3, durante cuatro demasiado largos, defender contra viento y marea a los criminales que se han reproducido desmesuradamente y que hoy se mantienen como due\u00f1os y amos absolutos de vidas y haciendas. De autoridades y decisiones de los ciudadanos, en todos los rincones de M\u00e9xico.<\/p>\n<p>La ecuaci\u00f3n consisti\u00f3 en amnistiar. Inventar la estrategia de abrazos, no balazos. Ordenar la libertad del Chapito, detenido durante el evento denominado \u201cCuliacanazo\u201d. Visitar la madriguera de los chapos en la sierra de Sinaloa. Repetir muchas veces este hecho. Felicitar a los narcos por haberse portado bien en \u00e9pocas de elecciones. Todo este coctel ha servido para abrir los ojos a los mexicanos que s\u00ed piensan y obligarlos a concebir un \u201cacuerdo\u201d inminente.<\/p>\n<p>Igual que cuando dijo que la pandemia le cay\u00f3 como anillo al dedo, expresi\u00f3n por dem\u00e1s inadecuada por se\u00f1alar a quien la profiri\u00f3 como un ser no conectado con la realidad en momentos de angustia para la poblaci\u00f3n entera, hoy tambi\u00e9n le cay\u00f3 como anillo al dedo la desesperada propuesta de la se\u00f1ora Delia Quiroga, del Colectivo Nacional de V\u00edctimas 10 de Marzo, de llegar a un acuerdo de paz, mediante carta enviada a nueve c\u00e1rteles.<\/p>\n<p>De inmediato, el mandatario respondi\u00f3: \u201cYo estoy de acuerdo, ojal\u00e1 y se lograra la paz, eso es lo que deseamos todos, que no haya violencia, que no haya homicidios, que no haya agresiones porque se afecta a todos\u201d. Desgraciadamente, la paz no se logra con abrazos ni con felicitaciones ni con omisiones. Menos con reconocimientos a ese sector.<\/p>\n<p>Imagin\u00e9 que ayer debi\u00f3 festejarse en las diferentes sierras y poblaciones donde se exhiben, rifles en alto y con mucho j\u00fabilo, su triunfo indiscutible y reconocido por el mismo Presidente del pa\u00eds. Tal vez ni fue necesario por saberse de todos modos, por encima del pol\u00edtico m\u00e1s encumbrado.<\/p>\n<p>Anteayer apoy\u00f3 sin pensarlo, la propuesta de la se\u00f1ora Quiroga. Ayer recul\u00f3. Dijo en otra ma\u00f1anera que siempre no. \u00bfQu\u00e9 pasa en su cerebro?<\/p>\n<p><a href=\"mailto:ariosruiz@gmail.com\" target=\"_blank\" rel=\"noopener noreferrer\"><em>ariosruiz@gmail.com<\/em><\/a><\/p>\n","protected":false},"excerpt":{"rendered":"<p><span style=\"color: #005497;\"><strong>Armando R\u00edos Ruiz<\/strong><\/span><\/p>\n","protected":false},"author":3,"featured_media":0,"comment_status":"open","ping_status":"open","sticky":false,"template":"","format":"standard","meta":{"_monsterinsights_skip_tracking":false,"_monsterinsights_sitenote_active":false,"_monsterinsights_sitenote_note":"","_monsterinsights_sitenote_category":0,"footnotes":""},"categories":[88405],"tags":[88407,43674,91193],"class_list":["post-585822","post","type-post","status-publish","format-standard","hentry","category-armando-rios-ruiz","tag-armando-rios-ruiz","tag-opinion","tag-perfil-de-mexico"],"_links":{"self":[{"href":"https:\/\/www.diarioimagen.net\/index.php?rest_route=\/wp\/v2\/posts\/585822","targetHints":{"allow":["GET"]}}],"collection":[{"href":"https:\/\/www.diarioimagen.net\/index.php?rest_route=\/wp\/v2\/posts"}],"about":[{"href":"https:\/\/www.diarioimagen.net\/index.php?rest_route=\/wp\/v2\/types\/post"}],"author":[{"embeddable":true,"href":"https:\/\/www.diarioimagen.net\/index.php?rest_route=\/wp\/v2\/users\/3"}],"replies":[{"embeddable":true,"href":"https:\/\/www.diarioimagen.net\/index.php?rest_route=%2Fwp%2Fv2%2Fcomments&post=585822"}],"version-history":[{"count":0,"href":"https:\/\/www.diarioimagen.net\/index.php?rest_route=\/wp\/v2\/posts\/585822\/revisions"}],"wp:attachment":[{"href":"https:\/\/www.diarioimagen.net\/index.php?rest_route=%2Fwp%2Fv2%2Fmedia&parent=585822"}],"wp:term":[{"taxonomy":"category","embeddable":true,"href":"https:\/\/www.diarioimagen.net\/index.php?rest_route=%2Fwp%2Fv2%2Fcategories&post=585822"},{"taxonomy":"post_tag","embeddable":true,"href":"https:\/\/www.diarioimagen.net\/index.php?rest_route=%2Fwp%2Fv2%2Ftags&post=585822"}],"curies":[{"name":"wp","href":"https:\/\/api.w.org\/{rel}","templated":true}]}}