{"id":585832,"date":"2023-06-02T00:07:35","date_gmt":"2023-06-02T06:07:35","guid":{"rendered":"https:\/\/www.diarioimagen.net\/?p=585832"},"modified":"2023-06-02T01:02:29","modified_gmt":"2023-06-02T07:02:29","slug":"el-supuesto-acuerdo-sin-costo-del-gobierno-con-larrea-deja-muchas-dudas","status":"publish","type":"post","link":"https:\/\/www.diarioimagen.net\/?p=585832","title":{"rendered":"El supuesto acuerdo \u201csin costo\u201d del gobierno con Larrea deja muchas dudas"},"content":{"rendered":"<h2>Clase Pol\u00edtica<\/h2>\n<h5>Miguel \u00c1ngel Rivera<strong>\u00a0<\/strong><\/h5>\n<p>&nbsp;<\/p>\n<p>Como resulta casi siempre que el presidente Andr\u00e9s Manuel L\u00f3pez Obrador anuncia \u201clogros\u201d de su administraci\u00f3n, quedan dudas o vac\u00edos de informaci\u00f3n que no permiten medir esos supuestos avances o beneficios en su exacta dimensi\u00f3n.<\/p>\n<p>De forma natural, al surgir las dudas o interrogantes, se recuerda el estudio realizado por la empresa <strong><em>Spin-Taller De Comunicaci\u00f3n Pol\u00edtica<\/em><\/strong>, cuyos investigadores han tenido la paciencia y la capacidad para cotejar todas las afirmaciones del primer mandatario con la realidad o con fuentes totalmente confiables.<\/p>\n<p>As\u00ed, la organizaci\u00f3n dirigida por Luis Estrada lleg\u00f3 en octubre del a\u00f1o pasado a determinar que, en cuatro a\u00f1os de gobierno, L\u00f3pez Obrador ha pronunciado 101 mil 155 mentiras, un promedio de 103 por conferencia de prensa, 230 por ciento m\u00e1s de las que Donald Trump dijo durante su gobierno.<\/p>\n<p>Los detalles de las averiguaciones de esa organizaci\u00f3n se pueden conocer en el libro <strong><em>El Imperio de los otros datos: Tres a\u00f1os de falsedades y enga\u00f1os desde Palacio<\/em><\/strong>, firmada por el mencionado Luis Estrada Straffon.<\/p>\n<p>La presentaci\u00f3n, incluida en el portal de Spin-Taller de Comunicaci\u00f3n Pol\u00edtica, manifiesta:<\/p>\n<p>\u201cFalsedades, inexactitudes y mentiras dichas por el Presidente de la Rep\u00fablica. Las conferencias matutinas de Andr\u00e9s Manuel L\u00f3pez Obrador se convirtieron en el imperio de \u00ablos otros datos\u00bb. El mandatario prometi\u00f3 que las ma\u00f1aneras ser\u00edan una herramienta de transparencia, pero desde el d\u00eda uno de su gobierno devinieron en instrumentos de propaganda y desinformaci\u00f3n. Luis Estrada, director del centro de an\u00e1lisis Spin, ha llevado la cuenta \u2014d\u00eda a d\u00eda y palabra a palabra\u2014 de las imposturas del presidente en la primera mitad de su gesti\u00f3n, de los enemigos que ha fabricado y de las guerras que ha alimentado con sus palabras. En este libro enumera y analiza, as\u00ed, las obsesiones de L\u00f3pez Obrador, sus terrores, sus fantasmas, la ligereza con la que habla, el fr\u00edo de sus acusaciones y los enga\u00f1os que ha elegido difundir\u201d.<\/p>\n<p>Cabe precisar que el segundo apellido de Luis Estrada es Straffon, para no confundirlo con su hom\u00f3nimo el director de cine Luis Estrada Rodr\u00edguez, autor del premiado filme <strong><em>\u00a1Que viva M\u00e9xico!<\/em><\/strong>, que trata en forma sat\u00edrica al gobierno de L\u00f3pez Obrador, como antes lo hizo con sus obras anteriores, <strong><em>La ley de Herodes (<\/em><\/strong>1999), <strong><em>Un mundo maravilloso<\/em><\/strong> (2006), <strong><em>El infierno<\/em><\/strong> (2010) y <strong><em>La dictadura perfecta<\/em><\/strong> (2014). Su m\u00e1s reciente trabajo le vali\u00f3 que el actual primer mandatario, convertido en cr\u00edtico cinematogr\u00e1fico, en su tradicional ma\u00f1anera, afirm\u00f3 que es un \u201cchurro\u201d, el cual s\u00f3lo podr\u00e1n disfrutar los conservadores, resaltando que por esa raz\u00f3n le podr\u00e1 ir bien en la taquilla.<\/p>\n<p>\u201cEs una pel\u00edcula de cineastas buena ondita, progres buena ondita, pero es para consumo de los conservadores\u201d, coment\u00f3 el jefe del Ejecutivo federal.<\/p>\n<p style=\"text-align: center;\"><strong>La informaci\u00f3n completa se mantiene en<br \/>\nsecreto por ser un asunto de seguridad nacional<\/strong><\/p>\n<p>Todos estos antecedentes surgen porque AMLO anunci\u00f3 que, sin costo para la Naci\u00f3n, hab\u00eda concretado un acuerdo con el empresario Germ\u00e1n Larrea, presidente del Grupo M\u00e9xico, para que devolviera un tramo de ferrocarril que ten\u00eda concesionado y que la actual administraci\u00f3n considera necesarios para su monumental proyecto del Ferrocarril Trans\u00edstmico, que comunicar\u00e1 los puertos de Salina Cruz, en el Pac\u00edfico, con Coatzacoalcos, en el Atl\u00e1ntico, y que se considera una ben\u00e9fica alternativa del Canal de Panam\u00e1 y ser\u00e1 el detonante del desarrollo econ\u00f3mico del sureste del pa\u00eds.<\/p>\n<p>En realidad, por instrucciones presidenciales, elementos de la Marina tomaron el control, desde hace un mes, de las instalaciones que \u201cvoluntariamente\u201d cedi\u00f3 Larrea.<\/p>\n<p>En su ma\u00f1anera, el Presidente dijo que, se lleg\u00f3 a un acuerdo con Grupo M\u00e9xico, por el cual el gobierno recupera la concesi\u00f3n de tres v\u00edas de Ferrosur, a cambio de ampliar ocho a\u00f1os de una concesi\u00f3n ferroviaria de Medias Aguas a Veracruz y un pago de cuota. As\u00ed, Ferrosur extender\u00e1 su concesi\u00f3n hasta 2056 por entregar v\u00edas al gobierno de M\u00e9xico.<\/p>\n<p>Dicho acuerdo es favorable y evita caer en litigios con la empresa.<\/p>\n<p>En la misma conferencia, el secretario de Gobernaci\u00f3n, Ad\u00e1n Augusto L\u00f3pez, en cumplimiento de los compromisos que le imponen su cargo y ser \u201ccorcholata\u201d (aspirante presidencial) de Morena tambi\u00e9n coment\u00f3 con emoci\u00f3n el \u201cacuerdo\u201d y destac\u00f3 que Grupo M\u00e9xico retir\u00f3 una demanda por la ocupaci\u00f3n de ese tramo de ferrocarril que ten\u00eda legalmente concesionado.<\/p>\n<p>La primera duda es la relativa al costo de ese convenio, pues si bien el gobierno no entreg\u00f3 de momento ninguna cantidad de efectivo para \u201crecuperar\u201d la l\u00ednea, como lo reconoci\u00f3 L\u00f3pez Obrador, se ampli\u00f3 por ocho a\u00f1os otra concesi\u00f3n al mismo Grupo M\u00e9xico, adem\u00e1s de quedar pendiente \u201cuna cuota\u201d indefinida.<\/p>\n<p>Para el ciudadano ne\u00f3fito, la explicaci\u00f3n oficial puede ser suficiente, pero los especialistas en asuntos financieros notaron un efecto importante para Grupo M\u00e9xico, pues casi de inmediato aumentaron de valor sus acciones en la Bolsa Mexicana de Valores.<\/p>\n<p>\u201cGerm\u00e1n Larrea gana 27 mil 169 millones de pesos en la BMV, tras acuerdo con AMLO sobre tramo ferroviario\u201d, titul\u00f3 su nota informativa el diario <strong><em>Milenio<\/em><\/strong>.<\/p>\n<p>La informaci\u00f3n, firmada por Karen Guzm\u00e1n dice:<\/p>\n<p>\u201cGrupo M\u00e9xico, propiedad del empresario Germ\u00e1n Larrea, gan\u00f3 m\u00e1s de 27 mil 169 millones de pesos en valor de mercado en la Bolsa Mexicana de Valores (BMV) tras alcanzar un acuerdo con el gobierno del presidente Andr\u00e9s Manuel L\u00f3pez Obrador por el tramo de v\u00edas en Coatzacoalcos y la ampliaci\u00f3n de concesiones.<\/p>\n<p>\u201cDurante la jornada de este jueves las acciones de Grupo M\u00e9xico operaron en n\u00fameros positivos. Al cierre del mercado, las acciones tuvieron una ganancia de 4.6 por ciento a 82 pesos por t\u00edtulo; mientras que las acciones de Grupo M\u00e9xico Transportes, que opera Ferrosur, operaron pr\u00e1cticamente sin cambios con una ligera ganancia de 0.12 por ciento\u201d.<\/p>\n<p>Un beneficio, indirecto si se quiere, pero que seguramente no ser\u00e1 despreciado por el segundo hombre m\u00e1s rico de M\u00e9xico.<\/p>\n<p style=\"text-align: center;\"><strong>Santiago Creel presenta controversia contra el segundo \u201cdecretazo\u201d<\/strong><\/p>\n<p>La decisi\u00f3n del presidente L\u00f3pez Obrador de ocultar el costo y la forma como se invierte el dinero p\u00fablico en sus obras insignia ha generado muchas acciones y comentarios en contra, pues viola el derecho del \u201cpueblo sabio\u201d, al que tanto se refiere a conocer el destino de sus impuestos.<\/p>\n<p>Una de sus medidas ha sido mantener inmovilizado al Instituto Nacional de Transparencia, Acceso a la Informaci\u00f3n y Protecci\u00f3n de Datos Personales (INAI) \u2014el \u00f3rgano constitucional facultado para exigir a las instituciones gubernamentales revelar c\u00f3mo ejercen sus presupuestos\u2014 con el respaldo de sus mayor\u00edas en las dos c\u00e1maras del Congreso de la Uni\u00f3n, lo cual ha generado protestas que han sido declaradas v\u00e1lidas, como lo hemos comentado en los \u00faltimos d\u00edas.<\/p>\n<p>Como complemento, para no dar a conocer los detalles del costo y la forma como se asignan los contratos de obras, el jefe del Ejecutivo ha recurrido a sendos decretos por los cuales autoriza a sus dependencias a conservar en secreto los datos relativos.<\/p>\n<p>El primer mandato, conocido popularmente como el \u201cdecretazo\u201d, fue invalidado por la Suprema Corte de Justicia, sentencia que ha contribuido a fomentar la ira presidencial que se manifiesta en continuos insultos y descalificaciones contra los ministros y, especialmente, su presidenta, Norma Luc\u00eda Pi\u00f1a.<\/p>\n<p>Ahora viene la embestida contra el segundo decreto que, con variantes m\u00ednimas, tiene el mismo fin: Proteger de miradas ajenas el gasto gubernamental.<\/p>\n<p>Como parte de esa ofensiva, el presidente de la C\u00e1mara de Diputados y precandidatos presidencial del PAN, Santiago Creel Miranda, present\u00f3 a nombre de ese \u00f3rgano legislativo otra controversia constitucional para anular el segundo \u201cdecretazo\u201d que<\/p>\n<p>declara como \u201cde seguridad nacional\u201d las obras del Tren Maya y del Corredor Iinteroce\u00e1nico del Istmo de Tehuantepec, as\u00ed como los aeropuertos de Palenque, Chetumal y Tulum, a fin de reservar toda la informaci\u00f3n sobre dichos proyectos.<\/p>\n<p>Es probable que Creel sea repudiado por la mayor\u00eda de sus colegas, que se declaran incondicionales de la llamada Cuarta Transformaci\u00f3n, sobre todo, de su l\u00edder y gu\u00eda, el presidente L\u00f3pez Obrador, pero aun as\u00ed advirti\u00f3 en redes sociales que si L\u00f3pez Obrador insiste en expedir un nuevo decreto, la C\u00e1mara de Diputados impugnar\u00e1 cuantas veces sea necesario.<\/p>\n<p><em><a href=\"mailto:riparcangel@hotmail.com\" target=\"_blank\" rel=\"noopener noreferrer\">riparcangel@hotmail.com<\/a><\/em><\/p>\n","protected":false},"excerpt":{"rendered":"<p><span style=\"color: #005497;\"><strong>Miguel \u00c1ngel Rivera<\/strong><\/span><\/p>\n","protected":false},"author":3,"featured_media":0,"comment_status":"open","ping_status":"open","sticky":false,"template":"","format":"standard","meta":{"_monsterinsights_skip_tracking":false,"_monsterinsights_sitenote_active":false,"_monsterinsights_sitenote_note":"","_monsterinsights_sitenote_category":0,"footnotes":""},"categories":[84119],"tags":[84120,84121,43674],"class_list":["post-585832","post","type-post","status-publish","format-standard","hentry","category-miguel-angel-rivera","tag-clase-politica","tag-miguel-angel-rivera","tag-opinion"],"_links":{"self":[{"href":"https:\/\/www.diarioimagen.net\/index.php?rest_route=\/wp\/v2\/posts\/585832","targetHints":{"allow":["GET"]}}],"collection":[{"href":"https:\/\/www.diarioimagen.net\/index.php?rest_route=\/wp\/v2\/posts"}],"about":[{"href":"https:\/\/www.diarioimagen.net\/index.php?rest_route=\/wp\/v2\/types\/post"}],"author":[{"embeddable":true,"href":"https:\/\/www.diarioimagen.net\/index.php?rest_route=\/wp\/v2\/users\/3"}],"replies":[{"embeddable":true,"href":"https:\/\/www.diarioimagen.net\/index.php?rest_route=%2Fwp%2Fv2%2Fcomments&post=585832"}],"version-history":[{"count":0,"href":"https:\/\/www.diarioimagen.net\/index.php?rest_route=\/wp\/v2\/posts\/585832\/revisions"}],"wp:attachment":[{"href":"https:\/\/www.diarioimagen.net\/index.php?rest_route=%2Fwp%2Fv2%2Fmedia&parent=585832"}],"wp:term":[{"taxonomy":"category","embeddable":true,"href":"https:\/\/www.diarioimagen.net\/index.php?rest_route=%2Fwp%2Fv2%2Fcategories&post=585832"},{"taxonomy":"post_tag","embeddable":true,"href":"https:\/\/www.diarioimagen.net\/index.php?rest_route=%2Fwp%2Fv2%2Ftags&post=585832"}],"curies":[{"name":"wp","href":"https:\/\/api.w.org\/{rel}","templated":true}]}}