{"id":585898,"date":"2023-06-05T00:01:03","date_gmt":"2023-06-05T06:01:03","guid":{"rendered":"https:\/\/www.diarioimagen.net\/?p=585898"},"modified":"2023-06-05T23:28:51","modified_gmt":"2023-06-06T05:28:51","slug":"jueces-y-empleados-de-apoyo-judicial-cimiento-y-fortaleza-del-pjcdmx-mag-guerra-alvarez","status":"publish","type":"post","link":"https:\/\/www.diarioimagen.net\/?p=585898","title":{"rendered":"Jueces y empleados de apoyo judicial, cimiento y fortaleza del PJCDMX: mag. Guerra \u00c1lvarez"},"content":{"rendered":"<p>&nbsp;<\/p>\n<ul>\n<li><strong><em>El presidente del PJCDMX as\u00ed lo subray\u00f3 en recorridos por sedes del \u00f3rgano judicial con sede en los reclusorios Sur y Oriente, en donde supervis\u00f3 obras que se realizan para contar con mejores espacios f\u00edsicos para la impartici\u00f3n de justicia<\/em><\/strong><\/li>\n<\/ul>\n<p>&nbsp;<\/p>\n<div id=\"attachment_585991\" style=\"width: 470px\" class=\"wp-caption aligncenter\"><a href=\"https:\/\/www.diarioimagen.net\/?attachment_id=585991\" rel=\"attachment wp-att-585991\"><img loading=\"lazy\" decoding=\"async\" aria-describedby=\"caption-attachment-585991\" class=\"size-full wp-image-585991\" src=\"https:\/\/www.diarioimagen.net\/wp-content\/uploads\/2023\/06\/tribunal-1.jpg\" alt=\"\" width=\"460\" height=\"270\" \/><\/a><p id=\"caption-attachment-585991\" class=\"wp-caption-text\">Acompa\u00f1ado de consejeros de la Judicatura el magistrado presidente, Rafael Guerra \u00c1lvarez, enfatiz\u00f3 que son los empleados judiciales cimiento y fortaleza de la instituci\u00f3n.<\/p><\/div>\n<p>&nbsp;<\/p>\n<p>Ante juzgadores del sistema procesal penal acusatorio y de penal de proceso escrito, as\u00ed como de sus colaboradores, el presidente del Poder Judicial de la Ciudad de M\u00e9xico (PJCDMX), magistrado Rafael Guerra \u00c1lvarez, afirm\u00f3 que son todos ellos cimiento y fortaleza de la instituci\u00f3n, la cual hoy brinda una mejor impartici\u00f3n de justicia.<\/p>\n<p>As\u00ed lo puntualiz\u00f3 en recorridos realizados este jueves y viernes en las \u00e1reas del \u00f3rgano judicial capitalino con sede en los reclusorios varoniles Sur y Oriente, a donde, adem\u00e1s de expresar su reconocimiento a las plantillas laborales, supervis\u00f3 obras que realiza su administraci\u00f3n para contar con mejores espacios f\u00edsicos para la impartici\u00f3n de justicia.<\/p>\n<p>Tambi\u00e9n solicit\u00f3 informes, en los juzgados penales de proceso escrito, actualmente en proceso de extinci\u00f3n, sobre la no existencia de procesados sin sentencia.<\/p>\n<p>En los inmuebles del PJCDMX con sede en el reclusorio Oriente, el magistrado Guerra recorri\u00f3 \u00e1reas del edificio que a\u00fan dan cabida a juzgados de proceso escrito, pero que actualmente cuenta con \u00e1reas de remodelaci\u00f3n para albergar unidades de gesti\u00f3n judicial para apoyo de jueces de control y de ejecuci\u00f3n de sanciones penales.<\/p>\n<p>Tras recorrer salas de oralidad en proceso de habilitaci\u00f3n, as\u00ed como \u00e1reas que albergar\u00e1n unidades de gesti\u00f3n judicial, Guerra \u00c1lvarez instruy\u00f3 que se mantenga el avance de la remodelaci\u00f3n, a fin de que esos edificios cuenten con la infraestructura necesaria requerida para la impartici\u00f3n de justicia a trav\u00e9s del sistema procesal penal acusatorio.<\/p>\n<p>Acompa\u00f1ado por consejeros de la Judicatura de la Ciudad de M\u00e9xico, as\u00ed como de personal de las \u00e1reas operativas de la Oficial\u00eda Mayor, durante los recorridos el magistrado tuvo la oportunidad de visitar el Juzgado 19 Penal, con sede en el Reclusorio Oriente, del cual fue titular, y donde se reencontr\u00f3 con sus antiguos compa\u00f1eros.<\/p>\n<p>En tanto, en su recorrido de trabajo por el Reclusorio Sur, el magistrado visit\u00f3 las dos unidades de gesti\u00f3n judicial, que dan apoyo a siete jueces del sistema procesal penal acusatorio, con quien dialog\u00f3 y a quienes expres\u00f3 el apoyo de su administraci\u00f3n para la realizaci\u00f3n de sus labores.<\/p>\n<p>Tambi\u00e9n ah\u00ed visit\u00f3 sedes de juzgados penales de proceso escrito, los cuales progresivamente se han venido extinguiendo, ante la entrada en operaci\u00f3n del sistema procesal acusatorio, a partir de 2015, y donde pregunt\u00f3 sobre la existencia de causas en las que el procesado a\u00fan no fuera sentenciado.<\/p>\n<p>En la sede del Reclusorio Sur, Guerra \u00c1lvarez fue invitado por el subsecretario de Sistema Penitenciario, de la Secretaria de Seguridad Ciudadana, Omar Reyes Colmenares, a efectuar un recorrido por el centro de internamiento, durante el cual le coment\u00f3 que la poblaci\u00f3n penitenciaria actual en ese recinto asciende a 3,929 personas privadas de la libertad.<\/p>\n<p>Durante la visita, el subsecretario guio al magistrado Guerra a las \u00e1reas donde internos son empleados en la elaboraci\u00f3n de tortillas, pan y la comida que se sirve para las personas privadas de la libertad. Asimismo, a los talleres donde los internos se ocupan en oficios como carpinter\u00eda, artesan\u00edas y reparaci\u00f3n de electrodom\u00e9sticos, as\u00ed como en donde realizan pegado de tr\u00edpticos para empresas de la iniciativa privada.<\/p>\n<p>Los recorridos efectuados en las \u00e1reas del tribunal de los reclusorios Sur y Oriente son parte de un programa implementado por el magistrado Guerra \u00c1lvarez para visitar todas y cada una de las \u00e1reas del \u00f3rgano judicial capitalino, que iniciaron recientemente con la visita a los tribunales laborales y al Centro de Justicia Alternativa.<\/p>\n<p>Durante los recorridos, el magistrado estuvo acompa\u00f1ado por los consejeros de la Judicatura de la Ciudad de M\u00e9xico Emma Campos Burgos, Esperanza Hern\u00e1ndez Valero, Ricardo Amezcua Gal\u00e1n y Andr\u00e9s Linares Carranza, as\u00ed como del oficial mayor, Sergio Fontes Granados y titulares de diversas \u00e1reas administrativas y de apoyo judicial, entre otros.<\/p>\n","protected":false},"excerpt":{"rendered":"<p>Ante juzgadores del sistema procesal penal acusatorio y de penal de proceso escrito, as\u00ed como de sus colaboradores, el presidente del Poder Judicial de la Ciudad de M\u00e9xico (PJCDMX), magistrado Rafael Guerra \u00c1lvarez, afirm\u00f3 que son todos ellos cimiento y fortaleza de la instituci\u00f3n, la cual hoy brinda una mejor impartici\u00f3n de justicia.<\/p>\n","protected":false},"author":3,"featured_media":585991,"comment_status":"open","ping_status":"open","sticky":false,"template":"","format":"standard","meta":{"_monsterinsights_skip_tracking":false,"_monsterinsights_sitenote_active":false,"_monsterinsights_sitenote_note":"","_monsterinsights_sitenote_category":0,"footnotes":""},"categories":[6],"tags":[87379,97993],"class_list":["post-585898","post","type-post","status-publish","format-standard","has-post-thumbnail","hentry","category-cd-de-mexico","tag-pjcdmx","tag-poder-judicial-de-la-ciudad-de-mexico-empleados"],"_links":{"self":[{"href":"https:\/\/www.diarioimagen.net\/index.php?rest_route=\/wp\/v2\/posts\/585898","targetHints":{"allow":["GET"]}}],"collection":[{"href":"https:\/\/www.diarioimagen.net\/index.php?rest_route=\/wp\/v2\/posts"}],"about":[{"href":"https:\/\/www.diarioimagen.net\/index.php?rest_route=\/wp\/v2\/types\/post"}],"author":[{"embeddable":true,"href":"https:\/\/www.diarioimagen.net\/index.php?rest_route=\/wp\/v2\/users\/3"}],"replies":[{"embeddable":true,"href":"https:\/\/www.diarioimagen.net\/index.php?rest_route=%2Fwp%2Fv2%2Fcomments&post=585898"}],"version-history":[{"count":0,"href":"https:\/\/www.diarioimagen.net\/index.php?rest_route=\/wp\/v2\/posts\/585898\/revisions"}],"wp:featuredmedia":[{"embeddable":true,"href":"https:\/\/www.diarioimagen.net\/index.php?rest_route=\/wp\/v2\/media\/585991"}],"wp:attachment":[{"href":"https:\/\/www.diarioimagen.net\/index.php?rest_route=%2Fwp%2Fv2%2Fmedia&parent=585898"}],"wp:term":[{"taxonomy":"category","embeddable":true,"href":"https:\/\/www.diarioimagen.net\/index.php?rest_route=%2Fwp%2Fv2%2Fcategories&post=585898"},{"taxonomy":"post_tag","embeddable":true,"href":"https:\/\/www.diarioimagen.net\/index.php?rest_route=%2Fwp%2Fv2%2Ftags&post=585898"}],"curies":[{"name":"wp","href":"https:\/\/api.w.org\/{rel}","templated":true}]}}