{"id":586032,"date":"2023-06-06T00:03:27","date_gmt":"2023-06-06T06:03:27","guid":{"rendered":"https:\/\/www.diarioimagen.net\/?p=586032"},"modified":"2023-06-07T00:35:46","modified_gmt":"2023-06-07T06:35:46","slug":"inicia-conatrib-cruzada-por-recursos-para-implementar-codigo-nacional-de-procedimientos-civiles-y-familiares","status":"publish","type":"post","link":"https:\/\/www.diarioimagen.net\/?p=586032","title":{"rendered":"Inicia Conatrib cruzada por recursos para implementar C\u00f3digo Nacional de Procedimientos Civiles y Familiares"},"content":{"rendered":"<p>&nbsp;<\/p>\n<ul>\n<li><strong><em>Este martes, titulares de poderes judiciales de todo el pa\u00eds, encabezados por el presidente de la Conatrib, magistrado Rafael Guerra \u00c1lvarez, se reunir\u00e1n con diputados de la Comisi\u00f3n de Presupuesto y Cuenta P\u00fablica<\/em><\/strong><\/li>\n<li><strong><em>Se\u00f1alar\u00e1n la necesidad de modificar el art\u00edculo 6\u00ba Transitorio del citado c\u00f3digo, cuyo tercer p\u00e1rrafo supone que los tribunales ya cuentan con los juzgados que requerir\u00e1n y que sugiere s\u00f3lo su reacomodo<\/em><\/strong><\/li>\n<\/ul>\n<p>&nbsp;<\/p>\n<div id=\"attachment_586136\" style=\"width: 470px\" class=\"wp-caption aligncenter\"><a href=\"https:\/\/www.diarioimagen.net\/?attachment_id=586136\" rel=\"attachment wp-att-586136\"><img loading=\"lazy\" decoding=\"async\" aria-describedby=\"caption-attachment-586136\" class=\"wp-image-586136 size-full\" src=\"https:\/\/www.diarioimagen.net\/wp-content\/uploads\/2023\/06\/tribunal-2.jpg\" alt=\"\" width=\"460\" height=\"270\" \/><\/a><p id=\"caption-attachment-586136\" class=\"wp-caption-text\">Ante diputados de la Comisi\u00f3n de Presupuesto y Cuenta P\u00fablica, los titulares de los poderes judiciales de todo el pa\u00eds, se\u00f1alar\u00e1n este martes la urgente necesidad de modificar el art\u00edculo 6\u00ba Transitorio del citado ordenamiento legal, con la supresi\u00f3n del p\u00e1rrafo tercero.<\/p><\/div>\n<p>&nbsp;<\/p>\n<p>Los titulares de los poderes judiciales de todo el pa\u00eds, encabezados por el presidente de la Comisi\u00f3n Nacional de Tribunales Superiores de Justicia de los Estados Unidos Mexicanos (Conatrib), magistrado Rafael Guerra \u00c1lvarez, iniciar\u00e1n esta semana una cruzada en la C\u00e1mara de Diputados para que se les asignen los recursos necesarios y poder aplicar de manera cabal y sin contratiempos el reci\u00e9n aprobado C\u00f3digo Nacional de Procedimientos Civiles y Familiares en el plazo de cuatro a\u00f1os, como lo establece la <em>vacatio legis<\/em>.<\/p>\n<p>Ante diputados de la Comisi\u00f3n de Presupuesto y Cuenta P\u00fablica, este martes se\u00f1alar\u00e1n la urgente necesidad de modificar el art\u00edculo 6\u00ba Transitorio del citado ordenamiento legal, con la supresi\u00f3n del p\u00e1rrafo tercero, el cual supone que los tribunales ya cuentan con los juzgados que requerir\u00e1n para la operaci\u00f3n del nuevo c\u00f3digo, y en el que se sugiere s\u00f3lo un reacomodo de los \u00f3rganos jurisdiccionales de las materias civil y familiar.<\/p>\n<p>Los 32 presidentes plantear\u00e1n a los legisladores que esto no es as\u00ed, a fin de alertarlos de los riesgos que implicar\u00eda el no contar con los recursos presupuestales para la implementaci\u00f3n de tan importante disposici\u00f3n legislativa, de la cual no hay precedente en el pa\u00eds para la impartici\u00f3n de justicia en las materias civil y familiar, y cuya aprobaci\u00f3n en el Congreso de la Uni\u00f3n supuso la emisi\u00f3n de una legislaci\u00f3n de avanzada capaz de proteger al indefenso de manera expedita y de fondo, mediante procesos en los que todos tengan certezas sobre sus derechos.<\/p>\n<p>En el encuentro a realizarse en la C\u00e1mara de Diputados, la Conatrib pondr\u00e1 al tanto a los legisladores de la experiencia que han tenido los poderes judiciales con la implementaci\u00f3n de otras reformas constitucionales, las m\u00e1s reciente, la laboral, en cuanto impacto en sus cargas de trabajo y afectaci\u00f3n a sus recursos humanos y gastos de operaci\u00f3n.<\/p>\n<p>Pondr\u00e1n sobre la mesa que la Conatrib precisa de un esquema similar al que se implement\u00f3 para la puesta en operaci\u00f3n del sistema procesal penal acusatorio, en 2015, el cual si bien no fue el \u00f3ptimo s\u00ed permiti\u00f3 hacer posible su ejecuci\u00f3n, mediante la autorizaci\u00f3n de recursos tanto federales como locales, con los que fue factible su arranque.<\/p>\n<p>Respecto a la implementaci\u00f3n de la materia laboral, se se\u00f1alar\u00e1 a los legisladores que el recurso federal fue muy limitado, en tanto que el de car\u00e1cter estatal no fue previsto en la proporci\u00f3n que se hizo con el sistema procesal penal acusatorio, lo que orill\u00f3 a los tribunales a una crisis en sus presupuestos, que los tiene en la actualidad en condiciones no favorables para la implementaci\u00f3n de una nueva encomienda constitucional de gran calado, como la que est\u00e1n por afrontar.<\/p>\n<p>A la par de ese intercambio de ideas con los legisladores de la citada comisi\u00f3n, cada uno de los presidentes y presidentas de los \u00f3rganos judiciales locales buscar\u00e1n dialogar con los diputados federales de sus entidades, a fin de sensibilizarlos sobre la necesidad de recursos, as\u00ed como a los congresos locales de cada estado.<\/p>\n","protected":false},"excerpt":{"rendered":"<p>Los titulares de los poderes judiciales de todo el pa\u00eds, encabezados por el presidente de la Comisi\u00f3n Nacional de Tribunales Superiores de Justicia de los Estados Unidos Mexicanos (Conatrib), magistrado Rafael Guerra \u00c1lvarez, iniciar\u00e1n esta semana una cruzada en la C\u00e1mara de Diputados para que se les asignen los recursos necesarios y poder aplicar de manera cabal y sin contratiempos el reci\u00e9n aprobado C\u00f3digo Nacional de Procedimientos Civiles y Familiares en el plazo de cuatro a\u00f1os, como lo establece la <em>vacatio legis<\/em>.<\/p>\n","protected":false},"author":3,"featured_media":586136,"comment_status":"open","ping_status":"open","sticky":false,"template":"","format":"standard","meta":{"_monsterinsights_skip_tracking":false,"_monsterinsights_sitenote_active":false,"_monsterinsights_sitenote_note":"","_monsterinsights_sitenote_category":0,"footnotes":""},"categories":[6],"tags":[34444,4103,97997],"class_list":["post-586032","post","type-post","status-publish","format-standard","has-post-thumbnail","hentry","category-cd-de-mexico","tag-cdmx","tag-conatrib","tag-vacatio-legis"],"_links":{"self":[{"href":"https:\/\/www.diarioimagen.net\/index.php?rest_route=\/wp\/v2\/posts\/586032","targetHints":{"allow":["GET"]}}],"collection":[{"href":"https:\/\/www.diarioimagen.net\/index.php?rest_route=\/wp\/v2\/posts"}],"about":[{"href":"https:\/\/www.diarioimagen.net\/index.php?rest_route=\/wp\/v2\/types\/post"}],"author":[{"embeddable":true,"href":"https:\/\/www.diarioimagen.net\/index.php?rest_route=\/wp\/v2\/users\/3"}],"replies":[{"embeddable":true,"href":"https:\/\/www.diarioimagen.net\/index.php?rest_route=%2Fwp%2Fv2%2Fcomments&post=586032"}],"version-history":[{"count":0,"href":"https:\/\/www.diarioimagen.net\/index.php?rest_route=\/wp\/v2\/posts\/586032\/revisions"}],"wp:featuredmedia":[{"embeddable":true,"href":"https:\/\/www.diarioimagen.net\/index.php?rest_route=\/wp\/v2\/media\/586136"}],"wp:attachment":[{"href":"https:\/\/www.diarioimagen.net\/index.php?rest_route=%2Fwp%2Fv2%2Fmedia&parent=586032"}],"wp:term":[{"taxonomy":"category","embeddable":true,"href":"https:\/\/www.diarioimagen.net\/index.php?rest_route=%2Fwp%2Fv2%2Fcategories&post=586032"},{"taxonomy":"post_tag","embeddable":true,"href":"https:\/\/www.diarioimagen.net\/index.php?rest_route=%2Fwp%2Fv2%2Ftags&post=586032"}],"curies":[{"name":"wp","href":"https:\/\/api.w.org\/{rel}","templated":true}]}}