{"id":586126,"date":"2023-06-06T00:07:24","date_gmt":"2023-06-06T06:07:24","guid":{"rendered":"https:\/\/www.diarioimagen.net\/?p=586126"},"modified":"2023-06-06T00:42:46","modified_gmt":"2023-06-06T06:42:46","slug":"de-nuevo-extienden-certificados-de-defuncion-para-el-pri-y-para-el-prd","status":"publish","type":"post","link":"https:\/\/www.diarioimagen.net\/?p=586126","title":{"rendered":"De nuevo, extienden certificados de defunci\u00f3n para el PRI y para el PRD"},"content":{"rendered":"<h2>Clase Pol\u00edtica<\/h2>\n<h5>Miguel \u00c1ngel Rivera<strong>\u00a0<\/strong><\/h5>\n<p>&nbsp;<\/p>\n<p>Como sea, los resultados de las elecciones del pasado domingo dejan una percepci\u00f3n de velorio.<\/p>\n<p>Esto porque nuevamente se extienden certificados de defunci\u00f3n al otrora invencible Partido Revolucionario Institucional (PRI), que con sus antecesores Partido Nacional Revolucionario (PNR) y Partido de la Revoluci\u00f3n Mexicana (PRM) domin\u00f3 el escenario pol\u00edtico nacional durante m\u00e1s de siete d\u00e9cadas, de 1928 al 2000.<\/p>\n<p>Luego de perder su \u00faltimo basti\u00f3n, el Estado de M\u00e9xico, nuevamente surgen los vaticinios en el sentido de que el \u00fanico futuro que le queda al PRI es el camposanto o, por lo menos, ir a engrosar las filas de la llamada \u201cchiquillada\u201d, una especie de segunda divisi\u00f3n en la pol\u00edtica nacional, en donde sus integrantes s\u00f3lo tienen vida si aceptan convertirse en sat\u00e9lites de uno de los \u201cgrandes\u201d, de preferencia la fuerza n\u00famero uno, como lo es ahora Morena.<\/p>\n<p>Luego de que en un largo periodo detentaba los gobiernos de todas las entidades federativas, el PRI conserva dos gobiernos estatales, Coahuila y Durango, pero \u2014con todo respeto para sus ciudadanos\u2014 m\u00e1s all\u00e1 de su importancia econ\u00f3mica por el desarrollo industrial del primero y el potencial agropecuario del segundo, no se acercan al valor pol\u00edtico del Edomex con sus m\u00e1s de 12 millones de ciudadanos inscritos en el padr\u00f3n electoral.<\/p>\n<p>Pero si el PRI acumula pron\u00f3sticos pesimistas, el que de plano ya empieza a recibir actas de defunci\u00f3n es su ahora aliado el Partido de la Revoluci\u00f3n Democr\u00e1tica (PRD), que ha perdido su registro oficial en m\u00e1s de la mitad de las 32 entidades federativas.<\/p>\n<p style=\"text-align: center;\"><strong>P\u00e9simos resultados para el PRI y el PRD<\/strong><\/p>\n<p>El PRD creci\u00f3 a partir de la llamada Corriente Democr\u00e1tica, que debilit\u00f3 al tricolor.<\/p>\n<p>Pero, as\u00ed como una sola corriente de inconformes rest\u00f3 gran parte de la base priista, dentro del PRD, integrado por organizaciones de diversos or\u00edgenes surgieron varias corrientes que finalmente rompieron y buscaron otros rumbos. Dentro de ese instituto tom\u00f3 gran fuerza un ex priista tabasque\u00f1o, de nombre Andr\u00e9s Manuel L\u00f3pez Obrador, cobijado primero por C\u00e1rdenas y otros fundadores, pero que luego se fortaleci\u00f3 a tal grado que fund\u00f3 su propia organizaci\u00f3n, el denominado Movimiento de Regeneraci\u00f3n Nacional (Morena).<\/p>\n<p>En la medida en que Morena, en muy breve plazo, conquistaba m\u00e1s posiciones, la votaci\u00f3n del PRD \u2014y tambi\u00e9n de la fuente madre, el PRI\u2014 iba en descenso, hasta llegar al punto culminante, las elecciones federales de 2008, en las que L\u00f3pez Obrador materializ\u00f3 su ambici\u00f3n de conquistar la Presidencia de la Rep\u00fablica.<\/p>\n<p>Ante la incapacidad de los partidos de oposici\u00f3n para oponer resistencia en forma individual, se materializ\u00f3 la idea de una coalici\u00f3n, que empez\u00f3 a operar en las elecciones federales intermedias de 2021.<\/p>\n<p>El saldo fue que Morena y sus r\u00e9moras del PT y el PVEM (Juntos Hacemos Historia), conquistaron el 62 % de los distritos en disputa (186 de 300), mientras que la alianza del PAN, PRI y PRD (Va por M\u00e9xico) obtuvo el triunfo (independiente o colectivamente) en 35.7 % de los distritos (107). Morena le arrebat\u00f3 al PRI los gobiernos de Campeche, Colima, Guerrero, Nayarit, Oaxaca, Sinaloa, Sonora y Tlaxcala.<\/p>\n<p style=\"text-align: center;\"><strong>Los dirigentes del PRI y del PRD no se dan por enterados<\/strong><\/p>\n<p>A pesar de tantos pron\u00f3sticos e inclusive testimonios f\u00fanebres, los dirigentes del PRI, Alejandro Moreno C\u00e1rdenas y del PRD, Jes\u00fas Zambrano Grijalva, todav\u00eda se dan \u00e1nimos y creen en una posible victoria sobre Morena y sus sat\u00e9lites.<\/p>\n<p>A menos de un a\u00f1o de la elecci\u00f3n presidencial, los presidentes del PRI y del PRD, participaron junto con su equivalente del PAN, Marko Cort\u00e9s Mendoza, en una conferencia conjunta donde sostuvieron que, a pesar de la derrota en el estado de M\u00e9xico, consideran posible ganar la elecci\u00f3n presidencial de 2024 porque su alianza es \u201cpotente\u201d.<\/p>\n<p>Marko Cort\u00e9s manifest\u00f3 que en 2021 Va por M\u00e9xico logr\u00f3 obtener en las urnas 200 diputados federales y un total de 3.5 millones de votos en Estado de M\u00e9xico y Coahuila, casi igual que sucedi\u00f3 Morena. Dicho de otra manera, en votos salimos nuevamente parejos. \u201cEsto lo que nos quiere decir es que se puede ganar la Presidencia de la Rep\u00fablica\u201d, sostuvo el dirigente nacional del partido azul.<\/p>\n<p>Cort\u00e9s advirti\u00f3 que el abanderado de Va por M\u00e9xico surgir\u00e1 de un proceso con la sociedad civil y ser\u00e1 un prospecto competitivo, cuyo m\u00e9todo de selecci\u00f3n se dar\u00e1 a conocer el pr\u00f3ximo 26 de junio.<\/p>\n<p>\u201cQue no se le vaya a ocurrir al Presidente fingir un pleito con sus corcholatas y querer envi\u00e1rnosla como candidato de la oposici\u00f3n. Lo decimos con claridad, ninguna de las corcholatas ser\u00e1 candidato de la coalici\u00f3n Va por M\u00e9xico. Tenemos con qu\u00e9 y tenemos con quienes, y sabemos para qu\u00e9\u201d, indic\u00f3.<\/p>\n<p>El perredista Zambrano Grijalva se\u00f1al\u00f3 que en el Estado de M\u00e9xico \u201cno se pudo enfrentar la estrategia de elecci\u00f3n de Estado, con la intervenci\u00f3n grosera del presidente de la Rep\u00fablica, llamando a votar por los candidatos de su partido, en abierto desacato de las autoridades y violando la Constituci\u00f3n\u201d.<\/p>\n<p>Agreg\u00f3 que en territorio mexiquense \u201ces muy preocupante la baja participaci\u00f3n ciudadana\u201d, que qued\u00f3 abajo del 50 por ciento, mientras que en Coahuila estuvo arriba del 56. La coalici\u00f3n s\u00ed funciona, dijo, es potente y competitiva, por lo que \u201cno estamos echados para atr\u00e1s e iremos juntos en el 2024 de la mano de la ciudadan\u00eda\u201d.<\/p>\n<p>El dirigente del PRI, Alejandro Moreno, destac\u00f3 que en la elecci\u00f3n del 4 de julio en Coahuila \u201clos barrimos y los arrasamos, les ganamos tres a uno, con una diferencia de tres a uno\u201d, adem\u00e1s del triunfo de todos los candidatos a diputados locales.<\/p>\n<p>Al firmar el acuerdo de la coalici\u00f3n Va por M\u00e9xico para 2024, denominado \u201cLa defensa de M\u00e9xico contin\u00faa\u201d, Moreno C\u00e1rdenas anunci\u00f3 que hoy mismo inician los trabajos de la alianza para construir una candidatura a la Presidencia de la Rep\u00fablica \u201ccon la participaci\u00f3n de todos y el respaldo de los ciudadanos\u201d.<\/p>\n<p>Asegur\u00f3 que se llevar\u00e1n a cabo reuniones con la \u201campl\u00edsima sociedad civil\u201d y vamos a escuchar a todos en cada una de las 32 entidades federativas, para construir un frente pol\u00edtico amplio, de la mano de la sociedad civil, asegur\u00f3.<\/p>\n<p>\u201cDemostramos al oficialismo que cuando vamos todos juntos, trabajando en equipo, no hay nadie que nos gane\u201d, agreg\u00f3 el l\u00edder nacional del PRI, tras destacar que, en el Estado de M\u00e9xico, donde hubo una elecci\u00f3n de Estado, la alianza obtuvo \u201cuna votaci\u00f3n hist\u00f3rica\u201d de cerca de tres millones de votos.<\/p>\n<p>En lo que parece haber una discrepancia, el panista Marko Cort\u00e9s llam\u00f3 a Movimiento Ciudadano a sumarse a la alianza de Va por M\u00e9xico y no \u201cdistraer\u201d el voto opositor que seg\u00fan los c\u00e1lculos de las encuestas representa el 40 por ciento de la intenci\u00f3n del voto del pa\u00eds.<\/p>\n<p>\u201cHacemos un llamado para ganar y para bien gobernar, esperamos que haya altura de miras y poder el proyecto plural m\u00e1s abierto que nunca en donde todos se vean reflejados para poder rescatar a M\u00e9xico, construir una nueva mayor\u00eda en el Congreso de la Uni\u00f3n, ganar gubernaturas y presidencias municipales en el 2024\u201d, recalc\u00f3.<\/p>\n<p>En esto, la actitud del PRI ha sido muy distinta, pues se ha distanciado de MC \u2014cuyo dirigente y fundador es el ex priista Dante Delgado\u2014 y lo ha calificado de servir a los intereses de la llamada Cuarta Transformaci\u00f3n.<\/p>\n<p>En esta posici\u00f3n, es correspondido, pues ayer mismo Dante Delgado Rannauro reafirm\u00f3 que, con el PRI, \u201cni a la esquina\u201d.<\/p>\n<p>El coordinador de MC dijo que Va por M\u00e9xico ha fracasado, \u201cpero no se quieren dar cuenta\u201d.<\/p>\n<p>\u201cEn el PRI ganan m\u00e1s embajadas que gubernaturas, y Movimiento Ciudadano tiene todo para ganar la Presidencia en 2024, adem\u00e1s de que obtendremos la mayor\u00eda del Congreso de la Uni\u00f3n\u201d, dijo el l\u00edder emecista.<\/p>\n<p>El ex mandatario de Veracruz y ahora senador critic\u00f3 que el PRI y el PAN insistan en aliarse, y se\u00f1al\u00f3 que sus dirigentes \u201cest\u00e1n vaciados de pasi\u00f3n, de \u00e1nimo, de compromiso y de falta de inteligencia pol\u00edtica\u201d.<\/p>\n<p>Al igual que lo anunciado por los aliados PAN, PRI y PRD, tambi\u00e9n Delgado Rannauro anunci\u00f3 que su partido definir\u00e1 en julio venidero el m\u00e9todo de elecci\u00f3n de su candidato presidencial, luego de un an\u00e1lisis que hagan los \u00f3rganos internos del partido.<\/p>\n<p>\u201cLo importante es construir un proyecto para ganar. Se trata de encontrar un personaje que tenga credibilidad y presencia en la sociedad. Un proyecto que pueda ser disruptivo, que pueda atraer el inter\u00e9s de la ciudadan\u00eda y que adem\u00e1s toque los temas que son del inter\u00e9s de la sociedad\u201d, afirm\u00f3 el dirigente.<\/p>\n<p><em><a href=\"mailto:riparcangel@hotmail.com\" target=\"_blank\" rel=\"noopener noreferrer\">riparcangel@hotmail.com<\/a><\/em><\/p>\n","protected":false},"excerpt":{"rendered":"<p><span style=\"color: #005497;\"><strong>Miguel \u00c1ngel Rivera<\/strong><\/span><\/p>\n","protected":false},"author":3,"featured_media":0,"comment_status":"open","ping_status":"open","sticky":false,"template":"","format":"standard","meta":{"_monsterinsights_skip_tracking":false,"_monsterinsights_sitenote_active":false,"_monsterinsights_sitenote_note":"","_monsterinsights_sitenote_category":0,"footnotes":""},"categories":[84119],"tags":[84120,84121,43674],"class_list":["post-586126","post","type-post","status-publish","format-standard","hentry","category-miguel-angel-rivera","tag-clase-politica","tag-miguel-angel-rivera","tag-opinion"],"_links":{"self":[{"href":"https:\/\/www.diarioimagen.net\/index.php?rest_route=\/wp\/v2\/posts\/586126","targetHints":{"allow":["GET"]}}],"collection":[{"href":"https:\/\/www.diarioimagen.net\/index.php?rest_route=\/wp\/v2\/posts"}],"about":[{"href":"https:\/\/www.diarioimagen.net\/index.php?rest_route=\/wp\/v2\/types\/post"}],"author":[{"embeddable":true,"href":"https:\/\/www.diarioimagen.net\/index.php?rest_route=\/wp\/v2\/users\/3"}],"replies":[{"embeddable":true,"href":"https:\/\/www.diarioimagen.net\/index.php?rest_route=%2Fwp%2Fv2%2Fcomments&post=586126"}],"version-history":[{"count":0,"href":"https:\/\/www.diarioimagen.net\/index.php?rest_route=\/wp\/v2\/posts\/586126\/revisions"}],"wp:attachment":[{"href":"https:\/\/www.diarioimagen.net\/index.php?rest_route=%2Fwp%2Fv2%2Fmedia&parent=586126"}],"wp:term":[{"taxonomy":"category","embeddable":true,"href":"https:\/\/www.diarioimagen.net\/index.php?rest_route=%2Fwp%2Fv2%2Fcategories&post=586126"},{"taxonomy":"post_tag","embeddable":true,"href":"https:\/\/www.diarioimagen.net\/index.php?rest_route=%2Fwp%2Fv2%2Ftags&post=586126"}],"curies":[{"name":"wp","href":"https:\/\/api.w.org\/{rel}","templated":true}]}}