{"id":586195,"date":"2023-06-07T00:02:36","date_gmt":"2023-06-07T06:02:36","guid":{"rendered":"https:\/\/www.diarioimagen.net\/?p=586195"},"modified":"2023-06-07T23:16:39","modified_gmt":"2023-06-08T05:16:39","slug":"aun-viven-en-pobreza-laboral-48-6-millones-de-mexicanos-coneval","status":"publish","type":"post","link":"https:\/\/www.diarioimagen.net\/?p=586195","title":{"rendered":"A\u00fan viven en pobreza laboral 48.6 millones de mexicanos: Coneval"},"content":{"rendered":"<p>&nbsp;<\/p>\n<h3 style=\"text-align: center;\">No les alcanza salario para comprar canasta alimentaria<\/h3>\n<p><em>\u00a0<\/em><\/p>\n<ul>\n<li><strong><em>Todav\u00eda no se logra alcanzar el m\u00ednimo hist\u00f3rico de 36.6% reportado a inicios de 2020<\/em><\/strong><\/li>\n<\/ul>\n<p>&nbsp;<\/p>\n<div id=\"attachment_586275\" style=\"width: 470px\" class=\"wp-caption aligncenter\"><a href=\"https:\/\/www.diarioimagen.net\/?attachment_id=586275\" rel=\"attachment wp-att-586275\"><img loading=\"lazy\" decoding=\"async\" aria-describedby=\"caption-attachment-586275\" class=\"size-full wp-image-586275\" src=\"https:\/\/www.diarioimagen.net\/wp-content\/uploads\/2023\/06\/POBREZA-LABORAL.jpg\" alt=\"\" width=\"460\" height=\"270\" \/><\/a><p id=\"caption-attachment-586275\" class=\"wp-caption-text\">En el primer trimestre de 2023, un 37.7 % de la poblaci\u00f3n en M\u00e9xico no pudo adquirir una canasta alimentaria con sus ingresos laborales, lo que equivale a 48.6 millones de personas.<\/p><\/div>\n<p>&nbsp;<\/p>\n<p>De acuerdo con el Consejo Nacional de Evaluaci\u00f3n de la Pol\u00edtica de Desarrollo Social (Coneval), durante el primer trimestre de 2023, en M\u00e9xico, 37.7 por ciento de la poblaci\u00f3n no pudo comprar una canasta alimentaria con el ingreso laboral, esto equivale a 48.6 millones de personas.<\/p>\n<p>\u201cEste es el indicador m\u00e1s bajo registrado desde el inicio de la pandemia, los primeros tres meses de 2020 donde la pobreza laboral alcanz\u00f3 a 46 por ciento de los mexicanos\u201d, coment\u00f3 BBVA M\u00e9xico.<\/p>\n<p>A pesar de que este a\u00f1o dicho indicador disminuy\u00f3 1.1 puntos porcentuales, todav\u00eda no logra alcanzar el m\u00ednimo hist\u00f3rico de 36.6 por ciento reportado durante el primer trimestre de 2020.<\/p>\n<p>\u201cEn ese tiempo en que apenas se estaba decantando el inicio del confinamiento domiciliario obligatorio y la suspensi\u00f3n de m\u00faltiples actividades econ\u00f3micas en el mundo y en M\u00e9xico\u201d, coment\u00f3 la firma financiera.<\/p>\n<p>Este porcentaje representa el nivel m\u00e1s bajo desde el comienzo de la pandemia, superando el 46 % registrado en los primeros tres meses de 2020.<\/p>\n<p>Durante los primeros tres meses de este a\u00f1o, el Coneval estim\u00f3 que el 49.6 % de la poblaci\u00f3n que vive en \u00e1reas rurales resid\u00eda en hogares en condici\u00f3n de pobreza laboral, lo cual representa una disminuci\u00f3n de 2.3 puntos porcentuales en comparaci\u00f3n con el primer trimestre de 2022.<\/p>\n<p>Esta cifra marca un nuevo m\u00ednimo hist\u00f3rico en la pobreza laboral rural, superando el r\u00e9cord anterior observado en el periodo de enero a marzo de 2020, cuando alcanz\u00f3 el 50.3 por ciento.<\/p>\n<p>Por otro lado, en las \u00e1reas urbanas se estima que el 34 % de la poblaci\u00f3n se encontraba en condici\u00f3n de pobreza laboral en el primer trimestre de 2023.<\/p>\n<p>Aunque esto representa una reducci\u00f3n de 0.7 puntos porcentuales en comparaci\u00f3n con el mismo periodo del a\u00f1o pasado; a\u00fan no se han logrado alcanzar los niveles observados en el primer trimestre de 2020, cuando el indicador se situ\u00f3 en 32.3 %, destac\u00f3 el grupo financiero.<\/p>\n<p>El panorama muestra una notable heterogeneidad entre las entidades del pa\u00eds.<\/p>\n<p>Por un lado, Chiapas registr\u00f3 el mayor porcentaje de pobreza laboral con un 67.2 por ciento, seguido de Guerrero con un 59.8 por ciento.<\/p>\n<p>Asimismo, Oaxaca y Veracruz obtuvieron cifras preocupantes de 52.6 y 57.2 por ciento, respectivamente; Zacatecas report\u00f3 un 50.5 por ciento, lo que significa que m\u00e1s de la mitad de su poblaci\u00f3n se encontraba en condiciones de pobreza laboral.<\/p>\n<p>Por otro lado, en estados como Baja California, con un 18.7 por ciento, y Baja California Sur, con un 15.6 por ciento, menos de 2 de cada 10 personas se encontraban en esta condici\u00f3n.<\/p>\n","protected":false},"excerpt":{"rendered":"<p>De acuerdo con el Consejo Nacional de Evaluaci\u00f3n de la Pol\u00edtica de Desarrollo Social (Coneval), durante el primer trimestre de 2023, en M\u00e9xico, 37.7 por ciento de la poblaci\u00f3n no pudo comprar una canasta alimentaria con el ingreso laboral, esto equivale a 48.6 millones de personas.<\/p>\n","protected":false},"author":3,"featured_media":586275,"comment_status":"open","ping_status":"open","sticky":false,"template":"","format":"standard","meta":{"_monsterinsights_skip_tracking":false,"_monsterinsights_sitenote_active":false,"_monsterinsights_sitenote_note":"","_monsterinsights_sitenote_category":0,"footnotes":""},"categories":[8],"tags":[191,43678,2421],"class_list":["post-586195","post","type-post","status-publish","format-standard","has-post-thumbnail","hentry","category-finanzas","tag-coneval","tag-finanzas","tag-pobreza"],"_links":{"self":[{"href":"https:\/\/www.diarioimagen.net\/index.php?rest_route=\/wp\/v2\/posts\/586195","targetHints":{"allow":["GET"]}}],"collection":[{"href":"https:\/\/www.diarioimagen.net\/index.php?rest_route=\/wp\/v2\/posts"}],"about":[{"href":"https:\/\/www.diarioimagen.net\/index.php?rest_route=\/wp\/v2\/types\/post"}],"author":[{"embeddable":true,"href":"https:\/\/www.diarioimagen.net\/index.php?rest_route=\/wp\/v2\/users\/3"}],"replies":[{"embeddable":true,"href":"https:\/\/www.diarioimagen.net\/index.php?rest_route=%2Fwp%2Fv2%2Fcomments&post=586195"}],"version-history":[{"count":0,"href":"https:\/\/www.diarioimagen.net\/index.php?rest_route=\/wp\/v2\/posts\/586195\/revisions"}],"wp:featuredmedia":[{"embeddable":true,"href":"https:\/\/www.diarioimagen.net\/index.php?rest_route=\/wp\/v2\/media\/586275"}],"wp:attachment":[{"href":"https:\/\/www.diarioimagen.net\/index.php?rest_route=%2Fwp%2Fv2%2Fmedia&parent=586195"}],"wp:term":[{"taxonomy":"category","embeddable":true,"href":"https:\/\/www.diarioimagen.net\/index.php?rest_route=%2Fwp%2Fv2%2Fcategories&post=586195"},{"taxonomy":"post_tag","embeddable":true,"href":"https:\/\/www.diarioimagen.net\/index.php?rest_route=%2Fwp%2Fv2%2Ftags&post=586195"}],"curies":[{"name":"wp","href":"https:\/\/api.w.org\/{rel}","templated":true}]}}