{"id":586202,"date":"2023-06-07T00:01:49","date_gmt":"2023-06-07T06:01:49","guid":{"rendered":"https:\/\/www.diarioimagen.net\/?p=586202"},"modified":"2023-06-07T02:03:26","modified_gmt":"2023-06-07T08:03:26","slug":"gano-la-democracia-en-las-pasadas-elecciones-afirma-favio-calderon-regidor-de-naucalpan","status":"publish","type":"post","link":"https:\/\/www.diarioimagen.net\/?p=586202","title":{"rendered":"Gan\u00f3 la democracia en las pasadas elecciones, afirma Favio Calder\u00f3n, regidor de Naucalpan"},"content":{"rendered":"<p>&nbsp;<\/p>\n<ul>\n<li><strong><em>Lamenta el emecista \u00edndice de abstencionismo<\/em><\/strong><\/li>\n<\/ul>\n<p>&nbsp;<\/p>\n<h6>Arturo Baena<\/h6>\n<p>&nbsp;<\/p>\n<div id=\"attachment_586290\" style=\"width: 285px\" class=\"wp-caption alignright\"><a href=\"https:\/\/www.diarioimagen.net\/?attachment_id=586290\" rel=\"attachment wp-att-586290\"><img loading=\"lazy\" decoding=\"async\" aria-describedby=\"caption-attachment-586290\" class=\"wp-image-586290\" src=\"https:\/\/www.diarioimagen.net\/wp-content\/uploads\/2023\/06\/gano-democracia.jpg\" alt=\"\" width=\"275\" height=\"321\" \/><\/a><p id=\"caption-attachment-586290\" class=\"wp-caption-text\">El regidor emecista Favio Calder\u00f3n B\u00e1rcenas asegur\u00f3 que el PREP funcion\u00f3 a la perfecci\u00f3n.<\/p><\/div>\n<p><strong>Valle de M\u00e9xico.\u2014<\/strong> Tras la jornada electoral del pasado domingo 4 de junio, que termin\u00f3 con casi un siglo de dominio priista, para dar paso a la primera gobernadora en la historia del Estado de M\u00e9xico, los \u00fanicos y verdaderos ganadores fueron las instituciones y la democracia.<\/p>\n<p>Afirm\u00f3 lo anterior Favio Calder\u00f3n B\u00e1rcenas, regidor en Naucalpan de Movimiento Ciudadano (MC), luego de asegurar que el PREP funcion\u00f3 a la perfecci\u00f3n y la democracia fue la gran triunfadora en la entidad mexiquense.<\/p>\n<p>El tambi\u00e9n l\u00edder social destac\u00f3 que \u201chay que reconocer que a\u00fan no se ha podido derrotar al abstencionismo, sin embargo, en los pasados procesos se constat\u00f3 el poder ciudadano, toda vez que fue responsabilidad de estos, el desarrollo y efectividad de las elecciones en d\u00f3nde, reitero, gan\u00f3 la democracia\u201d<\/p>\n<p>Calder\u00f3n B\u00e1rcenas celebr\u00f3 la madurez y respeto por las instituciones electorales, no s\u00f3lo del Estado de M\u00e9xico, sino del pa\u00eds, toda vez que jugaron un papel fundamental para que exista una verdadera democracia.<\/p>\n<p>\u201cEn cuanto a los resultados con pr\u00e1cticamente el 97 por ciento de las casillas computadas, se confirm\u00f3 el triunfo de la maestra Delfina G\u00f3mez, quien, a partir de septiembre pr\u00f3ximo, se convertir\u00e1 en la primera mujer que gobierne el Estado de M\u00e9xico, entidad fundamental para el desarrollo pol\u00edtico y econ\u00f3mico de nuestro pa\u00eds\u201d, abund\u00f3.<\/p>\n<p>Finalmente, Favio Calder\u00f3n se comprometi\u00f3 a seguir trabajando para el empoderamiento ciudadano, no s\u00f3lo en el municipio de Naucalpan, sino en todo el territorio mexiquense.<\/p>\n","protected":false},"excerpt":{"rendered":"<p>Tras la jornada electoral del pasado domingo 4 de junio, que termin\u00f3 con casi un siglo de dominio priista, para dar paso a la primera gobernadora en la historia del Estado de M\u00e9xico, los \u00fanicos y verdaderos ganadores fueron las instituciones y la democracia.<\/p>\n","protected":false},"author":3,"featured_media":586292,"comment_status":"open","ping_status":"open","sticky":false,"template":"","format":"standard","meta":{"_monsterinsights_skip_tracking":false,"_monsterinsights_sitenote_active":false,"_monsterinsights_sitenote_note":"","_monsterinsights_sitenote_category":0,"footnotes":""},"categories":[5],"tags":[98014,98013,77755],"class_list":["post-586202","post","type-post","status-publish","format-standard","has-post-thumbnail","hentry","category-estado-de-mexico","tag-favio-calderon","tag-priista","tag-regidor"],"_links":{"self":[{"href":"https:\/\/www.diarioimagen.net\/index.php?rest_route=\/wp\/v2\/posts\/586202","targetHints":{"allow":["GET"]}}],"collection":[{"href":"https:\/\/www.diarioimagen.net\/index.php?rest_route=\/wp\/v2\/posts"}],"about":[{"href":"https:\/\/www.diarioimagen.net\/index.php?rest_route=\/wp\/v2\/types\/post"}],"author":[{"embeddable":true,"href":"https:\/\/www.diarioimagen.net\/index.php?rest_route=\/wp\/v2\/users\/3"}],"replies":[{"embeddable":true,"href":"https:\/\/www.diarioimagen.net\/index.php?rest_route=%2Fwp%2Fv2%2Fcomments&post=586202"}],"version-history":[{"count":0,"href":"https:\/\/www.diarioimagen.net\/index.php?rest_route=\/wp\/v2\/posts\/586202\/revisions"}],"wp:featuredmedia":[{"embeddable":true,"href":"https:\/\/www.diarioimagen.net\/index.php?rest_route=\/wp\/v2\/media\/586292"}],"wp:attachment":[{"href":"https:\/\/www.diarioimagen.net\/index.php?rest_route=%2Fwp%2Fv2%2Fmedia&parent=586202"}],"wp:term":[{"taxonomy":"category","embeddable":true,"href":"https:\/\/www.diarioimagen.net\/index.php?rest_route=%2Fwp%2Fv2%2Fcategories&post=586202"},{"taxonomy":"post_tag","embeddable":true,"href":"https:\/\/www.diarioimagen.net\/index.php?rest_route=%2Fwp%2Fv2%2Ftags&post=586202"}],"curies":[{"name":"wp","href":"https:\/\/api.w.org\/{rel}","templated":true}]}}