{"id":586254,"date":"2023-06-07T00:00:53","date_gmt":"2023-06-07T06:00:53","guid":{"rendered":"https:\/\/www.diarioimagen.net\/?p=586254"},"modified":"2023-06-07T00:46:50","modified_gmt":"2023-06-07T06:46:50","slug":"mexico-con-108-distintivos-blue-flag","status":"publish","type":"post","link":"https:\/\/www.diarioimagen.net\/?p=586254","title":{"rendered":"M\u00e9xico, con 108 distintivos Blue Flag"},"content":{"rendered":"<h2>Hora 14<\/h2>\n<h5>Mauricio Conde Olivares<\/h5>\n<p>&nbsp;<\/p>\n<p>El secretario de Turismo del Gobierno de M\u00e9xico, Miguel Torruco Marqu\u00e9s, dio a conocer ayer que M\u00e9xico refrend\u00f3 su liderazgo con el primer lugar en el continente americano y el 10\u00ba a nivel mundial para la temporada 2023-2024, con 108 sitios que ostentar\u00e1n el Distintivo Blue Flag.<\/p>\n<p>Al presidir la Segunda Reuni\u00f3n del Jurado Nacional Blue Flag, el titular de la Secretar\u00eda de Turismo (Sectur) celebr\u00f3 la decisi\u00f3n del Jurado Internacional, el Jurado Nacional y la\u00a0Foundation For Environmental Education M\u00e9xico (FEE) de adjudicar la Blue Flag a\u00a073 playas,\u00a02 marinas y 33 embarcaciones de turismo sostenible.<\/p>\n<p>Se\u00f1al\u00f3 que la dependencia a su cargo en coordinaci\u00f3n con FEE ha impulsado y promovido programas que tienen como prop\u00f3sito crear conciencia, en turistas y habitantes, sobre la trascendencia de los ecosistemas.<\/p>\n<p>Uno de ellos es Green Key, enfocado a la sostenibilidad de la industria del hospedaje, junto con Blue Flag, distintivo creado en 1985, que se otorga, a playas, marinas y embarcaciones de turismo, por su excelencia en gesti\u00f3n ambiental, seguridad, servicios y calidad del agua.<\/p>\n<p>Torruco Marqu\u00e9s coment\u00f3 que las paradisiacas playas de M\u00e9xico son lugares id\u00f3neos para el descanso y la recreaci\u00f3n familiar, pero tambi\u00e9n para la pr\u00e1ctica de deportes acu\u00e1ticos extremos o la celebraci\u00f3n de nupcias, con el inmenso mar como testigo.<\/p>\n<p>\u201cDada su relevancia, debemos continuar trabajando en su preservaci\u00f3n, cuidado y protecci\u00f3n, tal y como lo se\u00f1ala el Plan Nacional de Desarrollo 2019-2024, donde el Gobierno de M\u00e9xico, encabezado por el presidente, Andr\u00e9s Manuel L\u00f3pez Obrador, se compromete con la sostenibilidad como factor indispensable de bienestar, bajo principios \u00e9ticos, sociales, ambientales y econ\u00f3micos, que, aplicados en el presente, permiten aspirar a un futuro habitable y arm\u00f3nico\u201d, declar\u00f3.<\/p>\n<p>El secretario de Turismo subray\u00f3 que, en este contexto, Sectur implement\u00f3 el proyecto Kuxatur, cuyo objetivo principal es la conservaci\u00f3n de la biodiversidad en ecosistemas costeros, a trav\u00e9s del\u00a0\u00a0dise\u00f1o e instrumentaci\u00f3n de pol\u00edticas y modelos innovadores de turismo sostenible; y cuenta con un financiamiento del Global Environmental Fund por 7.4 millones de d\u00f3lares, a ejecutarse en 6 a\u00f1os, el cual se est\u00e1 aplicando en Maya Ka\u2019an, Quintana Roo; la Reserva de la Bi\u00f3sfera \u201cSierra La Laguna\u201d, en Baja California Sur; y Huatulco-Chacahua, en Oaxaca.<\/p>\n<p>Enfatiz\u00f3 que estas acciones tambi\u00e9n contribuyen a atraer un mayor flujo tur\u00edstico a nuestro pa\u00eds, pero principalmente incrementar la captaci\u00f3n de divisas, que es como se mide la potencialidad tur\u00edstica de una naci\u00f3n; y as\u00ed cumplir con la instrucci\u00f3n presidencial de hacer del turismo una herramienta de reconciliaci\u00f3n social.<\/p>\n<p>\u201cMi reconocimiento a todos los involucrados en la conservaci\u00f3n de playas y marinas, por implementar mejores esquemas y pr\u00e1cticas sostenibles. La colaboraci\u00f3n entre prestadores de servicios tur\u00edsticos, autoridades, organizaciones de la sociedad civil y poblaci\u00f3n en su conjunto, es la clave para enfrentar los retos que impone un turismo en constante cambio, pues recuerden que ser\u00e1n las naciones que mejor conserven su medio ambiente y preserven su identidad hist\u00f3rica, cultural y gastron\u00f3mica, las que participen de la extraordinaria derrama econ\u00f3mica del turismo en el futuro\u201d, concluy\u00f3 el titular de Sectur.<\/p>\n<p>Por su parte,\u00a0Joaqu\u00edn Arturo D\u00edaz R\u00edos, director ejecutivo de FEE M\u00e9xico, dio a conocer que el Jurado Internacional de Blue Flag se reuni\u00f3 el pasado 19 de abril de 2023, a fin de revisar y aprobar las candidaturas Blue Flag para el 2023; y dictamin\u00f3 como procedentes las candidaturas de 108 sitios y por tanto susceptibles de ostentar el Distintivo Blue Flag para la Temporada 2023\u20132024.<\/p>\n<p>Felicit\u00f3 a los operadores nacionales por haber cubierto en tiempo y forma los procesos; as\u00ed como por la entrega de documentaci\u00f3n de calidad, lo que permiti\u00f3 que se efectuara una evaluaci\u00f3n internacional exitosa.\u00a0 D\u00edaz R\u00edos subray\u00f3 la importancia de Blue Flag como una herramienta que agrega valor a una de las actividades productivas m\u00e1s relevantes en el pa\u00eds y que es base importante para la competitividad interna, en el entorno tur\u00edstico internacional y sobre todo que promueve el aprovechamiento ambientalmente responsable de las playas, marinas, as\u00ed como la operaci\u00f3n responsable de las embarcaciones de M\u00e9xico.<\/p>\n<p>Ahora, d\u00e9jeme comentarle sobre el liderazgo de Canc\u00fan como el principal destino tur\u00edstico de M\u00e9xico y Am\u00e9rica Latina con un plus que es la conservaci\u00f3n del ecosistema, tan apreciado tanto por el turismo europeo como de otros segmentos de visitantes que se caracterizan por ser repetitivos en su preferencia por este destino. Por lo que las principales autoridades de la ciudad encabezaron importante evento.<\/p>\n<p>\u201cPon tu granito de arena en favor del medio ambiente. Amemos nuestro planeta\u201d, escribi\u00f3 con pu\u00f1o y letra la Presidenta Municipal, Ana Paty Peralta, a un lado de las huellas de las palmas de sus manos en color verde que plasm\u00f3 con pintura junto con varios estudiantes en una manta con frases positivas, como parte de las actividades de la IV Feria Ambiental en el Parque Ecol\u00f3gico Kabah, con motivo de la conmemoraci\u00f3n del D\u00eda Mundial del Medio Ambiente.<\/p>\n<p>En su recorrido por m\u00f3dulos de 13 diferentes expositores, entre dependencias y asociaciones civiles que promueven la protecci\u00f3n, restauraci\u00f3n y difusi\u00f3n ambiental, instalados en dicho espacio natural, Ana Paty Peralta tambi\u00e9n particip\u00f3 en un taller sembrando semillas en una maceta y constat\u00f3 las din\u00e1micas de los otros stands para los asistentes de todas edades como fueron juegos y talleres, donaci\u00f3n de plantas, realizaci\u00f3n de composta en casa, informaci\u00f3n sobre adopci\u00f3n de mascotas, entre otros.<\/p>\n<p>\u201cCuidar del medio ambiente es cuidar de nosotros, por eso en el gobierno municipal enfocamos muchos esfuerzos en preservaci\u00f3n ambiental con las valiosas participaciones de todas y todos ustedes, j\u00f3venes, asociaciones civiles, iniciativa privada y las familias cancunenses que se suman\u201d, destac\u00f3 durante el protocolo inaugural de la jornada.<\/p>\n<p>Adem\u00e1s de saludarlos y convivir con ellos en su recorrido, la Primera Autoridad Municipal celebr\u00f3 la asistencia de alumnos de escuelas como la primaria \u201cKabah\u201d, Colegio Hispano, CBTIS 272, Colegio de Bachilleres 1, Universidad Tecnol\u00f3gica de Canc\u00fan y Universidad Maya, ya que les dijo es una fecha para hacer conciencia sobre la preservaci\u00f3n de los ecosistemas y sus bondades, desde la hermosa playa, cenotes y parques urbanos como la sede del evento, decretado como la primer \u00e1rea natural protegida en el municipio por el Gobierno del Estado para disfrute de las familias.<\/p>\n<p>\u201c\u00c9ste es un tesoro que a sus 28 a\u00f1os de haberse inaugurado debemos seguirlo cuidando con mucho amor y mucho respeto, por eso trabajamos con las y los vecinos de ese parque, ya que est\u00e1n organizados en programas como Recapacicla, reforestaci\u00f3n y Reciclat\u00f3n, unidos en este compromiso que es el bien de todos y del planeta\u201d, coment\u00f3.<\/p>\n<p>Por su parte, la directora de Ecolog\u00eda, Tania Fern\u00e1ndez Moreno, invit\u00f3 a los estudiantes y adultos a que en su tiempo libre disfruten del lugar para conocer la fauna que ah\u00ed habita como diferentes especies de aves y tortugas, adem\u00e1s de tomar los talleres que tienen continuamente, con el fin de seguir generando conciencia como en esta fecha que se celebran 50 a\u00f1os a nivel mundial de celebrar el medio ambiente.<\/p>\n<p>Luego de 25 a\u00f1os de haber iniciado las clases de tai chi en ese pulm\u00f3n natural, Sara Cruz Murillo, maestra de esa disciplina china, destac\u00f3 que m\u00e1s que hacer deporte, esta comunidad se ha convertido en los guardianes del Parque Ecol\u00f3gico Kabah, ya que promueven entre los dem\u00e1s usuarios el evitar introducir pl\u00e1sticos PET y comida que puedan generar residuos, as\u00ed como el mensaje entre las nuevas generaciones de responsabilidad en la preservaci\u00f3n de la naturaleza.<\/p>\n<p>Ya que hablamos de protecci\u00f3n al medio ambiente, le cuento que PepsiCo Bebidas Latinoam\u00e9rica (LAB, por sus siglas en ingl\u00e9s) ha puesto en marcha diversos programas encaminados a cumplir sus metas ambientales, entre las cuales se encuentran tener un impacto positivo en el agua para 2030 y alcanzar cero emisiones netas para 2040. En el marco de la conmemoraci\u00f3n del D\u00eda Mundial del Medio Ambiente, la empresa de bebidas dio a conocer sus avances e innovaciones; empero, lo anterior ser\u00e1 motivo de otro an\u00e1lisis en posterior entrega de <strong><em>Hora 14<\/em><\/strong>.<\/p>\n<p><em><a href=\"mailto:%20mauricio_conde@msn.com\" target=\"_blank\" rel=\"noopener noreferrer\">mauricioconde59@outlook.com<\/a><\/em><br \/>\n<em>Twitter: <a href=\"https:\/\/twitter.com\/mauconde\" target=\"_blank\" rel=\"noopener\">@mauconde<\/a><\/em><\/p>\n","protected":false},"excerpt":{"rendered":"<p><span style=\"color: #005497;\"><strong>Mauricio Conde Olivares<\/strong><\/span><\/p>\n","protected":false},"author":3,"featured_media":0,"comment_status":"open","ping_status":"open","sticky":false,"template":"","format":"standard","meta":{"_monsterinsights_skip_tracking":false,"_monsterinsights_sitenote_active":false,"_monsterinsights_sitenote_note":"","_monsterinsights_sitenote_category":0,"footnotes":""},"categories":[35889],"tags":[43712,43674,44860],"class_list":["post-586254","post","type-post","status-publish","format-standard","hentry","category-mauricio-conde-olivares","tag-mauricio-conde-olivares","tag-opinion","tag-hora-14"],"_links":{"self":[{"href":"https:\/\/www.diarioimagen.net\/index.php?rest_route=\/wp\/v2\/posts\/586254","targetHints":{"allow":["GET"]}}],"collection":[{"href":"https:\/\/www.diarioimagen.net\/index.php?rest_route=\/wp\/v2\/posts"}],"about":[{"href":"https:\/\/www.diarioimagen.net\/index.php?rest_route=\/wp\/v2\/types\/post"}],"author":[{"embeddable":true,"href":"https:\/\/www.diarioimagen.net\/index.php?rest_route=\/wp\/v2\/users\/3"}],"replies":[{"embeddable":true,"href":"https:\/\/www.diarioimagen.net\/index.php?rest_route=%2Fwp%2Fv2%2Fcomments&post=586254"}],"version-history":[{"count":0,"href":"https:\/\/www.diarioimagen.net\/index.php?rest_route=\/wp\/v2\/posts\/586254\/revisions"}],"wp:attachment":[{"href":"https:\/\/www.diarioimagen.net\/index.php?rest_route=%2Fwp%2Fv2%2Fmedia&parent=586254"}],"wp:term":[{"taxonomy":"category","embeddable":true,"href":"https:\/\/www.diarioimagen.net\/index.php?rest_route=%2Fwp%2Fv2%2Fcategories&post=586254"},{"taxonomy":"post_tag","embeddable":true,"href":"https:\/\/www.diarioimagen.net\/index.php?rest_route=%2Fwp%2Fv2%2Ftags&post=586254"}],"curies":[{"name":"wp","href":"https:\/\/api.w.org\/{rel}","templated":true}]}}