{"id":586329,"date":"2023-06-07T00:10:39","date_gmt":"2023-06-07T06:10:39","guid":{"rendered":"https:\/\/www.diarioimagen.net\/?p=586329"},"modified":"2023-06-07T02:25:53","modified_gmt":"2023-06-07T08:25:53","slug":"por-que-perdio-ale","status":"publish","type":"post","link":"https:\/\/www.diarioimagen.net\/?p=586329","title":{"rendered":"\u00bfPor qu\u00e9 perdi\u00f3 Ale?"},"content":{"rendered":"<h2>De frente y de perfil<\/h2>\n<h5>Ram\u00f3n Zurita Sahag\u00fan<\/h5>\n<p>&nbsp;<\/p>\n<p>La derrota de Alejandra Del Moral, y por ende de la alianza conformada por priistas, panistas y perredistas, parece ser hu\u00e9rfana, ya que salpican para todos lados y no aceptan su responsabilidad en el tema.<\/p>\n<p>Alejandra es la principal responsable de la derrota, ya que fue alertada muchas veces sobre lo que se ven\u00eda y jam\u00e1s hizo caso de nadie, m\u00e1s que de sus principales operadores que la enga\u00f1aban.<\/p>\n<p>De inicio, Alejandra equivoc\u00f3 la estrategia, ya que se presentaba como oposici\u00f3n, siendo que su partido (PRI) gobierna todav\u00eda el Estado de M\u00e9xico.<\/p>\n<p>Siendo precisamente una de las entidades con mayor inseguridad, con una creciente ola de feminicidios, con problemas de transporte, delincuencia organizada, vialidades y muchos otros problemas que se acarrean, nunca quiso aceptarlo, ya que cuidaba a quien crey\u00f3 la proteger\u00eda y apoyar\u00eda hacia una supuesta victoria, el gobernador Alfredo Del Mazo III.<\/p>\n<p>Alejandra fue advertida muchas veces de que no creaba percepci\u00f3n de victoria y que Morena se les hab\u00eda encimado con una serie de encuestas \u201cpatito\u201d que recreaban una eventual diferencia de entre 20 y hasta 30 puntos entre Delfina y ella.<\/p>\n<p>La propia Delfina se la cant\u00f3 en dos ocasiones en el par de debates celebrados durante la campa\u00f1a, donde se jact\u00f3 de que la priista se encontraba molesta por saber que iba 20 puntos abajo en las preferencias de las encuestas.<\/p>\n<p>Ese fue uno de los errores de la alianza no generar percepci\u00f3n y, por el contrario, mostrar una actitud de conformismo.<\/p>\n<p>Sus asesores le aseguraron que, llenando el estado de espectaculares, mostr\u00e1ndola sonriente y destacando lo valiente que es, tendr\u00eda encantados a los electores, lo que no ocurri\u00f3.<\/p>\n<p>Las cifras de la votaci\u00f3n muestran como el PAN no pudo cumplir con su promesa de votar por Alejandra y falt\u00f3 la concurrencia de simpatizantes y militantes blanquiazules en las urnas.<\/p>\n<p>Una an\u00e9cdota retrata lo anterior, un amigo juega constantemente golf con un grupo de empresarios mexiquenses, todos ellos simpatizantes del PAN. El domingo los cuestion\u00f3 sobre si ya hab\u00edan votado y respondieron al un\u00edsono, nosotros no votaremos por la priista, preferimos no hacerlo.<\/p>\n<p>La poca afluencia en las urnas (menos del 50 por ciento) y el escaso nivel de su convencimiento fueron otro factor que le afect\u00f3, el PAN baj\u00f3 su votaci\u00f3n y el PRD hasta perdi\u00f3 el registro local.<\/p>\n<p>Ya hemos hablado de lo mal integrado que estuvo su cuarto de guerra y la desidia y falta de garra de muchos de ellos, adem\u00e1s de carencia de conocimientos electorales.<\/p>\n<p>Alejandra se revel\u00f3 como una buena candidata, pero ella sola no pod\u00eda y la percepci\u00f3n de la que hablamos mostraba que el gobernador no la apoyaba y la hab\u00eda dejado a su suerte, lo que tambi\u00e9n ocurri\u00f3, aunque fue lo menos que provoc\u00f3 la debacle.<\/p>\n<p>Dentro de lo mala que fue su campa\u00f1a, hay una buena noticia para ella, comprob\u00f3 que puede ser una buena candidata y que en los pr\u00f3ximos comicios federales ser\u00eda una buena exponente de una posible nominaci\u00f3n al Senado de la Rep\u00fablica, cargo que se le neg\u00f3 hace seis a\u00f1os.<\/p>\n<p style=\"text-align: center;\"><strong>******<\/strong><\/p>\n<p>Mientras Morena tiene ya decididas las rutas a seguir en su camino al 24, los partidos de oposici\u00f3n dan tumbos, quedando rezagados de quien le lleva bastante distancia. Como si fuese poco, panistas, priistas y perredistas ya recibieron el rotundo no de parte del MC, cuyo due\u00f1o, Dante Delgado les manifest\u00f3 que prefiere ir solo. Para colmo de males el PRD perder\u00e1 el registro local en Coahuila y el Estado de M\u00e9xico, al no alcanzar el 3 por ciento de los votos emitidos, necesario para subsistir.<\/p>\n<p><a href=\"mailto:ramonzurita44@hotmail.com\" target=\"_blank\" rel=\"noopener noreferrer\"><em>ramonzurita44@hotmail.com<\/em><\/a><\/p>\n","protected":false},"excerpt":{"rendered":"<p><span style=\"color: #005497;\"><strong>Ram\u00f3n Zurita Sahag\u00fan<\/strong><\/span><\/p>\n","protected":false},"author":3,"featured_media":0,"comment_status":"open","ping_status":"open","sticky":false,"template":"","format":"standard","meta":{"_monsterinsights_skip_tracking":false,"_monsterinsights_sitenote_active":false,"_monsterinsights_sitenote_note":"","_monsterinsights_sitenote_category":0,"footnotes":""},"categories":[234],"tags":[304,43674,43687],"class_list":["post-586329","post","type-post","status-publish","format-standard","hentry","category-ramon-zurita-sahagun","tag-de-frente-y-de-perfil","tag-opinion","tag-ramon-zurita-sahagun"],"_links":{"self":[{"href":"https:\/\/www.diarioimagen.net\/index.php?rest_route=\/wp\/v2\/posts\/586329","targetHints":{"allow":["GET"]}}],"collection":[{"href":"https:\/\/www.diarioimagen.net\/index.php?rest_route=\/wp\/v2\/posts"}],"about":[{"href":"https:\/\/www.diarioimagen.net\/index.php?rest_route=\/wp\/v2\/types\/post"}],"author":[{"embeddable":true,"href":"https:\/\/www.diarioimagen.net\/index.php?rest_route=\/wp\/v2\/users\/3"}],"replies":[{"embeddable":true,"href":"https:\/\/www.diarioimagen.net\/index.php?rest_route=%2Fwp%2Fv2%2Fcomments&post=586329"}],"version-history":[{"count":0,"href":"https:\/\/www.diarioimagen.net\/index.php?rest_route=\/wp\/v2\/posts\/586329\/revisions"}],"wp:attachment":[{"href":"https:\/\/www.diarioimagen.net\/index.php?rest_route=%2Fwp%2Fv2%2Fmedia&parent=586329"}],"wp:term":[{"taxonomy":"category","embeddable":true,"href":"https:\/\/www.diarioimagen.net\/index.php?rest_route=%2Fwp%2Fv2%2Fcategories&post=586329"},{"taxonomy":"post_tag","embeddable":true,"href":"https:\/\/www.diarioimagen.net\/index.php?rest_route=%2Fwp%2Fv2%2Ftags&post=586329"}],"curies":[{"name":"wp","href":"https:\/\/api.w.org\/{rel}","templated":true}]}}