{"id":586352,"date":"2023-06-08T00:05:51","date_gmt":"2023-06-08T06:05:51","guid":{"rendered":"https:\/\/www.diarioimagen.net\/?p=586352"},"modified":"2023-06-08T23:42:19","modified_gmt":"2023-06-09T05:42:19","slug":"conmemoran-el-195-aniversario-del-instituto-literario-con-elaboracion-de-maquetas-de-espacios-emblematicos-de-la-uaemex","status":"publish","type":"post","link":"https:\/\/www.diarioimagen.net\/?p=586352","title":{"rendered":"Conmemoran el 195 aniversario del Instituto Literario con elaboraci\u00f3n de maquetas de espacios emblem\u00e1ticos de la UAEM\u00e9x"},"content":{"rendered":"<p>&nbsp;<\/p>\n<div id=\"attachment_586427\" style=\"width: 470px\" class=\"wp-caption aligncenter\"><a href=\"https:\/\/www.diarioimagen.net\/?attachment_id=586427\" rel=\"attachment wp-att-586427\"><img loading=\"lazy\" decoding=\"async\" aria-describedby=\"caption-attachment-586427\" class=\"size-full wp-image-586427\" src=\"https:\/\/www.diarioimagen.net\/wp-content\/uploads\/2023\/06\/uaem-conmemoran.jpg\" alt=\"\" width=\"460\" height=\"270\" \/><\/a><p id=\"caption-attachment-586427\" class=\"wp-caption-text\">La FAD de la UAEM\u00e9x convoc\u00f3 al Concurso de Maquetas de Edificios Emblem\u00e1ticos de esta casa de estudios.<\/p><\/div>\n<p>&nbsp;<\/p>\n<p><strong>Toluca, Estado de M\u00e9xico.\u2013<\/strong> Creatividad y talento fueron el sello de las cinco maquetas que participaron en el Concurso de Maquetas de Edificios Emblem\u00e1ticos de la Universidad Aut\u00f3noma del Estado de M\u00e9xico (UAEM\u00e9x) al que convoc\u00f3 la Facultad de Arquitectura y Dise\u00f1o (FAD) en el marco del 195 aniversario de la fundaci\u00f3n del Instituto Cient\u00edfico del Estado de M\u00e9xico.<\/p>\n<p>Los cinco equipos concursantes estuvieron conformados por estudiantes de la FAD, quienes a trav\u00e9s de t\u00e9cnicas tradicionales representaron a escala el Estadio Universitario Alberto \u201cChivo\u201d C\u00f3rdoba, el Edificio Hist\u00f3rico de Rector\u00eda, el Edificio Administrativo y el Centro de Investigaci\u00f3n de la Facultad de Arquitectura y Dise\u00f1o.<\/p>\n<p>Tras una deliberaci\u00f3n del jurado que, estuvo conformado por el secretario de Rector\u00eda, Marco Aurelio Cienfuegos Terr\u00f3n; el presidente del Colegio de Arquitectos del Estado de M\u00e9xico, Manolo Trigos L\u00f3pez y el patrocinador y representante de la empresa Iuyet, Fernando L\u00f3pez Guadarrama, fue elegido como ganador el equipo GEN Arquitectura y Dise\u00f1o con una maqueta del Estadio Universitario Alberto \u201cChivo\u201d C\u00f3rdoba.<\/p>\n<p>Al respecto el secretario de Rector\u00eda, Marco Aurelio Cienfuegos Terr\u00f3n, reconoci\u00f3 la participaci\u00f3n activa de los estudiantes quienes demostraron su habilidad para vincular la teor\u00eda con la pr\u00e1ctica de los conocimientos que adquieren en las aulas.<\/p>\n<p>\u201cSe pudo apreciar el talento de quienes son la raz\u00f3n de ser de los esfuerzos universitarios, ustedes j\u00f3venes talentosos quienes han participado y quienes tienen esa capacidad para poder aplicar todos los conocimientos que han sido adquiridos en las aulas, en las visitas a los espacios universitarios nunca deja de sorprenderme esa capacidad creadora de cada uno de ustedes, por su iniciativa, inventiva y sobre todo por la habilidad de vincular eficazmente la teor\u00eda con la pr\u00e1ctica\u201d, expres\u00f3.<\/p>\n<p>En la explanada de la FAD, el director de este organismo acad\u00e9mico, Xavier Gayt\u00e1n Zepeda, refiri\u00f3 que la elaboraci\u00f3n de maquetas fue una actividad independiente a las de las unidades de aprendizaje, logrando desarrollarlas de manera magistral.<\/p>\n<p>Los cinco equipos participantes recibieron un reconocimiento por parte del jurado mientras que al equipo ganador y al que recibi\u00f3 menci\u00f3n honor\u00edfica se les otorgaron tabletas digitales.<\/p>\n<p>Tanto el Colegio de Arquitectos del Estado de M\u00e9xico como la empresa Iuyet fueron benefactores para la premiaci\u00f3n de los equipos ganadores.<\/p>\n","protected":false},"excerpt":{"rendered":"<p>Creatividad y talento fueron el sello de las cinco maquetas que participaron en el Concurso de Maquetas de Edificios Emblem\u00e1ticos de la Universidad Aut\u00f3noma del Estado de M\u00e9xico (UAEM\u00e9x) al que convoc\u00f3 la Facultad de Arquitectura y Dise\u00f1o (FAD) en el marco del 195 aniversario de la fundaci\u00f3n del Instituto Cient\u00edfico del Estado de M\u00e9xico.<\/p>\n","protected":false},"author":3,"featured_media":586427,"comment_status":"open","ping_status":"open","sticky":false,"template":"","format":"standard","meta":{"_monsterinsights_skip_tracking":false,"_monsterinsights_sitenote_active":false,"_monsterinsights_sitenote_note":"","_monsterinsights_sitenote_category":0,"footnotes":""},"categories":[5],"tags":[21999,46970,67878],"class_list":["post-586352","post","type-post","status-publish","format-standard","has-post-thumbnail","hentry","category-estado-de-mexico","tag-aniversario","tag-espacio","tag-uaemex"],"_links":{"self":[{"href":"https:\/\/www.diarioimagen.net\/index.php?rest_route=\/wp\/v2\/posts\/586352","targetHints":{"allow":["GET"]}}],"collection":[{"href":"https:\/\/www.diarioimagen.net\/index.php?rest_route=\/wp\/v2\/posts"}],"about":[{"href":"https:\/\/www.diarioimagen.net\/index.php?rest_route=\/wp\/v2\/types\/post"}],"author":[{"embeddable":true,"href":"https:\/\/www.diarioimagen.net\/index.php?rest_route=\/wp\/v2\/users\/3"}],"replies":[{"embeddable":true,"href":"https:\/\/www.diarioimagen.net\/index.php?rest_route=%2Fwp%2Fv2%2Fcomments&post=586352"}],"version-history":[{"count":0,"href":"https:\/\/www.diarioimagen.net\/index.php?rest_route=\/wp\/v2\/posts\/586352\/revisions"}],"wp:featuredmedia":[{"embeddable":true,"href":"https:\/\/www.diarioimagen.net\/index.php?rest_route=\/wp\/v2\/media\/586427"}],"wp:attachment":[{"href":"https:\/\/www.diarioimagen.net\/index.php?rest_route=%2Fwp%2Fv2%2Fmedia&parent=586352"}],"wp:term":[{"taxonomy":"category","embeddable":true,"href":"https:\/\/www.diarioimagen.net\/index.php?rest_route=%2Fwp%2Fv2%2Fcategories&post=586352"},{"taxonomy":"post_tag","embeddable":true,"href":"https:\/\/www.diarioimagen.net\/index.php?rest_route=%2Fwp%2Fv2%2Ftags&post=586352"}],"curies":[{"name":"wp","href":"https:\/\/api.w.org\/{rel}","templated":true}]}}