{"id":586387,"date":"2023-06-08T00:02:14","date_gmt":"2023-06-08T06:02:14","guid":{"rendered":"https:\/\/www.diarioimagen.net\/?p=586387"},"modified":"2023-06-08T00:46:15","modified_gmt":"2023-06-08T06:46:15","slug":"con-la-anuencia-de-amlo-ebrard-marca-la-pauta-en-carrera-presidencial","status":"publish","type":"post","link":"https:\/\/www.diarioimagen.net\/?p=586387","title":{"rendered":"Con la anuencia de AMLO, Ebrard\u00a0marca la pauta en carrera presidencial"},"content":{"rendered":"<h2>La Retaguardia<\/h2>\n<h5>Adriana Moreno Cordero<\/h5>\n<p>&nbsp;<\/p>\n<ul>\n<li><strong><em>Claudia Sheinbaum Pardo, inc\u00f3moda<\/em><\/strong><\/li>\n<\/ul>\n<p>&nbsp;<\/p>\n<p>Con la anuencia del presidente <strong>Andr\u00e9s Manuel L\u00f3pez Obrador<\/strong>, el secretario de Relaciones Exteriores, <strong>Marcelo Ebrard<\/strong>, marc\u00f3 la pauta al anunciar que el lunes 12 de junio renunciar\u00e1 a su cargo como secretario de Relaciones Exteriores. Desde luego, esto no le gust\u00f3 mucho a la jefa de Gobierno de la Ciudad de M\u00e9xico, <strong>Claudia Sheinbaum<\/strong>, que est\u00e1 en una situaci\u00f3n privilegiada porque con recursos del erario de la CDMX ha desplegado una importante campa\u00f1a con los conciertos en el Z\u00f3calo, las exenciones y descuentos en los pagos del agua, con la leyenda #EsClaudia y destinando recursos nada exiguos en sus visitas a otros estados.<\/p>\n<p>Lo que resulta curioso en este sentido, es que mientras el flamante coordinador de la bancada del PVEM en el Senado de la Rep\u00fablica, <strong>Manuel Velasco<\/strong>, solicit\u00f3 licencia a su esca\u00f1o para meterse en el proceso interno de Morena para seleccionar a su candidato presidencial, la funcionaria capitalina se reuni\u00f3 con la c\u00fapula del partido del tuc\u00e1n, donde fue espl\u00e9ndidamente bien recibida y la arengaron con aquello de \u201c\u00a1presidenta!\u201d, con lo que entonces, se comprueba que el senador Velasco se ha convertido en un t\u00edtere de Palacio Nacional, que \u00bfacaso le sabr\u00e1 pagar sus buenos oficios a favor de esta errada y llamada Cuarta Transformaci\u00f3n?<\/p>\n<p>Definitivamente, el Consejo Pol\u00edtico de Morena que se celebrar\u00e1 el pr\u00f3ximo domingo ser\u00e1 muy importante para \u201ccorcholatas\u201d y \u201ccorcholatos\u201d, pero no le servir\u00e1 de mucho al inquilino de Palacio Nacional para difuminar la versi\u00f3n de que \u00e9l y nadie m\u00e1s, ser\u00e1 quien decida a su sucesor, o sucesora. Esto es, un proceso tan importante y trascendental como la selecci\u00f3n del abanderado o abanderada presidencial de Morena, no puede quedar en manos de una encuesta \u201cpatito\u201d; de ah\u00ed que hasta el canciller pida que sean firmas de encuestas reconocidas las que hagan este ejercicio, pero al final, lo que va a prevalecer y de esto no hay duda, por m\u00e1s que en Morena y en Palacio Nacional se diga lo contrario, es que el hist\u00f3rico \u201cdedazo\u201d es el que va a prevalecer.<\/p>\n<p>En su gustad\u00edsimo \u201cstand-up\u201d ma\u00f1anero, L\u00f3pez Obrador reiter\u00f3: \u201cHay un proceso en puerta, se tiene que elegir a la candidata o al candidato (presidencial de Morena), ya inici\u00f3 por eso la renuncia de Marcelo (Ebrard), \u00e9l aspira a ser candidato como (Claudia) Sheinbaum, (<strong>Ricardo) Monreal<\/strong> y <strong>Ad\u00e1n Augusto (L\u00f3pez Hern\u00e1ndez<\/strong>)\u201d.<\/p>\n<p>Ojo, de nueva cuenta, L\u00f3pez Obrador hizo una distinci\u00f3n especial entre los que considera sus hermanos y hermana y entre aquellos que como el diputado del PT, <strong>Gerardo Fern\u00e1ndez Noro\u00f1a<\/strong>, creen que tienen el nivel y el aprecio del inquilino de Palacio Nacional como para contender con las reales \u201ccorcholatas\u201d.<\/p>\n<p>\u201cEl PT tambi\u00e9n tiene todo su derecho, tambi\u00e9n por el Verde y es posible que en estos d\u00edas los que aspiren tambi\u00e9n presenten sus renuncias\u201d, dijo hasta emocionado el tabasque\u00f1o, pero lo cierto, es que con Fern\u00e1ndez Noro\u00f1a y con Manuel Velasco, ha desplegado la pr\u00e1ctica de \u201cdarles atole con el dedo\u201d, especialmente al del PT. Ah\u00ed est\u00e1 que el dirigente nacional de Morena, <strong>Mario Mart\u00edn Delgado<\/strong>, desayun\u00f3 ayer con el diputado petista para invitarlo al consejo morenista del domingo pr\u00f3ximo. Eso tambi\u00e9n se llama \u201cdorar la p\u00edldora\u201d.<\/p>\n<p>As\u00ed las situaciones, es que la semana entrante ser\u00e1 fundamental y estar\u00e1 caracterizada por la cascada de renuncias que se vendr\u00e1n.<\/p>\n<p>Otro que anunci\u00f3 que en los pr\u00f3ximos d\u00edas, solicitar\u00e1 licencia a su cargo, es el presidente de la Junta de Coordinaci\u00f3n Pol\u00edtica del Senado de la Rep\u00fablica, Ricardo Monreal, para meterse por completo a la carrera presidencial.<\/p>\n<p>\u201cVamos en serio, creo en la autenticidad del Presidente\u2026 decid\u00ed no ser un factor disruptor ni de divisi\u00f3n\u201d, dijo el legislador zacatecano, que agreg\u00f3 que competir\u00e1 a la buena, \u201crecorrer\u00e9 el pa\u00eds, llevar\u00e9 mi propuesta a los mexicanos,\u00a0 y si decido participar con el m\u00e9todo que apruebe el Consejo Pol\u00edtico\u201d. Reiter\u00f3 que se mantendr\u00e1 en Morena y se encuentra listo para que una vez que el Consejo Pol\u00edtico de su partido defina las reglas de la contienda interna, se someter\u00e1 a ellas y solicitar\u00e1 licencia a su cargo como senador y presidente de la Jucopo.<\/p>\n<p>Aclar\u00f3 el senador Monreal que espera tener buenos resultados y que la gente observe, escuche y vea sus propuestas, por encima de grupos o de otro tipo de circunstancias, al tiempo que manifest\u00f3 su confianza en que su experiencia, madurez y ecuanimidad para ayudar a construir el futuro de M\u00e9xico o el M\u00e9xico futuro<\/p>\n<p style=\"text-align: center;\"><strong>Municiones<\/strong><\/p>\n<p>\u00a0*** Hoy, la Coparmex de <strong>Jos\u00e9 Medina Mora<\/strong> y la Comisi\u00f3n Nacional de Unidades de Inteligencia Anti-Lavado de Dinero, que preside <strong>Neri Toshiro Le\u00f3n Sauza<\/strong>, firmar\u00e1n un convenio de capacitaci\u00f3n para la identificaci\u00f3n de empresas con actividades irregulares o constituidas para el blanqueo de activos. El mencionado acuerdo tiene el objetivo de identificar y combatir delitos como el lavado de recursos o el financiamiento al terrorismo; asimismo, permitir\u00e1 que las compa\u00f1\u00edas adheridas a la confederaci\u00f3n tengan mejores pr\u00e1cticas de autorregulaci\u00f3n.<\/p>\n<p>*** Ser\u00e1 el 1 de diciembre cuando <strong>Manolo Jim\u00e9nez<\/strong> se convierta en gobernador constitucional de Coahuila. Se\u00f1al\u00f3 que con el presidente L\u00f3pez Obrador le \u201cencantar\u00eda tener una buena interrelaci\u00f3n\u201d y contar con el apoyo del Ejecutivo para \u201chacer cosas por el bien de Coahuila\u201d.<\/p>\n<p>*** En reiteradas ocasiones se ha consignado en este espacio que el Metro ser\u00e1 la tumba pol\u00edtica de Claudia Sheinbaum, aunque ella, cada vez que puede, lo niegue. Total que en el Metro, casi a diario se han registrado derrumbes, incendios y situaciones fatales. Lo ocurrido hace unos d\u00edas y que deriv\u00f3 en la muerte de <strong>Rafael Murias Quijano<\/strong>, fue un accidente que pudo haberse prevenido, de acuerdo a lo declarado por su hermano, que agreg\u00f3: \u201c\u00e9l cruz\u00f3 las v\u00edas con una tabla que estaba podrida\u201d\u2026 no queremos buscar culpables, s\u00f3lo queremos que esto no le vuelva a suceder a nadie m\u00e1s\u201d. En la capital de la Rep\u00fablica, cada vez son m\u00e1s los que se\u00f1alan que el Metro, a lo largo de su amplia red, se est\u00e1 derrumbando materialmente y las autoridades de este Sistema de Transporte Colectivo, encabezadas por <strong>Guillermo Calder\u00f3n<\/strong>, se quedan imp\u00e1vidas. Rafael Murias Quijano, jefe de la estaci\u00f3n Ocean\u00eda, ten\u00eda 30 a\u00f1os de servicio y estaba a 5 a\u00f1os de jubilarse, \u201cmuri\u00f3 en cumplimiento de sus labores\u201d, seg\u00fan explic\u00f3 su hermano y adem\u00e1s, evit\u00f3 un connato de incendio que se estaba registrando, con lo que evit\u00f3 que hubiera m\u00e1s muertes. Los reportes que los integrantes del Sindicato del Metro son ver\u00eddicos en el sentido de que el Metro Pantitl\u00e1n se est\u00e1 derrumbando, independientemente de las muchas fallas que presentan a diario pr\u00e1cticamente todas las estaciones del Sistema de Transporte Colectivo, inundaciones y cortocircuitos, por citar otros dos y las peleas como la que hace dos d\u00edas se registr\u00f3 en la estaci\u00f3n del Metro Panteones entre vendedores vagoneros que se supone est\u00e1n prohibidos.<\/p>\n<p><u><a href=\"mailto:morcora@gmail.com\" target=\"_blank\" rel=\"noopener noreferrer\"><em>morcora@gmail.com<\/em><\/a><\/u><\/p>\n","protected":false},"excerpt":{"rendered":"<p><span style=\"color: #005497;\"><strong>Adriana Moreno Cordero<\/strong><\/span><\/p>\n","protected":false},"author":3,"featured_media":0,"comment_status":"open","ping_status":"open","sticky":false,"template":"","format":"standard","meta":{"_monsterinsights_skip_tracking":false,"_monsterinsights_sitenote_active":false,"_monsterinsights_sitenote_note":"","_monsterinsights_sitenote_category":0,"footnotes":""},"categories":[69370],"tags":[69369,69368,43674],"class_list":["post-586387","post","type-post","status-publish","format-standard","hentry","category-adriana-moreno-cordero","tag-adriana-moreno-cordero","tag-la-retaguardia","tag-opinion"],"_links":{"self":[{"href":"https:\/\/www.diarioimagen.net\/index.php?rest_route=\/wp\/v2\/posts\/586387","targetHints":{"allow":["GET"]}}],"collection":[{"href":"https:\/\/www.diarioimagen.net\/index.php?rest_route=\/wp\/v2\/posts"}],"about":[{"href":"https:\/\/www.diarioimagen.net\/index.php?rest_route=\/wp\/v2\/types\/post"}],"author":[{"embeddable":true,"href":"https:\/\/www.diarioimagen.net\/index.php?rest_route=\/wp\/v2\/users\/3"}],"replies":[{"embeddable":true,"href":"https:\/\/www.diarioimagen.net\/index.php?rest_route=%2Fwp%2Fv2%2Fcomments&post=586387"}],"version-history":[{"count":0,"href":"https:\/\/www.diarioimagen.net\/index.php?rest_route=\/wp\/v2\/posts\/586387\/revisions"}],"wp:attachment":[{"href":"https:\/\/www.diarioimagen.net\/index.php?rest_route=%2Fwp%2Fv2%2Fmedia&parent=586387"}],"wp:term":[{"taxonomy":"category","embeddable":true,"href":"https:\/\/www.diarioimagen.net\/index.php?rest_route=%2Fwp%2Fv2%2Fcategories&post=586387"},{"taxonomy":"post_tag","embeddable":true,"href":"https:\/\/www.diarioimagen.net\/index.php?rest_route=%2Fwp%2Fv2%2Ftags&post=586387"}],"curies":[{"name":"wp","href":"https:\/\/api.w.org\/{rel}","templated":true}]}}