{"id":586388,"date":"2023-06-08T00:01:00","date_gmt":"2023-06-08T06:01:00","guid":{"rendered":"https:\/\/www.diarioimagen.net\/?p=586388"},"modified":"2023-06-08T00:47:29","modified_gmt":"2023-06-08T06:47:29","slug":"si-del-mazo-entrego-la-plaza","status":"publish","type":"post","link":"https:\/\/www.diarioimagen.net\/?p=586388","title":{"rendered":"S\u00ed, Del Mazo entreg\u00f3 la plaza"},"content":{"rendered":"<h2>De pe a pa<\/h2>\n<h5>Alberto Vieyra G.<\/h5>\n<p>&nbsp;<\/p>\n<p>Mientras Andr\u00e9s Manuel L\u00f3pez Obrador, con sus <em>mapaches morelitos<\/em> har\u00edan de las elecciones de gobernador en el Estado de M\u00e9xico una elecci\u00f3n de Estado, amenazando a los beneficiarios de programas sociales de que si no votaban por Morena y la se\u00f1ora de los diezmos Delfina G\u00f3mez, el gobierno de AMLO se los quitar\u00eda, el gobernador Alfredo Del Mazo se quedar\u00eda con los brazos cruzados pensando en la embajada de M\u00e9xico en el Vaticano o cualquier otra, como un corrupto premio de la 4T a su buen comportamiento en el proceso electoral mexiquense. S\u00ed, Del Mazo no movi\u00f3 un dedo para salvar a Alejandra Del Moral, lo cual confirma las versiones de varios medios de comunicaci\u00f3n y la hip\u00f3tesis de este \u00e1tomo de la comunicaci\u00f3n de que Alfredo Del Mazo entreg\u00f3 la plaza a L\u00f3pez Obrador, lo cual constituir\u00eda una traici\u00f3n al poderoso Grupo Atlacomulco.<\/p>\n<p>Llam\u00f3 la atenci\u00f3n una fotograf\u00eda difundida por la sacrificada Alejandra del Moral, que fue borrada de las redes sociales del gobernador mexiquense en la que aparece con los ex gobernadores Arturo Montiel, C\u00e9sar Camacho, Eruviel \u00c1vila, Emilio Chuayffet y Alfredo Baranda, que public\u00f3 <em>El Financiero<\/em> el 4 de noviembre de 2022 y que seguramente los ex mandatarios no querr\u00e1n que figure entre sus galer\u00edas fotogr\u00e1ficas por tratarse de alguien que se ech\u00f3 en brazos del Falso Mes\u00edas. La cuesti\u00f3n es que Alfredo Del Mazo no movi\u00f3 un dedo para movilizar a la estructura priista, mientras los <em>mapaches<\/em> morenistas de AMLO contactaban a los electores dici\u00e9ndoles \u201cno hay ninguna comparaci\u00f3n entre el salario rosa de Alfredo Del Mazo y los apoyos federales que ofrece AMLO. As\u00ed que t\u00fa sabes por qui\u00e9n votar, pero, yo ir\u00eda a la segura\u201d. Y en otros casos, tambi\u00e9n algunas mafias criminales del <em>narco<\/em> tendr\u00edan intervenci\u00f3n en algunos municipios del sur mexiquense y en otras en poder de Morena, como Valle de Bravo.<\/p>\n<p>En realidad, Alfredo Del Mazo no ten\u00eda pa\u2019 d\u00f3nde hacerse porque su desastroso gobierno no garantizaba grandes cosas para Alejandra Del Moral, sobre todo en lo que se refiere a la barbarie que campea en el Edomex, entidad de la cual el se\u00f1or Del Mazo se comprometi\u00f3 en su discurso de toma de posesi\u00f3n, hace 6 a\u00f1os a \u201chacer del Estado de M\u00e9xico la entidad m\u00e1s segura de la Rep\u00fablica mexicana\u201d.<\/p>\n<p>Nada de eso cumpli\u00f3, por el contrario, el Edomex junto con Baja California Norte, Zacatecas, Sonora, Michoac\u00e1n, Colima, San Luis Potos\u00ed, Tamaulipas, Guerrero y otros desgobernados por Morena se convertir\u00edan en los estados que concentran el mayor n\u00famero de asesinatos dolosos. Le falt\u00f3 car\u00e1cter y ciencia pol\u00edtica, aunque no faltan quienes aseguran que solamente la tuvo en su servil trato de seda que tuvo con AMLO al que trat\u00f3 siempre como si fuera un Presidente de la Rep\u00fablica emanado del PRI.<\/p>\n<p>Pese a la elecci\u00f3n de Estado protagonizada por AMLO desde las ma\u00f1aneras y sus <em>mapaches<\/em> electorales que llegaron de casi todo el pa\u00eds y la posible participaci\u00f3n del crimen organizado, ni AMLO, ni la se\u00f1ora Delfina G\u00f3mez ser\u00edan capaz de entusiasmar a los electores mexiquenses que prefirieron la comodidad de sus hogares antes que ir a votar protagonizando un brutal abstencionismo de m\u00e1s del 50%, lo cual confirma que don Alfredo Del Mazo se durmi\u00f3 en sus laureles por aquello de que ya todos estaba apalabrado con el que quita y pone en M\u00e9xico.<\/p>\n<p>\u00bfSe confirmar\u00e1 la embajada de M\u00e9xico en el Vaticano para Alfredo Del Mazo o se esperar\u00e1 para formar parte del gabinete de Marcelo Ebrard o de do\u00f1a Claudia Sheinbaum? Pronto sabremos a qu\u00e9 precio Alfredo Del Mazo entreg\u00f3 la plaza.<\/p>\n<p><em><a href=\"mailto:info@agenciamn.com\" target=\"_blank\" rel=\"noopener noreferrer\">info@agenciamn.com<\/a><\/em><\/p>\n","protected":false},"excerpt":{"rendered":"<p><span style=\"color: #005497;\"><strong>Alberto Vieyra G.<\/strong><\/span><\/p>\n","protected":false},"author":3,"featured_media":0,"comment_status":"open","ping_status":"open","sticky":false,"template":"","format":"standard","meta":{"_monsterinsights_skip_tracking":false,"_monsterinsights_sitenote_active":false,"_monsterinsights_sitenote_note":"","_monsterinsights_sitenote_category":0,"footnotes":""},"categories":[4596],"tags":[43697,4597,43674],"class_list":["post-586388","post","type-post","status-publish","format-standard","hentry","category-alberto-vieyra-g","tag-alberto-vieyra-g","tag-de-pe-a-pa","tag-opinion"],"_links":{"self":[{"href":"https:\/\/www.diarioimagen.net\/index.php?rest_route=\/wp\/v2\/posts\/586388","targetHints":{"allow":["GET"]}}],"collection":[{"href":"https:\/\/www.diarioimagen.net\/index.php?rest_route=\/wp\/v2\/posts"}],"about":[{"href":"https:\/\/www.diarioimagen.net\/index.php?rest_route=\/wp\/v2\/types\/post"}],"author":[{"embeddable":true,"href":"https:\/\/www.diarioimagen.net\/index.php?rest_route=\/wp\/v2\/users\/3"}],"replies":[{"embeddable":true,"href":"https:\/\/www.diarioimagen.net\/index.php?rest_route=%2Fwp%2Fv2%2Fcomments&post=586388"}],"version-history":[{"count":0,"href":"https:\/\/www.diarioimagen.net\/index.php?rest_route=\/wp\/v2\/posts\/586388\/revisions"}],"wp:attachment":[{"href":"https:\/\/www.diarioimagen.net\/index.php?rest_route=%2Fwp%2Fv2%2Fmedia&parent=586388"}],"wp:term":[{"taxonomy":"category","embeddable":true,"href":"https:\/\/www.diarioimagen.net\/index.php?rest_route=%2Fwp%2Fv2%2Fcategories&post=586388"},{"taxonomy":"post_tag","embeddable":true,"href":"https:\/\/www.diarioimagen.net\/index.php?rest_route=%2Fwp%2Fv2%2Ftags&post=586388"}],"curies":[{"name":"wp","href":"https:\/\/api.w.org\/{rel}","templated":true}]}}