{"id":586390,"date":"2023-06-08T00:04:19","date_gmt":"2023-06-08T06:04:19","guid":{"rendered":"https:\/\/www.diarioimagen.net\/?p=586390"},"modified":"2023-06-08T00:49:21","modified_gmt":"2023-06-08T06:49:21","slug":"arranca-la-sucesion-presidencial","status":"publish","type":"post","link":"https:\/\/www.diarioimagen.net\/?p=586390","title":{"rendered":"Arranca la sucesi\u00f3n presidencial"},"content":{"rendered":"<h2>Desde el portal<\/h2>\n<h5>\u00c1ngel Soriano<\/h5>\n<p>&nbsp;<\/p>\n<p>Aunque se inici\u00f3 de manera anticipada, la sucesi\u00f3n presidencial de 2024 arranca de manera formal con la renuncia, tambi\u00e9n anticipada, del canciller Marcelo Ebrard para estar en condiciones de inscribirse y participar en la contienda que definir\u00e1 al candidato de Morena, el partido que tiene mayores posibilidades de triunfo por estar en el poder.<\/p>\n<p>Es indudable que con la audaz decisi\u00f3n de Ebrard de tomar la delantera -sus funcionarios m\u00e1s cercanos lo hicieron semanas antes-, le brinda mayores posibilidades de triunfo, pues de lo contrario, sino tuviera luz verde, no dejar\u00eda tan importante posici\u00f3n que ocupa en el gabinete federal y esperar\u00eda l\u00ednea para hacer lo que se le indique.<\/p>\n<p>Y aunque se ha se\u00f1alado que la jefa de Gobierno de la CDMX, Claudia Sheinbaum, es la favorita y mejor posicionada, no siempre ocurre as\u00ed. Los que llevan la delantera no siempre son los ganadores, m\u00e1s bien cubren al favorito y en esta ocasi\u00f3n no puede haber excepci\u00f3n. Ebrard es uno de los m\u00e1s cercanos al presidente AMLO en todos los sentidos.<\/p>\n<p>Sin embargo, no hay que descartar sorpresas, toda vez que estamos en la inauguraci\u00f3n de un nuevo sistema pol\u00edtico -aunque todos ven el mismo sistema que funcion\u00f3 durante 70 a\u00f1os-, pero que puede introducir innovaciones, cambios de \u00faltima hora, y decisiones para consolidar un r\u00e9gimen que inicia, afirma, la IV Transformaci\u00f3n que debe continuar.<\/p>\n<p style=\"text-align: center;\"><strong>TURBULENCIAS<br \/>\nConsolidaci\u00f3n de Hidalgo<\/strong><\/p>\n<p>El estado de Hidalgo tiene mucho futuro por contar con suficiente agua que escasea en el Valle de M\u00e9xico y en el norte del pa\u00eds, adem\u00e1s de su cercan\u00eda con la capital del pa\u00eds, y las obras de infraestructura que impulsa el gobierno federal para el AIFA. El presidente Andr\u00e9s Manuel L\u00f3pez Obrador ir\u00e1 este s\u00e1bado a Huejutla para hacer una evaluaci\u00f3n del programa Bienestar y anunciar\u00e1 las obras y apoyos en marcha para detonar esa importante entidad\u2026 Las diputadas Melissa Vargas Camacho y Teresa Castell de Oros Palacio fueron sancionadas por emitir declaraciones con violencia de g\u00e9nero en contra de la virtual gobernadora electa del Estado de M\u00e9xico, Delfina G\u00f3mez \u00c1lvarez, de Morena, que sigue recibiendo denuestos por su triunfo electoral. Las sanciones del TEEM, que les proh\u00edbe ocupar futuros cargos p\u00fablicos o bien pueden frenar los ataques contra la maestra. El mismo presidente L\u00f3pez Obrador, que ha salido en defensa del gobernador priista Alfredo del Mazo y de la maestra Delfina, ha censurado las expresiones de desprecio de quienes se sienten de otra clase y desprecian a los que consideran poco dignos de ocupar cargos p\u00fablicos o de desarrollar actividades destacadas\u2026 El senador Ricardo Monreal inform\u00f3 que recorrer\u00e1 el pa\u00eds para presentar a los mexicanos su propuesta una vez que se definan las reglas para seleccionar al candidato presidencial de Morena, partido en el que permanecer\u00e1 pase lo que pase, indic\u00f3. Tambi\u00e9n solicitar\u00e1 licencia al cargo e ir\u00e1 con todo en busca de la candidatura. \u201cVoy a abonar, voy a participar, y a evitar cualquier ruptura o fractura o divisi\u00f3n interna, y desminti\u00f3 que ya haya negociado, no es as\u00ed, indic\u00f3\u2026 Inspectores de la Procuradur\u00eda de Protecci\u00f3n al Ambiente del Estado de Oaxaca (Propaeo) volvieron a clausurar un fraccionamiento ubicado en el Boulevard Guadalupe Hinojosa de Murat, al constatar que se hab\u00edan violado los sellos por no contar con autorizaci\u00f3n en materia de impacto ambiental,\u00a0 inform\u00f3 el Procurador Jos\u00e9 Ernesto Ruiz L\u00f3pez e indic\u00f3 que son consecuencias del desacato de la normatividad ambiental vigente\u2026 La jefa de Gobierno de la CDMX, Claudia Sheinbaum Pardo, lo mismo baila polka del norte que sones de Betaza, de la sierra mixe de Oaxaca, sumando as\u00ed partidarios del norte y del sur del pa\u00eds.<\/p>\n<p><u><a href=\"mailto:asorianocarrasco@yahoo.com\" target=\"_blank\" rel=\"noopener noreferrer\"><em>asorianocarrasco@yahoo.com<\/em><\/a><br \/>\n<em><a href=\"https:\/\/revistabrecha.com\" target=\"_blank\" rel=\"noopener noreferrer\">www.revistabrecha.com<\/a><br \/>\n<\/em><\/u><em>facebook oficial <a href=\"https:\/\/es-la.facebook.com\/RevistaBrecha.Oficial\" target=\"_blank\" rel=\"noopener\">@BrechaRevista<\/a><\/em><\/p>\n","protected":false},"excerpt":{"rendered":"<p><span style=\"color: #005497;\"><strong>\u00c1ngel Soriano<\/strong><\/span><\/p>\n","protected":false},"author":3,"featured_media":0,"comment_status":"open","ping_status":"open","sticky":false,"template":"","format":"standard","meta":{"_monsterinsights_skip_tracking":false,"_monsterinsights_sitenote_active":false,"_monsterinsights_sitenote_note":"","_monsterinsights_sitenote_category":0,"footnotes":""},"categories":[135],"tags":[85,86,43674],"class_list":["post-586390","post","type-post","status-publish","format-standard","hentry","category-angel-soriano-opinion","tag-angel-soriano","tag-desde-el-portal","tag-opinion"],"_links":{"self":[{"href":"https:\/\/www.diarioimagen.net\/index.php?rest_route=\/wp\/v2\/posts\/586390","targetHints":{"allow":["GET"]}}],"collection":[{"href":"https:\/\/www.diarioimagen.net\/index.php?rest_route=\/wp\/v2\/posts"}],"about":[{"href":"https:\/\/www.diarioimagen.net\/index.php?rest_route=\/wp\/v2\/types\/post"}],"author":[{"embeddable":true,"href":"https:\/\/www.diarioimagen.net\/index.php?rest_route=\/wp\/v2\/users\/3"}],"replies":[{"embeddable":true,"href":"https:\/\/www.diarioimagen.net\/index.php?rest_route=%2Fwp%2Fv2%2Fcomments&post=586390"}],"version-history":[{"count":0,"href":"https:\/\/www.diarioimagen.net\/index.php?rest_route=\/wp\/v2\/posts\/586390\/revisions"}],"wp:attachment":[{"href":"https:\/\/www.diarioimagen.net\/index.php?rest_route=%2Fwp%2Fv2%2Fmedia&parent=586390"}],"wp:term":[{"taxonomy":"category","embeddable":true,"href":"https:\/\/www.diarioimagen.net\/index.php?rest_route=%2Fwp%2Fv2%2Fcategories&post=586390"},{"taxonomy":"post_tag","embeddable":true,"href":"https:\/\/www.diarioimagen.net\/index.php?rest_route=%2Fwp%2Fv2%2Ftags&post=586390"}],"curies":[{"name":"wp","href":"https:\/\/api.w.org\/{rel}","templated":true}]}}