{"id":586407,"date":"2023-06-08T00:06:21","date_gmt":"2023-06-08T06:06:21","guid":{"rendered":"https:\/\/www.diarioimagen.net\/?p=586407"},"modified":"2023-06-08T01:02:24","modified_gmt":"2023-06-08T07:02:24","slug":"a-tambor-batiente-3","status":"publish","type":"post","link":"https:\/\/www.diarioimagen.net\/?p=586407","title":{"rendered":"A tambor batiente"},"content":{"rendered":"<h2>Aunque pese<\/h2>\n<h5>Salvador Mart\u00ednez Garc\u00eda<\/h5>\n<p>&nbsp;<\/p>\n<p>Los comicios en el Estado de M\u00e9xico y Coahuila transcurrieron, como se preve\u00eda, con contundentes triunfos de Morena y aliados en la entidad vecina, y del PRI y sus aliados en el estado norte\u00f1o.<\/p>\n<p>Con estos resultados, Delfina G\u00f3mez gobernar\u00e1 a los mexiquenses y Manolo Jim\u00e9nez a los coahuilenses; la victoria en Edomex, finalmente, fortalece al partido en el poder al llevarse el triunfo en el m\u00e1s importante estado del pa\u00eds por su n\u00famero de electores y fuerza econ\u00f3mica. La derrota en Coahuila no le afecta mucho y se prev\u00e9 que el gobierno entrante de Jim\u00e9nez sea buen colaborador de las pol\u00edticas federales determinadas desde Palacio Nacional.<\/p>\n<p>Resuelto esto, toda la atenci\u00f3n pol\u00edtica nacional se concentra en el ya muy cercano proceso de selecci\u00f3n del candidato presidencial de Morena, posici\u00f3n disputada por Claudia Sheinbaum Pardo, Marcelo Luis Ebrard Casaubon, Ad\u00e1n Augusto L\u00f3pez Hern\u00e1ndez y Ricardo Monreal \u00c1vila.<\/p>\n<p>La definici\u00f3n del abanderado morenista por el m\u00e9todo de encuestas no es del todo bien recibida por los suspirantes para el cargo, pero se antoja dif\u00edcil que haya cambios de fondo en el m\u00e9todo, que a decir de la mayor\u00eda de polit\u00f3logos y analistas recaer\u00e1 en la actual jefa de Gobierno de la Ciudad de M\u00e9xico.<\/p>\n<p>No puede omitirse que en pol\u00edtica nada pasa hasta que pasa, por lo que los esfuerzos de los otros aspirantes se ver\u00e1n redoblados en las pr\u00f3ximas semanas, pues se prev\u00e9 que en agosto se pueda ya conocer el nombre de la ungida o ungido y que tambi\u00e9n de acuerdo a la mayor\u00eda de los observadores de la pol\u00edtica nacional, y dados los resultados de este domingo, contar\u00e1 con el respaldo popular para ganar las elecciones de 2024.<\/p>\n<p>Se ve f\u00e1cil el futuro para Morena, aun cuando habr\u00e1 que estar muy atentos para que suceda lo predecible, sin olvidar que las sorpresas nunca pueden descartarse. Veremos.<\/p>\n<p style=\"text-align: center;\"><strong>Susurros<\/strong><\/p>\n<p>Gran conmoci\u00f3n caus\u00f3 el fallecimiento del periodista, con todas sus letras, Ricardo Rocha, en todo el ambiente medi\u00e1tico y pol\u00edtico, y no hay duda de que se mantendr\u00e1 como referente en el an\u00e1lisis de la vida de M\u00e9xico en las \u00faltimas d\u00e9cadas.<\/p>\n<p>A los 76 a\u00f1os de vida y con m\u00e1s de 50 a\u00f1os de ejercicio profesional, Rocha marc\u00f3 cambios de fondo en el manejo informativo y period\u00edstico de la televisi\u00f3n mexicana, especialmente por su programa <strong>Detr\u00e1s de la Noticia, <\/strong>surgido en el siglo pasado. Su estilo \u00e1gil y profundo rompi\u00f3 con los cartabones del seco estilo noticioso de la \u00e9poca.<\/p>\n<p>No se olvidar\u00e1 su gran labor. Descanse en paz.<\/p>\n<p><a href=\"mailto:salvadormartinez@visionmx.com\" target=\"_blank\" rel=\"noopener\"><em>salvadormartinez@visionmx.com<\/em><\/a><br \/>\n<em>Twitter: <a href=\"https:\/\/twitter.com\/salvador_mtz\" target=\"_blank\" rel=\"noopener\">@salvador_mtz<\/a><\/em><\/p>\n","protected":false},"excerpt":{"rendered":"<p><span style=\"color: #005497;\"><strong>Salvador Mart\u00ednez Garc\u00eda<\/strong><\/span><\/p>\n","protected":false},"author":3,"featured_media":0,"comment_status":"open","ping_status":"open","sticky":false,"template":"","format":"standard","meta":{"_monsterinsights_skip_tracking":false,"_monsterinsights_sitenote_active":false,"_monsterinsights_sitenote_note":"","_monsterinsights_sitenote_category":0,"footnotes":""},"categories":[96743],"tags":[96744,43674,96745],"class_list":["post-586407","post","type-post","status-publish","format-standard","hentry","category-salvador-martinez-garcia","tag-aunque-pese","tag-opinion","tag-salvador-martinez-garcia"],"_links":{"self":[{"href":"https:\/\/www.diarioimagen.net\/index.php?rest_route=\/wp\/v2\/posts\/586407","targetHints":{"allow":["GET"]}}],"collection":[{"href":"https:\/\/www.diarioimagen.net\/index.php?rest_route=\/wp\/v2\/posts"}],"about":[{"href":"https:\/\/www.diarioimagen.net\/index.php?rest_route=\/wp\/v2\/types\/post"}],"author":[{"embeddable":true,"href":"https:\/\/www.diarioimagen.net\/index.php?rest_route=\/wp\/v2\/users\/3"}],"replies":[{"embeddable":true,"href":"https:\/\/www.diarioimagen.net\/index.php?rest_route=%2Fwp%2Fv2%2Fcomments&post=586407"}],"version-history":[{"count":0,"href":"https:\/\/www.diarioimagen.net\/index.php?rest_route=\/wp\/v2\/posts\/586407\/revisions"}],"wp:attachment":[{"href":"https:\/\/www.diarioimagen.net\/index.php?rest_route=%2Fwp%2Fv2%2Fmedia&parent=586407"}],"wp:term":[{"taxonomy":"category","embeddable":true,"href":"https:\/\/www.diarioimagen.net\/index.php?rest_route=%2Fwp%2Fv2%2Fcategories&post=586407"},{"taxonomy":"post_tag","embeddable":true,"href":"https:\/\/www.diarioimagen.net\/index.php?rest_route=%2Fwp%2Fv2%2Ftags&post=586407"}],"curies":[{"name":"wp","href":"https:\/\/api.w.org\/{rel}","templated":true}]}}