{"id":586411,"date":"2023-06-08T00:02:25","date_gmt":"2023-06-08T06:02:25","guid":{"rendered":"https:\/\/www.diarioimagen.net\/?p=586411"},"modified":"2023-06-09T01:34:01","modified_gmt":"2023-06-09T07:34:01","slug":"prd-cdmx-cierra-la-puerta-a-violentadores-nora-arias","status":"publish","type":"post","link":"https:\/\/www.diarioimagen.net\/?p=586411","title":{"rendered":"PRD-CDMX \u201ccierra la puerta\u201d a violentadores: Nora Arias"},"content":{"rendered":"<p><strong>\u00a0<\/strong><\/p>\n<ul>\n<li><strong><em>Descarta la lideresa del sol azteca capitalino una derrota en 2024<\/em><\/strong><\/li>\n<\/ul>\n<p>&nbsp;<\/p>\n<h6>Luis Mu\u00f1oz<\/h6>\n<p>&nbsp;<\/p>\n<div id=\"attachment_586448\" style=\"width: 470px\" class=\"wp-caption aligncenter\"><a href=\"https:\/\/www.diarioimagen.net\/?attachment_id=586448\" rel=\"attachment wp-att-586448\"><img loading=\"lazy\" decoding=\"async\" aria-describedby=\"caption-attachment-586448\" class=\"size-full wp-image-586448\" src=\"https:\/\/www.diarioimagen.net\/wp-content\/uploads\/2023\/06\/NOTA-LUIS-PORTAL.jpg\" alt=\"\" width=\"460\" height=\"270\" \/><\/a><p id=\"caption-attachment-586448\" class=\"wp-caption-text\">La dirigente del PRD en Ciudad de M\u00e9xico, Nora Arias Contreras, dijo que en el sol azteca capitalino \u201cno hay, ni habr\u00e1, cabida a improvisaciones\u201d.<\/p><\/div>\n<p>&nbsp;<\/p>\n<p>La alianza Va por la Ciudad de M\u00e9xico est\u00e1 muy lejos de sufrir una derrota como la del Estado de M\u00e9xico porque durante m\u00e1s de tres a\u00f1os el trabajo ha sido permanente y cercano a la ciudadan\u00eda.<\/p>\n<p>Nora Arias Contreras dijo que en el PRD capitalino \u201cno hay, ni habr\u00e1, cabida a improvisaciones y a anuncios de ocasi\u00f3n\u201d.<\/p>\n<p>Los resultados obtenidos en 2021 son fruto del intenso trabajo desarrollado a lo largo de esos a\u00f1os en los que no ha habido tregua.<\/p>\n<p>Sostuvo que el PRD capitalino seguir\u00e1 por la ruta del trabajo y la apertura a la ciudadan\u00eda rumbo al proceso electoral de 2024.<\/p>\n<p>Por ello, \u201cEn #VaPorLaCDMX no hay cabida para las improvisaciones y anuncios de ocasi\u00f3n; seguiremos por la misma ruta y la apertura a la ciudadan\u00eda, reiter\u00f3 la dirigente del sol azteca, qui\u00e9n de paso advirti\u00f3 que en el partido que dirige no se permitir\u00e1 \u201cni un violentador al poder\u201d.<\/p>\n","protected":false},"excerpt":{"rendered":"<p>La alianza Va por la Ciudad de M\u00e9xico est\u00e1 muy lejos de sufrir una derrota como la del Estado de M\u00e9xico porque durante m\u00e1s de tres a\u00f1os el trabajo ha sido permanente y cercano a la ciudadan\u00eda.<\/p>\n","protected":false},"author":3,"featured_media":586448,"comment_status":"open","ping_status":"open","sticky":false,"template":"","format":"standard","meta":{"_monsterinsights_skip_tracking":false,"_monsterinsights_sitenote_active":false,"_monsterinsights_sitenote_note":"","_monsterinsights_sitenote_category":0,"footnotes":""},"categories":[6],"tags":[96877,98026,98027],"class_list":["post-586411","post","type-post","status-publish","format-standard","has-post-thumbnail","hentry","category-cd-de-mexico","tag-nora-arias-contreras","tag-va-por-la-ciudad-de-mexico","tag-violentadores"],"_links":{"self":[{"href":"https:\/\/www.diarioimagen.net\/index.php?rest_route=\/wp\/v2\/posts\/586411","targetHints":{"allow":["GET"]}}],"collection":[{"href":"https:\/\/www.diarioimagen.net\/index.php?rest_route=\/wp\/v2\/posts"}],"about":[{"href":"https:\/\/www.diarioimagen.net\/index.php?rest_route=\/wp\/v2\/types\/post"}],"author":[{"embeddable":true,"href":"https:\/\/www.diarioimagen.net\/index.php?rest_route=\/wp\/v2\/users\/3"}],"replies":[{"embeddable":true,"href":"https:\/\/www.diarioimagen.net\/index.php?rest_route=%2Fwp%2Fv2%2Fcomments&post=586411"}],"version-history":[{"count":0,"href":"https:\/\/www.diarioimagen.net\/index.php?rest_route=\/wp\/v2\/posts\/586411\/revisions"}],"wp:featuredmedia":[{"embeddable":true,"href":"https:\/\/www.diarioimagen.net\/index.php?rest_route=\/wp\/v2\/media\/586448"}],"wp:attachment":[{"href":"https:\/\/www.diarioimagen.net\/index.php?rest_route=%2Fwp%2Fv2%2Fmedia&parent=586411"}],"wp:term":[{"taxonomy":"category","embeddable":true,"href":"https:\/\/www.diarioimagen.net\/index.php?rest_route=%2Fwp%2Fv2%2Fcategories&post=586411"},{"taxonomy":"post_tag","embeddable":true,"href":"https:\/\/www.diarioimagen.net\/index.php?rest_route=%2Fwp%2Fv2%2Ftags&post=586411"}],"curies":[{"name":"wp","href":"https:\/\/api.w.org\/{rel}","templated":true}]}}