{"id":586483,"date":"2023-06-09T00:01:25","date_gmt":"2023-06-09T06:01:25","guid":{"rendered":"https:\/\/www.diarioimagen.net\/?p=586483"},"modified":"2023-06-12T22:56:04","modified_gmt":"2023-06-13T04:56:04","slug":"fuerzas-armadas-operan-con-impunidad-en-mexico-senala-amnistia-internacional","status":"publish","type":"post","link":"https:\/\/www.diarioimagen.net\/?p=586483","title":{"rendered":"Fuerzas armadas operan con impunidad en M\u00e9xico, se\u00f1ala Amnist\u00eda Internacional"},"content":{"rendered":"<p>&nbsp;<\/p>\n<ul>\n<li><em><strong>Condenan ajusticiamiento de civiles armados en Tamaulipas<\/strong><\/em><\/li>\n<\/ul>\n<p>&nbsp;<\/p>\n<div id=\"attachment_586587\" style=\"width: 470px\" class=\"wp-caption aligncenter\"><a href=\"https:\/\/www.diarioimagen.net\/?attachment_id=586587\" rel=\"attachment wp-att-586587\"><img loading=\"lazy\" decoding=\"async\" aria-describedby=\"caption-attachment-586587\" class=\"size-full wp-image-586587\" src=\"https:\/\/www.diarioimagen.net\/wp-content\/uploads\/2023\/06\/MILITARES-IMPUNIDAD.jpg\" alt=\"\" width=\"460\" height=\"270\" \/><\/a><p id=\"caption-attachment-586587\" class=\"wp-caption-text\">En un video, se muestra cuando militares someten y asesinan a un grupo de civiles armados despu\u00e9s de una persecuci\u00f3n en Nuevo Laredo, Tamaulipas.<\/p><\/div>\n<p>&nbsp;<\/p>\n<p>Integrantes de las fuerzas armadas en M\u00e9xico operan de manera impune, como qued\u00f3 registrado en el reciente caso de ejecuci\u00f3n extrajudicial de cinco civiles armados en Nuevo Laredo, Tamaulipas, se\u00f1alaron organizaciones Amnist\u00eda Internacional y el colectivo Seguridad sin Guerra.<\/p>\n<p>De no ser por una c\u00e1mara de vigilancia y medios de comunicaci\u00f3n, la actuaci\u00f3n ilegal de los militares no habr\u00eda sido evidenciada, como otros hechos que ocurren desde hace 16 a\u00f1os, cuando se decidi\u00f3 que estos elementos se encargar\u00edan de tareas de seguridad p\u00fablica, se\u00f1alaron.<\/p>\n<p>\u201c Resulta sumamente preocupante el clima de impunidad en el que operan actualmente las FFAA en M\u00e9xico. Si no fuera por una c\u00e1mara de vigilancia y por la labor de investigaci\u00f3n de los medios, el pa\u00eds no sabr\u00eda de los cr\u00edmenes atroces y violaciones a los derechos humanos cometidas por militares, como recientemente ocurri\u00f3 en Nuevo Laredo el 18 de mayo de 2023\u2033, se reproch\u00f3.<\/p>\n<p>A trav\u00e9s de un video, se exhibi\u00f3 que en mayo pasado los militares mataron a civiles que ya se encontraban desarmados.<\/p>\n<p>En un comunicado, exigieron que la Fiscal\u00eda General de la Rep\u00fablica (FGR) sea quien investigue a los responsables de la multiejecuci\u00f3n.<\/p>\n<p>\u201cLa impunidad, opacidad y falta de rendici\u00f3n de cuentas de las instituciones castrenses no disminuir\u00e1n si no se implementan medidas serias y efectivas para su fiscalizaci\u00f3n y supervisi\u00f3n democr\u00e1tica\u201d, se a\u00f1adi\u00f3.<\/p>\n<p>\u201c Continuaremos exigiendo el retiro de las FFAA de labores de seguridad p\u00fablica, el fortalecimiento y profesionalizaci\u00f3n de las instituciones de seguridad civiles y la subordinaci\u00f3n del poder militar al civil\u201d.<\/p>\n<p>Adem\u00e1s, las organizaciones insistieron que el Estado mexicano debe regular el uso de la fuerza por parte de estas instituciones.<\/p>\n<p style=\"text-align: center;\"><strong>Otros ataques de militares en Nuevo Laredo<\/strong><\/p>\n<p>Recordaron que casos ejecuciones extrajudiciales tambi\u00e9n ocurrieron apenas en febrero pasado, con el asesinato de 5 j\u00f3venes tambi\u00e9n en Nuevo Laredo.<\/p>\n<p>Asimismo, la muerte de la ni\u00f1a Heidi, tambi\u00e9n en Nuevo Laredo, pero en 2022.<\/p>\n<p>Apenas este mi\u00e9rcoles, la Comisi\u00f3n Nacional de los Derechos Humanos (CNDH) inform\u00f3 que ya inici\u00f3 una indagatoria para determinar si los militares cometieron violaciones graves a derechos humanos.<\/p>\n","protected":false},"excerpt":{"rendered":"<p>Integrantes de las fuerzas armadas en M\u00e9xico operan de manera impune, como qued\u00f3 registrado en el reciente caso de ejecuci\u00f3n extrajudicial de cinco civiles armados en Nuevo Laredo, Tamaulipas, se\u00f1alaron organizaciones Amnist\u00eda Internacional y el colectivo Seguridad sin Guerra.<\/p>\n","protected":false},"author":3,"featured_media":586587,"comment_status":"open","ping_status":"open","sticky":false,"template":"","format":"standard","meta":{"_monsterinsights_skip_tracking":false,"_monsterinsights_sitenote_active":false,"_monsterinsights_sitenote_note":"","_monsterinsights_sitenote_category":0,"footnotes":""},"categories":[7],"tags":[1630,22,43673],"class_list":["post-586483","post","type-post","status-publish","format-standard","has-post-thumbnail","hentry","category-seguridad","tag-cndh","tag-fuerzas-armadas","tag-nacional"],"_links":{"self":[{"href":"https:\/\/www.diarioimagen.net\/index.php?rest_route=\/wp\/v2\/posts\/586483","targetHints":{"allow":["GET"]}}],"collection":[{"href":"https:\/\/www.diarioimagen.net\/index.php?rest_route=\/wp\/v2\/posts"}],"about":[{"href":"https:\/\/www.diarioimagen.net\/index.php?rest_route=\/wp\/v2\/types\/post"}],"author":[{"embeddable":true,"href":"https:\/\/www.diarioimagen.net\/index.php?rest_route=\/wp\/v2\/users\/3"}],"replies":[{"embeddable":true,"href":"https:\/\/www.diarioimagen.net\/index.php?rest_route=%2Fwp%2Fv2%2Fcomments&post=586483"}],"version-history":[{"count":0,"href":"https:\/\/www.diarioimagen.net\/index.php?rest_route=\/wp\/v2\/posts\/586483\/revisions"}],"wp:featuredmedia":[{"embeddable":true,"href":"https:\/\/www.diarioimagen.net\/index.php?rest_route=\/wp\/v2\/media\/586587"}],"wp:attachment":[{"href":"https:\/\/www.diarioimagen.net\/index.php?rest_route=%2Fwp%2Fv2%2Fmedia&parent=586483"}],"wp:term":[{"taxonomy":"category","embeddable":true,"href":"https:\/\/www.diarioimagen.net\/index.php?rest_route=%2Fwp%2Fv2%2Fcategories&post=586483"},{"taxonomy":"post_tag","embeddable":true,"href":"https:\/\/www.diarioimagen.net\/index.php?rest_route=%2Fwp%2Fv2%2Ftags&post=586483"}],"curies":[{"name":"wp","href":"https:\/\/api.w.org\/{rel}","templated":true}]}}