{"id":586485,"date":"2023-06-09T00:01:31","date_gmt":"2023-06-09T06:01:31","guid":{"rendered":"https:\/\/www.diarioimagen.net\/?p=586485"},"modified":"2023-06-09T03:23:16","modified_gmt":"2023-06-09T09:23:16","slug":"celebra-lopez-obrador-caida-en-inflacion-y-fortaleza-del-peso-frente-al-dolar","status":"publish","type":"post","link":"https:\/\/www.diarioimagen.net\/?p=586485","title":{"rendered":"Celebra L\u00f3pez Obrador ca\u00edda en inflaci\u00f3n y fortaleza del peso frente al d\u00f3lar"},"content":{"rendered":"<p>&nbsp;<\/p>\n<h3 style=\"text-align: center;\">Destaca alza en reparto de utilidades<\/h3>\n<p><em>\u00a0<\/em><\/p>\n<ul>\n<li><strong><em>Destaca que su plan y la estrategia de Banxico est\u00e1n dando resultados<\/em><\/strong><\/li>\n<\/ul>\n<p>&nbsp;<\/p>\n<div id=\"attachment_586601\" style=\"width: 470px\" class=\"wp-caption aligncenter\"><a href=\"https:\/\/www.diarioimagen.net\/?attachment_id=586601\" rel=\"attachment wp-att-586601\"><img loading=\"lazy\" decoding=\"async\" aria-describedby=\"caption-attachment-586601\" class=\"size-full wp-image-586601\" src=\"https:\/\/www.diarioimagen.net\/wp-content\/uploads\/2023\/06\/amlo-4.jpg\" alt=\"\" width=\"460\" height=\"270\" \/><\/a><p id=\"caption-attachment-586601\" class=\"wp-caption-text\">Andr\u00e9s Manuel L\u00f3pez Obrador celebr\u00f3 que est\u00e1 bajando la inflaci\u00f3n, con cuatro meses con disminuci\u00f3n y\u00a0 destaca una canasta b\u00e1sica con precios bajos y justos.<\/p><\/div>\n<p>&nbsp;<\/p>\n<p>El presidente Andr\u00e9s Manuel L\u00f3pez Obrador destac\u00f3 la situaci\u00f3n econ\u00f3mica del pa\u00eds y celebr\u00f3 la disminuci\u00f3n de la inflaci\u00f3n en M\u00e9xico respecto a meses anteriores y que el peso se haya fortalecido frente al d\u00f3lar.<\/p>\n<p>El mandatario federal inform\u00f3 que, de acuerdo con el Instituto Nacional de Estad\u00edstica y Geograf\u00eda (Inegi), la inflaci\u00f3n en mayo se ubic\u00f3 en 5.8%, cuando en agosto y septiembre del a\u00f1o pasado estuvo en 8.7%.<\/p>\n<p>\u201cHoy el Inegi da a conocer el informe sobre el comportamiento de la inflaci\u00f3n, es muy buena noticia el que est\u00e9 bajando la inflaci\u00f3n. Recordemos que despu\u00e9s de la pandemia, con la guerra de Rusia y Ucrania se produjo en todo el mundo el fen\u00f3meno de crecimiento inflacionario, y tambi\u00e9n nos afect\u00f3 (en M\u00e9xico)\u201d, coment\u00f3 L\u00f3pez Obrador<\/p>\n<p>Para atacar el alza inflacionaria, se\u00f1al\u00f3, el Banco de M\u00e9xico opt\u00f3 por una estrategia de subir las tasas de inter\u00e9s y el gobierno federal acord\u00f3 con productores y comerciantes el ofrecer una canasta b\u00e1sica \u201ca precios bajos y justos\u201d.<\/p>\n<p>\u201cNos ayud\u00f3 mucho ese plan, tambi\u00e9n el que no aument\u00f3 el precio de las gasolinas, del di\u00e9sel, del gas, de la luz. Agradecerles a los centros comerciales porque 24 productos de la canasta b\u00e1sica de consumo generalizado han incluso bajado de precio y aqu\u00ed est\u00e1 ya el resultado\u201d, a\u00f1adi\u00f3 L\u00f3pez Obrador.<\/p>\n<p>\u201cVamos avanzando en este prop\u00f3sito. Cuando hay inflaci\u00f3n se afecta mucho el ingreso, se puede aumentar el salario, pero si hay incremento en la inflaci\u00f3n se pierde el poder de compra\u201d, apunt\u00f3 sobre el rema del alza en la inflaci\u00f3n en M\u00e9xico y todo el mundo. Sobre el tipo de cambio, celebr\u00f3 tambi\u00e9n que el peso se ha fortalecido frente al d\u00f3lar.<\/p>\n<p>El Presidente mostr\u00f3 el dato que ubica el tipo de cambio en 17.37 pesos por d\u00f3lar. \u201cCuando llegamos estaba a m\u00e1s de 20 (pesos por d\u00f3lar) y los pron\u00f3sticos de nuestros adversarios era que se iba a ir hasta 30 pesos por d\u00f3lar, hubo un comentarista que dijo \u2018compren sus d\u00f3lares\u2019, ahora c\u00f3mo le va a hacer con los que le hicieron caso\u201d, se\u00f1al\u00f3 L\u00f3pez Obrador.<\/p>\n<p style=\"text-align: center;\"><strong>Destaca AMLO alza en reparto de utilidades<br \/>\na trabajadores durante su gobierno<\/strong><\/p>\n<p>El titular del Ejecutivo federal tambi\u00e9n destac\u00f3 que gracias a la reforma que se impuls\u00f3 en su gobierno, el reparto de utilidades pas\u00f3 de de 87 millones de pesos durante 2020 -a\u00f1o en que se aprobaron las reformas-, a 183 mil 249 para 2021; y un a\u00f1o despu\u00e9s creci\u00f3 a\u00fan m\u00e1s al alcanzar un total nacional en el reparto de utilidades de 214 millones 217 pesos en 2022.<\/p>\n<p>\u201cEsto se ha conseguido porque han ayudado los sindicatos, y han ayudado tambi\u00e9n las empresas, s\u00f3lo un a\u00f1o, el sector empresarial no aprob\u00f3 el incremento al salario m\u00ednimo, pero el a\u00f1o pasado fue una propuesta apoyada por el sector obrero, por el sector empresarial y por nosotros, el gobierno, el incremento, y espero que para el a\u00f1o pr\u00f3ximo nos volvamos a poner de acuerdo, para que se siga recuperando el poder adquisitivo del salario\u201d, plante\u00f3.<\/p>\n<p>El mandatario apunt\u00f3 que durante el periodo neoliberal hubo una p\u00e9rdida en el poder adquisitivo de los trabajadores del 70 por ciento, adem\u00e1s que se trat\u00f3 de una etapa de gran desigualdad donde unos cuantos \u201cse enriquecieron como nunca en la historia de M\u00e9xico\u201d y la gran mayor\u00eda se empobreci\u00f3.<\/p>\n<p>Al inicio de la d\u00e9cada de los 80 del siglo pasado, se\u00f1al\u00f3, un salario m\u00ednimo alcanzaba para comprar 50 kilos de tortilla; en diciembre de 2018, cuando asumi\u00f3 la Presidencia de la Rep\u00fablica, dijo, ese ingreso alcanzaba para apenas 6.5 kilogramos de ese producto.<\/p>\n<p>Con los incrementos al minisalario en el actual sexenio y pese a la inflaci\u00f3n, resalt\u00f3 el mandatario, hoy con ese ingreso se pueden comprar diez kilos de tortilla.<\/p>\n<p>En el caso del frijol, agreg\u00f3, al inicio del sexenio se compraban tres kilos 100 gramos con el salario m\u00ednimo y hoy alcanza para cuatro kilos 800 gramos; el huevo pas\u00f3 de poder adquirir 3.2 kilos y hoy con el mini salario se compra 4.2 kilos.<\/p>\n<p>\u201cYo quisiera (que se pudiera comprar) m\u00e1s, pero fue tanto el retroceso (en el periodo neoliberal). No s\u00e9 c\u00f3mo es que quieren, entiendo que los corruptos deseen regresar por sus fueros, pero la gente, \u00bfc\u00f3mo va a querer un trabajador que se regrese a esto? Un trabajador que adem\u00e1s en este periodo le modificaron las leyes de pensiones para que cuando termine, se jubile, reciba la mitad de su salario\u201d.<\/p>\n","protected":false},"excerpt":{"rendered":"<p>El presidente Andr\u00e9s Manuel L\u00f3pez Obrador destac\u00f3 la situaci\u00f3n econ\u00f3mica del pa\u00eds y celebr\u00f3 la disminuci\u00f3n de la inflaci\u00f3n en M\u00e9xico respecto a meses anteriores y que el peso se haya fortalecido frente al d\u00f3lar.<\/p>\n","protected":false},"author":3,"featured_media":586601,"comment_status":"open","ping_status":"open","sticky":false,"template":"","format":"standard","meta":{"_monsterinsights_skip_tracking":false,"_monsterinsights_sitenote_active":false,"_monsterinsights_sitenote_note":"","_monsterinsights_sitenote_category":0,"footnotes":""},"categories":[8],"tags":[24425,2545,293],"class_list":["post-586485","post","type-post","status-publish","format-standard","has-post-thumbnail","hentry","category-finanzas","tag-alza","tag-amlo","tag-dolar"],"_links":{"self":[{"href":"https:\/\/www.diarioimagen.net\/index.php?rest_route=\/wp\/v2\/posts\/586485","targetHints":{"allow":["GET"]}}],"collection":[{"href":"https:\/\/www.diarioimagen.net\/index.php?rest_route=\/wp\/v2\/posts"}],"about":[{"href":"https:\/\/www.diarioimagen.net\/index.php?rest_route=\/wp\/v2\/types\/post"}],"author":[{"embeddable":true,"href":"https:\/\/www.diarioimagen.net\/index.php?rest_route=\/wp\/v2\/users\/3"}],"replies":[{"embeddable":true,"href":"https:\/\/www.diarioimagen.net\/index.php?rest_route=%2Fwp%2Fv2%2Fcomments&post=586485"}],"version-history":[{"count":0,"href":"https:\/\/www.diarioimagen.net\/index.php?rest_route=\/wp\/v2\/posts\/586485\/revisions"}],"wp:featuredmedia":[{"embeddable":true,"href":"https:\/\/www.diarioimagen.net\/index.php?rest_route=\/wp\/v2\/media\/586601"}],"wp:attachment":[{"href":"https:\/\/www.diarioimagen.net\/index.php?rest_route=%2Fwp%2Fv2%2Fmedia&parent=586485"}],"wp:term":[{"taxonomy":"category","embeddable":true,"href":"https:\/\/www.diarioimagen.net\/index.php?rest_route=%2Fwp%2Fv2%2Fcategories&post=586485"},{"taxonomy":"post_tag","embeddable":true,"href":"https:\/\/www.diarioimagen.net\/index.php?rest_route=%2Fwp%2Fv2%2Ftags&post=586485"}],"curies":[{"name":"wp","href":"https:\/\/api.w.org\/{rel}","templated":true}]}}