{"id":586487,"date":"2023-06-09T00:02:09","date_gmt":"2023-06-09T06:02:09","guid":{"rendered":"https:\/\/www.diarioimagen.net\/?p=586487"},"modified":"2023-06-09T03:22:09","modified_gmt":"2023-06-09T09:22:09","slug":"desacelera-carestia-a-5-84-durante-mayo-su-menor-nivel-desde-agosto-del-2021","status":"publish","type":"post","link":"https:\/\/www.diarioimagen.net\/?p=586487","title":{"rendered":"Desacelera carest\u00eda a 5.84% durante mayo; su menor nivel desde agosto del 2021"},"content":{"rendered":"<p><strong>\u00a0<\/strong><\/p>\n<ul>\n<li><em><strong>Respiro a los bolsillos de los mexicanos<\/strong><\/em><\/li>\n<\/ul>\n<p>&nbsp;<\/p>\n<div id=\"attachment_586599\" style=\"width: 470px\" class=\"wp-caption aligncenter\"><a href=\"https:\/\/www.diarioimagen.net\/?attachment_id=586599\" rel=\"attachment wp-att-586599\"><img loading=\"lazy\" decoding=\"async\" aria-describedby=\"caption-attachment-586599\" class=\"size-full wp-image-586599\" src=\"https:\/\/www.diarioimagen.net\/wp-content\/uploads\/2023\/06\/INFLACION.jpg\" alt=\"\" width=\"460\" height=\"270\" \/><\/a><p id=\"caption-attachment-586599\" class=\"wp-caption-text\">La inflaci\u00f3n general dio un nuevo &#8216;respiro&#8217; a tu cartera en el mes de mayo al ubicarse en 5.84 por ciento, de acuerdo con datos del Instituto Nacional de Estad\u00edstica y Geograf\u00eda (Inegi).<\/p><\/div>\n<p>&nbsp;<\/p>\n<p>De acuerdo con datos del Instituto Nacional de Estad\u00edstica y Geograf\u00eda (Inegi), la inflaci\u00f3n a los consumidores volvi\u00f3 a desacelerar en mayo y se ubic\u00f3 en su nivel m\u00e1s bajo desde agosto del 2021, con lo que a tasa anual se ubic\u00f3 en 5.84 por ciento.<\/p>\n<p>En el quinto mes del a\u00f1o, el \u00cdndice Nacional de Precios al Consumidor (INPC) disminuy\u00f3 0.22% en comparaci\u00f3n mensual, dando un respiro a los bolsillos de los mexicanos.<\/p>\n<p>De esta manera, luego de alcanzar m\u00e1ximos no vistos en m\u00e1s de dos d\u00e9cadas el a\u00f1o pasado, la inflaci\u00f3n hil\u00f3 cuatro meses desaceler\u00e1ndose, y se ubic\u00f3 en su menor nivel desde agosto del 2021, cuando promedi\u00f3 una tasa de 5.59 por ciento.<\/p>\n<p>El dato de mayo result\u00f3 positivo al ser ligeramente menor al de 5.89% esperado por el consenso de analistas, y se espera que durante los siguientes meses contin\u00faen cediendo.<\/p>\n<p>La desaceleraci\u00f3n estuvo liderada por la energ\u00eda, incluido el gas para cocinar, as\u00ed como por los precios de las frutas y verduras.<\/p>\n<p>\u201cLas expectativas de inflaci\u00f3n comenzar\u00e1n a mejorar y, por lo tanto, el banco central no tendr\u00e1 argumentos s\u00f3lidos para nuevas alzas\u201d, dijo Alberto Rojas, economista senior para mercados emergentes en Credit Suisse Group AG.<\/p>\n<p>La inflaci\u00f3n de los servicios sigue estancada, en medio de la presi\u00f3n causada por el aumento de los salarios. La tendencia a la baja seguir\u00e1 consolid\u00e1ndose, mientras el banco central mantiene su postura restrictiva en los pr\u00f3ximos meses, dijo Gabriela Siller, directora de an\u00e1lisis econ\u00f3mico de Grupo Financiero Base.<\/p>\n<p>Banxico, como se conoce al banco central, detuvo el mes pasado su campa\u00f1a de endurecimiento monetario m\u00e1s pronunciada, manteniendo su tasa de inter\u00e9s oficial en el 11.25 por ciento. Los costos de endeudamiento se encuentran ahora en su nivel m\u00e1s alto desde que el banco comenz\u00f3 a fijar objetivos de inflaci\u00f3n en 2008.<\/p>\n<p>La semana pasada, la gobernadora de Banxico, Victoria Rodr\u00edguez, dio a entender que el banco central mantendr\u00e1 las tasas de inter\u00e9s en su nivel m\u00e1s alto durante al menos las dos pr\u00f3ximas reuniones, antes de empezar a considerar la posibilidad de una relajaci\u00f3n. El banco tiene como objetivo una inflaci\u00f3n del 3 por ciento, m\u00e1s o menos un punto porcentual.<\/p>\n","protected":false},"excerpt":{"rendered":"<p>De acuerdo con datos del Instituto Nacional de Estad\u00edstica y Geograf\u00eda (Inegi), la inflaci\u00f3n a los consumidores volvi\u00f3 a desacelerar en mayo y se ubic\u00f3 en su nivel m\u00e1s bajo desde agosto del 2021, con lo que a tasa anual se ubic\u00f3 en 5.84 por ciento.<\/p>\n","protected":false},"author":3,"featured_media":586599,"comment_status":"open","ping_status":"open","sticky":false,"template":"","format":"standard","meta":{"_monsterinsights_skip_tracking":false,"_monsterinsights_sitenote_active":false,"_monsterinsights_sitenote_note":"","_monsterinsights_sitenote_category":0,"footnotes":""},"categories":[8],"tags":[96061,43678,932],"class_list":["post-586487","post","type-post","status-publish","format-standard","has-post-thumbnail","hentry","category-finanzas","tag-carestia","tag-finanzas","tag-inflacion"],"_links":{"self":[{"href":"https:\/\/www.diarioimagen.net\/index.php?rest_route=\/wp\/v2\/posts\/586487","targetHints":{"allow":["GET"]}}],"collection":[{"href":"https:\/\/www.diarioimagen.net\/index.php?rest_route=\/wp\/v2\/posts"}],"about":[{"href":"https:\/\/www.diarioimagen.net\/index.php?rest_route=\/wp\/v2\/types\/post"}],"author":[{"embeddable":true,"href":"https:\/\/www.diarioimagen.net\/index.php?rest_route=\/wp\/v2\/users\/3"}],"replies":[{"embeddable":true,"href":"https:\/\/www.diarioimagen.net\/index.php?rest_route=%2Fwp%2Fv2%2Fcomments&post=586487"}],"version-history":[{"count":0,"href":"https:\/\/www.diarioimagen.net\/index.php?rest_route=\/wp\/v2\/posts\/586487\/revisions"}],"wp:featuredmedia":[{"embeddable":true,"href":"https:\/\/www.diarioimagen.net\/index.php?rest_route=\/wp\/v2\/media\/586599"}],"wp:attachment":[{"href":"https:\/\/www.diarioimagen.net\/index.php?rest_route=%2Fwp%2Fv2%2Fmedia&parent=586487"}],"wp:term":[{"taxonomy":"category","embeddable":true,"href":"https:\/\/www.diarioimagen.net\/index.php?rest_route=%2Fwp%2Fv2%2Fcategories&post=586487"},{"taxonomy":"post_tag","embeddable":true,"href":"https:\/\/www.diarioimagen.net\/index.php?rest_route=%2Fwp%2Fv2%2Ftags&post=586487"}],"curies":[{"name":"wp","href":"https:\/\/api.w.org\/{rel}","templated":true}]}}