{"id":586630,"date":"2023-06-12T00:04:15","date_gmt":"2023-06-12T06:04:15","guid":{"rendered":"https:\/\/www.diarioimagen.net\/?p=586630"},"modified":"2023-06-13T01:56:33","modified_gmt":"2023-06-13T07:56:33","slug":"lluvia-de-medallas-para-la-uaemex","status":"publish","type":"post","link":"https:\/\/www.diarioimagen.net\/?p=586630","title":{"rendered":"Lluvia de medallas para la UAEM\u00e9x"},"content":{"rendered":"<p>&nbsp;<\/p>\n<ul>\n<li><strong><em>Suma tres preseas de bronce en lucha universitaria<\/em><\/strong><\/li>\n<\/ul>\n<p><strong>\u00a0<\/strong><\/p>\n<div id=\"attachment_586705\" style=\"width: 470px\" class=\"wp-caption aligncenter\"><a href=\"https:\/\/www.diarioimagen.net\/?attachment_id=586705\" rel=\"attachment wp-att-586705\"><img loading=\"lazy\" decoding=\"async\" aria-describedby=\"caption-attachment-586705\" class=\"size-full wp-image-586705\" src=\"https:\/\/www.diarioimagen.net\/wp-content\/uploads\/2023\/06\/uaem-lluvia-medallas.jpg\" alt=\"\" width=\"460\" height=\"270\" \/><\/a><p id=\"caption-attachment-586705\" class=\"wp-caption-text\">Los dirigidos por el entrenador Alejandro Retureta ya contabilizan cinco preseas de bronce.<\/p><\/div>\n<p>&nbsp;<\/p>\n<p><strong>Sonora, Estado de M\u00e9xico.\u2013 <\/strong>Contin\u00faa la lluvia de medallas para la Universidad Aut\u00f3noma del Estado de M\u00e9xico (UAEM\u00e9x) en la disciplina de lucha universitaria, al sumar tres preseas m\u00e1s de bronce dentro de la Universiada Nacional 2023, que se desarrolla en el estado de Sonora.<\/p>\n<p>Con este resultado, los dirigidos por el entrenador Alejandro Retureta ya contabilizan cinco preseas de bronce.<\/p>\n<p>Ahora fue Ximena Sep\u00falveda Gonz\u00e1lez quien obtuvo la medalla en la categor\u00eda de los 53 kilogramos y con ello, un buen resultado para la estudiante de la Facultad de Geograf\u00eda, quien cursa la Licenciatura en Geolog\u00eda Ambiental y Recursos H\u00eddricos.<\/p>\n<p>Mientras tanto, la atleta de la Aut\u00f3noma mexiquense Alejandra Figueroa Adame, estudiante de la Licenciatura en Administraci\u00f3n de la Facultad de Contadur\u00eda y Administraci\u00f3n, conquist\u00f3 el tercer sitio en la categor\u00eda de los 57 kilogramos.<\/p>\n<p>En tanto, C\u00e9sar Iv\u00e1n Sep\u00falveda Gonz\u00e1lez, alumno de la Licenciatura en Ingenier\u00eda en Pl\u00e1sticos de la Unidad Acad\u00e9mica Profesional de Tianguistenco, se adjudic\u00f3 la presea de bronce en los 70 kilogramos.<\/p>\n<p>Los atletas universitarios se mostraron contentos por la obtenci\u00f3n de sus medallas y, sobre todo, de seguir poniendo en alto los colores verde y oro.<\/p>\n<p>El contingente de la Universidad Aut\u00f3noma del Estado de M\u00e9xico (UAEM\u00e9x) sigue demostrando su buen nivel y hasta el momento, ya suma cinco preseas de bronce y una de plata en esta justa deportiva que se lleva a cabo en Sonora.<\/p>\n<p>En la Universiada Nacional 2023, que concluye el pr\u00f3ximo 15 de junio, participan 115 deportistas universitarios. Se espera que la delegaci\u00f3n auriverde consiga m\u00e1s preseas en este evento que organiza el Consejo Nacional del Deporte de la Educaci\u00f3n (CONDDE).<\/p>\n","protected":false},"excerpt":{"rendered":"<p>Contin\u00faa la lluvia de medallas para la Universidad Aut\u00f3noma del Estado de M\u00e9xico (UAEM\u00e9x) en la disciplina de lucha universitaria, al sumar tres preseas m\u00e1s de bronce dentro de la Universiada Nacional 2023, que se desarrolla en el estado de Sonora.<\/p>\n","protected":false},"author":3,"featured_media":586705,"comment_status":"open","ping_status":"open","sticky":false,"template":"","format":"standard","meta":{"_monsterinsights_skip_tracking":false,"_monsterinsights_sitenote_active":false,"_monsterinsights_sitenote_note":"","_monsterinsights_sitenote_category":0,"footnotes":""},"categories":[5],"tags":[19561,67878,72989],"class_list":["post-586630","post","type-post","status-publish","format-standard","has-post-thumbnail","hentry","category-estado-de-mexico","tag-medallas","tag-uaemex","tag-universiada-nacional"],"_links":{"self":[{"href":"https:\/\/www.diarioimagen.net\/index.php?rest_route=\/wp\/v2\/posts\/586630","targetHints":{"allow":["GET"]}}],"collection":[{"href":"https:\/\/www.diarioimagen.net\/index.php?rest_route=\/wp\/v2\/posts"}],"about":[{"href":"https:\/\/www.diarioimagen.net\/index.php?rest_route=\/wp\/v2\/types\/post"}],"author":[{"embeddable":true,"href":"https:\/\/www.diarioimagen.net\/index.php?rest_route=\/wp\/v2\/users\/3"}],"replies":[{"embeddable":true,"href":"https:\/\/www.diarioimagen.net\/index.php?rest_route=%2Fwp%2Fv2%2Fcomments&post=586630"}],"version-history":[{"count":0,"href":"https:\/\/www.diarioimagen.net\/index.php?rest_route=\/wp\/v2\/posts\/586630\/revisions"}],"wp:featuredmedia":[{"embeddable":true,"href":"https:\/\/www.diarioimagen.net\/index.php?rest_route=\/wp\/v2\/media\/586705"}],"wp:attachment":[{"href":"https:\/\/www.diarioimagen.net\/index.php?rest_route=%2Fwp%2Fv2%2Fmedia&parent=586630"}],"wp:term":[{"taxonomy":"category","embeddable":true,"href":"https:\/\/www.diarioimagen.net\/index.php?rest_route=%2Fwp%2Fv2%2Fcategories&post=586630"},{"taxonomy":"post_tag","embeddable":true,"href":"https:\/\/www.diarioimagen.net\/index.php?rest_route=%2Fwp%2Fv2%2Ftags&post=586630"}],"curies":[{"name":"wp","href":"https:\/\/api.w.org\/{rel}","templated":true}]}}