{"id":586635,"date":"2023-06-12T00:02:31","date_gmt":"2023-06-12T06:02:31","guid":{"rendered":"https:\/\/www.diarioimagen.net\/?p=586635"},"modified":"2023-06-12T22:55:51","modified_gmt":"2023-06-13T04:55:51","slug":"aumentaron-300-los-decomisos-de-fentanilo-en-la-frontera-mexico-eu-en-cuatro-anos","status":"publish","type":"post","link":"https:\/\/www.diarioimagen.net\/?p=586635","title":{"rendered":"Aumentaron 300% los decomisos de fentanilo en la frontera M\u00e9xico-EU, en cuatro a\u00f1os"},"content":{"rendered":"<p>&nbsp;<\/p>\n<h3 style=\"text-align: center;\">Manzanillo, puerta de entrada de precursores qu\u00edmicos<\/h3>\n<p><em>\u00a0<\/em><\/p>\n<ul>\n<li><em><strong>Esta droga se ha convertido en una excepcional fuente de ingresos para el crimen organizado<\/strong><\/em><\/li>\n<\/ul>\n<p>&nbsp;<\/p>\n<div id=\"attachment_586707\" style=\"width: 470px\" class=\"wp-caption aligncenter\"><a href=\"https:\/\/www.diarioimagen.net\/?attachment_id=586707\" rel=\"attachment wp-att-586707\"><img loading=\"lazy\" decoding=\"async\" aria-describedby=\"caption-attachment-586707\" class=\"size-full wp-image-586707\" src=\"https:\/\/www.diarioimagen.net\/wp-content\/uploads\/2023\/06\/FENTANILO.jpg\" alt=\"\" width=\"460\" height=\"270\" \/><\/a><p id=\"caption-attachment-586707\" class=\"wp-caption-text\">La delegaci\u00f3n de la Fiscal\u00eda General de la Rep\u00fablica en Sonora report\u00f3 la semana pasada el decomiso de 2 millones de pastillas de fentanilo.<\/p><\/div>\n<p>&nbsp;<\/p>\n<p>Los decomisos de fentanilo aumentaron un 300% en la frontera entre M\u00e9xico y Estados Unidos en los \u00faltimos cuatro a\u00f1os, seg\u00fan el informe \u00cdndice de Paz M\u00e9xico 2023 del Instituto para la Econom\u00eda y la Paz (IEP).<\/p>\n<p>El organismo se\u00f1al\u00f3 que entre 2015 y 2022, el volumen total de fentanilo incautado en todos los puntos fronterizos subieron de 31.8 kilogramos a 6,668.<\/p>\n<p>Una tendencia que se repite en la cantidad de esta droga decomisada en territorio mexicano, la mayor\u00eda en el noroeste del pa\u00eds, pues de 2016 a 2022 aument\u00f3 de 11 a 2.114 kilos, 192 veces m\u00e1s.<\/p>\n<p>\u201cM\u00e9xico ha sido visto tradicionalmente como un productor o punto de tr\u00e1nsito de drogas con destino a Estados Unidos, y su mercado interno de drogas tambi\u00e9n ha estado creciendo en los \u00faltimos a\u00f1os\u201d, se\u00f1al\u00f3 el director para M\u00e9xico del IEP, Carlos Ju\u00e1rez.<\/p>\n<p>El fentanilo, adem\u00e1s de ser uno de los principales problemas de salud p\u00fablica en Estados Unidos, ha generado en los \u00faltimos meses diversas fricciones entre los gobiernos de ambos pa\u00edses.<\/p>\n<p>Aunque el gobierno mexicano, pese a evidencias, defiende que el opioide no se fabrica en el pa\u00eds y que tampoco es generalizado su consumo, el informe se\u00f1ala que, entre 2019 y 2021, la cantidad de personas atendidas por sobredosis de fentanilo en M\u00e9xico aument\u00f3 un 636%.<\/p>\n<p>Pese a sus riesgos para los consumidores -se calcula que su efecto es al menos 50 veces m\u00e1s fuerte que el de la hero\u00edna-, el fentanilo se ha convertido en una excepcional fuente de ingresos para sus productores, los grupos del crimen organizado.<\/p>\n<p>El informe expone que esta droga es \u201crelativamente barata de producir\u201d, lo que significa que los m\u00e1rgenes de beneficio cuando se vende y distribuye aumentan hasta 2,700 veces el precio de producci\u00f3n.<\/p>\n<p>El tr\u00e1fico de estos productos qu\u00edmicos provoca enfrentamientos entre los grupos delictivos en su disputa por controlar los laboratorios clandestinos de metanfetaminas y hero\u00edna, as\u00ed como la recepci\u00f3n y distribuci\u00f3n de los precursores qu\u00edmicos que llegan desde China para producir, entre otras drogas, el fentanilo.<\/p>\n<p>Tambi\u00e9n ha desatado la violencia en el estado de Colima, donde est\u00e1 el puerto de Manzanillo, uno de los m\u00e1s activos del pa\u00eds y puerta de entrada para los precursores.<\/p>\n<p style=\"text-align: center;\"><strong>Decomisan 2 millones de pastillas de fentanilo en Sonora<\/strong><\/p>\n<p>Apenas la semana pasada, la delegaci\u00f3n de la Fiscal\u00eda General de la Rep\u00fablica en Sonora report\u00f3 el decomiso de 2 millones de pastillas de fentanilo con un peso aproximado de 226 kilos.<\/p>\n<p>Quienes llevaron a cabo la detenci\u00f3n fue la polic\u00eda federal ministerial de la Fiscal\u00eda General de la Rep\u00fablica, la droga viajaba en un tractocami\u00f3n sobre la carretera entre Navojoa y Huatabampo en el sur de Sonora.<\/p>\n<p>El conductor de la unidad fue puesto a disposici\u00f3n de las autoridades, as\u00ed como el total de la sustancia, \u00e9ste es el decomiso m\u00e1s grande realizado en la entidad, misma que ha sido reconocida como la que registra un mayor volumen de esta metanfetamina encontrada en operativos.<\/p>\n","protected":false},"excerpt":{"rendered":"<p>Los decomisos de fentanilo aumentaron un 300% en la frontera entre M\u00e9xico y Estados Unidos en los \u00faltimos cuatro a\u00f1os, seg\u00fan el informe \u00cdndice de Paz M\u00e9xico 2023 del Instituto para la Econom\u00eda y la Paz (IEP).<\/p>\n","protected":false},"author":3,"featured_media":586707,"comment_status":"open","ping_status":"open","sticky":false,"template":"","format":"standard","meta":{"_monsterinsights_skip_tracking":false,"_monsterinsights_sitenote_active":false,"_monsterinsights_sitenote_note":"","_monsterinsights_sitenote_category":0,"footnotes":""},"categories":[7],"tags":[6358,2786,95454,4043,44,43677],"class_list":["post-586635","post","type-post","status-publish","format-standard","has-post-thumbnail","hentry","category-seguridad","tag-decomiso","tag-eu","tag-fentanilo","tag-frontera","tag-mexico","tag-seguridad"],"_links":{"self":[{"href":"https:\/\/www.diarioimagen.net\/index.php?rest_route=\/wp\/v2\/posts\/586635","targetHints":{"allow":["GET"]}}],"collection":[{"href":"https:\/\/www.diarioimagen.net\/index.php?rest_route=\/wp\/v2\/posts"}],"about":[{"href":"https:\/\/www.diarioimagen.net\/index.php?rest_route=\/wp\/v2\/types\/post"}],"author":[{"embeddable":true,"href":"https:\/\/www.diarioimagen.net\/index.php?rest_route=\/wp\/v2\/users\/3"}],"replies":[{"embeddable":true,"href":"https:\/\/www.diarioimagen.net\/index.php?rest_route=%2Fwp%2Fv2%2Fcomments&post=586635"}],"version-history":[{"count":0,"href":"https:\/\/www.diarioimagen.net\/index.php?rest_route=\/wp\/v2\/posts\/586635\/revisions"}],"wp:featuredmedia":[{"embeddable":true,"href":"https:\/\/www.diarioimagen.net\/index.php?rest_route=\/wp\/v2\/media\/586707"}],"wp:attachment":[{"href":"https:\/\/www.diarioimagen.net\/index.php?rest_route=%2Fwp%2Fv2%2Fmedia&parent=586635"}],"wp:term":[{"taxonomy":"category","embeddable":true,"href":"https:\/\/www.diarioimagen.net\/index.php?rest_route=%2Fwp%2Fv2%2Fcategories&post=586635"},{"taxonomy":"post_tag","embeddable":true,"href":"https:\/\/www.diarioimagen.net\/index.php?rest_route=%2Fwp%2Fv2%2Ftags&post=586635"}],"curies":[{"name":"wp","href":"https:\/\/api.w.org\/{rel}","templated":true}]}}