{"id":586639,"date":"2023-06-12T00:01:06","date_gmt":"2023-06-12T06:01:06","guid":{"rendered":"https:\/\/www.diarioimagen.net\/?p=586639"},"modified":"2023-06-12T03:15:46","modified_gmt":"2023-06-12T09:15:46","slug":"sigue-en-aumento-carga-fiscal-de-las-pensiones-de-acuerdo-a-cifras-de-hacienda","status":"publish","type":"post","link":"https:\/\/www.diarioimagen.net\/?p=586639","title":{"rendered":"Sigue en aumento carga fiscal de las pensiones, de acuerdo a cifras de Hacienda"},"content":{"rendered":"<p>&nbsp;<\/p>\n<ul>\n<li><strong><em>Representan 17.3% del gasto p\u00fablico<\/em><\/strong><\/li>\n<\/ul>\n<p>&nbsp;<\/p>\n<div id=\"attachment_586721\" style=\"width: 470px\" class=\"wp-caption aligncenter\"><a href=\"https:\/\/www.diarioimagen.net\/?attachment_id=586721\" rel=\"attachment wp-att-586721\"><img loading=\"lazy\" decoding=\"async\" aria-describedby=\"caption-attachment-586721\" class=\"size-full wp-image-586721\" src=\"https:\/\/www.diarioimagen.net\/wp-content\/uploads\/2023\/06\/CARGA-FISCAL-DE-PENSIONES.jpg\" alt=\"\" width=\"460\" height=\"270\" \/><\/a><p id=\"caption-attachment-586721\" class=\"wp-caption-text\">El gasto en pensiones acaparan 17.3 por ciento del gasto del gobierno en lo que va de 2023.<\/p><\/div>\n<p>&nbsp;<\/p>\n<p>Los recursos que se destinan a pensiones acaparan 17.3 por ciento del gasto p\u00fablico en lo que va de 2023, lo cual agudiza las presiones sobre las cuentas fiscales a un a\u00f1o del cambio de gobierno, de acuerdo con informaci\u00f3n oficial.<\/p>\n<p>Datos de la Secretar\u00eda de Hacienda y Cr\u00e9dito P\u00fablico (SHCP) revelan que en cuatro meses el gasto en pensiones \u2013sin contar las que se otorgan como programa social\u2013 absorbi\u00f3 419 mil 88.6 millones de pesos, un incremento de 1.5 por ciento anual, en medio de suberjercicios en la mayor\u00eda de las dependencias ejecutivas de la administraci\u00f3n p\u00fablica.<\/p>\n<p>Las cifras de Hacienda muestran que hasta abril el gasto p\u00fablico alcanz\u00f3 2 billones 426 mil 145.5 millones de pesos, una ca\u00edda de 2.1 por ciento respecto a los primeros cuatro meses del a\u00f1o pasado, que se acompa\u00f1a con la contenci\u00f3n del gasto en \u00e1reas operativas de la administraci\u00f3n p\u00fablica, a medida que los ingresos p\u00fablicos son menores a lo previsto por la dependencia.<\/p>\n<p>Al margen de lo que se pueda solventar mediante recortes al gasto de programas sociales o infraestructura, las pensiones, al igual que el costo financiero de la deuda p\u00fablica \u2013que en lo que va de 2023 concentra 13.5 por ciento del gasto p\u00fablico (, no pueden ser tocadas para liberar recursos ante menores ingresos.<\/p>\n<p>En diciembre de 2020 se hicieron cambios a la Ley del Seguro Social y a la de los Sistemas de Ahorro para el Retiro con el fin de disminuir las semanas de cotizaci\u00f3n y aumentar de forma paulatina las aportaciones. Por lo pronto, la carga fiscal de las pensiones contributivas en M\u00e9xico \u2013atadas a un empleo formal\u2013 no ha dejado de aumentar.<\/p>\n<p>Este a\u00f1o absorber\u00e1n un bill\u00f3n 333.3 mil millones de pesos, 8.4 por ciento m\u00e1s que en 2022, seg\u00fan la proyecci\u00f3n oficial. Aparte se encuentra la pensi\u00f3n universal para adultos mayores, a la que se destinar\u00e1n 339 mil 341.4 millones tambi\u00e9n en 2023. Ambos ramos \u2013el primero, un derecho adquirido de los trabajadores, y el segundo, un derecho asentado en la Constituci\u00f3n\u2013 seguir\u00e1n aumentando su costo, y la posibilidad de una reforma fiscal fue desechada por el presidente Andr\u00e9s Manuel L\u00f3pez Obrador desde la primera mitad de su sexenio.<\/p>\n<p>\u201cEl sistema de pensiones contin\u00faa siendo una pesada carga fiscal, que absorbe una quinta parte de los ingresos presupuestarios anuales. El sistema de cuentas individuales, que es el eje del actual sistema pensionario, ha sido insuficiente para desahogar las presiones en las finanzas p\u00fablicas\u201d, refiere un estudio del Centro de Estudios de las Finanzas P\u00fablicas (CEFP).<\/p>\n<p>En lo que va de este a\u00f1o, las pensiones del gobierno federal absorbieron 39 mil 709.3 millones de pesos, 5.7 por ciento menos que entre enero y abril del a\u00f1o pasado; las de Petr\u00f3leos Mexicanos, 22 mil 734.3 millones, uno por ciento menos. Las del Instituto Mexicano del Seguro Social sumaron 210 mil 470.1 millones de pesos, y otros 129 mil 849 millones las del Instituto de Seguridad y Servicios Sociales de los Trabajadores del Estado, ambas 2.3 por ciento m\u00e1s que el a\u00f1o pasado, mientras en la Comisi\u00f3n Federal de Electricidad este rubro se dispar\u00f3 6.3 por ciento, con un costo de 16 mil 325.8 millones de pesos para el sector p\u00fablico.<\/p>\n","protected":false},"excerpt":{"rendered":"<p>Los recursos que se destinan a pensiones acaparan 17.3 por ciento del gasto p\u00fablico en lo que va de 2023, lo cual agudiza las presiones sobre las cuentas fiscales a un a\u00f1o del cambio de gobierno, de acuerdo con informaci\u00f3n oficial.<\/p>\n","protected":false},"author":3,"featured_media":586721,"comment_status":"open","ping_status":"open","sticky":false,"template":"","format":"standard","meta":{"_monsterinsights_skip_tracking":false,"_monsterinsights_sitenote_active":false,"_monsterinsights_sitenote_note":"","_monsterinsights_sitenote_category":0,"footnotes":""},"categories":[8],"tags":[88797,43678,1101],"class_list":["post-586639","post","type-post","status-publish","format-standard","has-post-thumbnail","hentry","category-finanzas","tag-cifra","tag-finanzas","tag-secretaria-de-hacienda-y-credito-publico"],"_links":{"self":[{"href":"https:\/\/www.diarioimagen.net\/index.php?rest_route=\/wp\/v2\/posts\/586639","targetHints":{"allow":["GET"]}}],"collection":[{"href":"https:\/\/www.diarioimagen.net\/index.php?rest_route=\/wp\/v2\/posts"}],"about":[{"href":"https:\/\/www.diarioimagen.net\/index.php?rest_route=\/wp\/v2\/types\/post"}],"author":[{"embeddable":true,"href":"https:\/\/www.diarioimagen.net\/index.php?rest_route=\/wp\/v2\/users\/3"}],"replies":[{"embeddable":true,"href":"https:\/\/www.diarioimagen.net\/index.php?rest_route=%2Fwp%2Fv2%2Fcomments&post=586639"}],"version-history":[{"count":0,"href":"https:\/\/www.diarioimagen.net\/index.php?rest_route=\/wp\/v2\/posts\/586639\/revisions"}],"wp:featuredmedia":[{"embeddable":true,"href":"https:\/\/www.diarioimagen.net\/index.php?rest_route=\/wp\/v2\/media\/586721"}],"wp:attachment":[{"href":"https:\/\/www.diarioimagen.net\/index.php?rest_route=%2Fwp%2Fv2%2Fmedia&parent=586639"}],"wp:term":[{"taxonomy":"category","embeddable":true,"href":"https:\/\/www.diarioimagen.net\/index.php?rest_route=%2Fwp%2Fv2%2Fcategories&post=586639"},{"taxonomy":"post_tag","embeddable":true,"href":"https:\/\/www.diarioimagen.net\/index.php?rest_route=%2Fwp%2Fv2%2Ftags&post=586639"}],"curies":[{"name":"wp","href":"https:\/\/api.w.org\/{rel}","templated":true}]}}