{"id":586645,"date":"2023-06-12T00:02:04","date_gmt":"2023-06-12T06:02:04","guid":{"rendered":"https:\/\/www.diarioimagen.net\/?p=586645"},"modified":"2023-06-12T03:19:40","modified_gmt":"2023-06-12T09:19:40","slug":"reconocen-el-trabajo-de-couttolenc-buentello-dirigente-del-pv-en-edomex","status":"publish","type":"post","link":"https:\/\/www.diarioimagen.net\/?p=586645","title":{"rendered":"Reconocen el trabajo de Couttolenc Buentello, dirigente del PV en Edomex"},"content":{"rendered":"<p>&nbsp;<\/p>\n<ul>\n<li><strong><em>Tras resultado de las pasadas elecciones<\/em><\/strong><\/li>\n<\/ul>\n<p>&nbsp;<\/p>\n<div id=\"attachment_586729\" style=\"width: 470px\" class=\"wp-caption aligncenter\"><a href=\"https:\/\/www.diarioimagen.net\/?attachment_id=586729\" rel=\"attachment wp-att-586729\"><img loading=\"lazy\" decoding=\"async\" aria-describedby=\"caption-attachment-586729\" class=\"size-full wp-image-586729\" src=\"https:\/\/www.diarioimagen.net\/wp-content\/uploads\/2023\/06\/reconocen-trabajo.jpg\" alt=\"\" width=\"460\" height=\"270\" \/><\/a><p id=\"caption-attachment-586729\" class=\"wp-caption-text\">Reconocen el trabajo de Jos\u00e9 Alberto Couttolenc Buentello, dirigente estatal del Partido Verde en el Estado de M\u00e9xico, tras los resultados en las pasadas elecciones.<\/p><\/div>\n<p>&nbsp;<\/p>\n<p><strong>Toluca, Estado de M\u00e9xico.\u2014<\/strong> El Coordinador de la Convenci\u00f3n Nacional del Partido Verde Ecologista de M\u00e9xico (PVEM), Arturo Escobar y Vega, reconoci\u00f3 el trabajo y el liderazgo de Jos\u00e9 Alberto Couttolenc Buentello, dirigente estatal de este instituto pol\u00edtico en el Estado de M\u00e9xico, tras los resultados obtenidos en las recientes elecciones que favorecieron a la maestra Delfina G\u00f3mez \u00c1lvarez.<\/p>\n<p>\u201cQuiero pedirle por favor que se ponga de pie Pepe Couttolenc, en nombre de todo el partido, muchas felicidades por tu trabajo, impresionante, impresionante Pepe, nos dejaste la vara muy alta para el 24, pero es simplemente la muestra que cuando alguien se esfuerza, alguien tiene liderazgo, no se deja de trabajar y recu\u00e9rdame la frase que usas, Chamba mata grilla, ese ser\u00e1 nuestro lema de aqu\u00ed al 24 P\u00e1jaro, porque tu lo pusiste\u201d, resalt\u00f3 Escobar y Vega durante su intervenci\u00f3n en este importante evento realizado en la Expo Santa Fe.<\/p>\n","protected":false},"excerpt":{"rendered":"<p>El Coordinador de la Convenci\u00f3n Nacional del Partido Verde Ecologista de M\u00e9xico (PVEM), Arturo Escobar y Vega, reconoci\u00f3 el trabajo y el liderazgo de Jos\u00e9 Alberto Couttolenc Buentello, dirigente estatal de este instituto pol\u00edtico en el Estado de M\u00e9xico, tras los resultados obtenidos en las recientes elecciones que favorecieron a la maestra Delfina G\u00f3mez \u00c1lvarez.\u00a0<\/p>\n","protected":false},"author":3,"featured_media":586729,"comment_status":"open","ping_status":"open","sticky":false,"template":"","format":"standard","meta":{"_monsterinsights_skip_tracking":false,"_monsterinsights_sitenote_active":false,"_monsterinsights_sitenote_note":"","_monsterinsights_sitenote_category":0,"footnotes":""},"categories":[5],"tags":[98035,43675,98034,452],"class_list":["post-586645","post","type-post","status-publish","format-standard","has-post-thumbnail","hentry","category-estado-de-mexico","tag-alberto-couttolenc-buentello","tag-estado-de-mexico","tag-lpvem","tag-toluca"],"_links":{"self":[{"href":"https:\/\/www.diarioimagen.net\/index.php?rest_route=\/wp\/v2\/posts\/586645","targetHints":{"allow":["GET"]}}],"collection":[{"href":"https:\/\/www.diarioimagen.net\/index.php?rest_route=\/wp\/v2\/posts"}],"about":[{"href":"https:\/\/www.diarioimagen.net\/index.php?rest_route=\/wp\/v2\/types\/post"}],"author":[{"embeddable":true,"href":"https:\/\/www.diarioimagen.net\/index.php?rest_route=\/wp\/v2\/users\/3"}],"replies":[{"embeddable":true,"href":"https:\/\/www.diarioimagen.net\/index.php?rest_route=%2Fwp%2Fv2%2Fcomments&post=586645"}],"version-history":[{"count":0,"href":"https:\/\/www.diarioimagen.net\/index.php?rest_route=\/wp\/v2\/posts\/586645\/revisions"}],"wp:featuredmedia":[{"embeddable":true,"href":"https:\/\/www.diarioimagen.net\/index.php?rest_route=\/wp\/v2\/media\/586729"}],"wp:attachment":[{"href":"https:\/\/www.diarioimagen.net\/index.php?rest_route=%2Fwp%2Fv2%2Fmedia&parent=586645"}],"wp:term":[{"taxonomy":"category","embeddable":true,"href":"https:\/\/www.diarioimagen.net\/index.php?rest_route=%2Fwp%2Fv2%2Fcategories&post=586645"},{"taxonomy":"post_tag","embeddable":true,"href":"https:\/\/www.diarioimagen.net\/index.php?rest_route=%2Fwp%2Fv2%2Ftags&post=586645"}],"curies":[{"name":"wp","href":"https:\/\/api.w.org\/{rel}","templated":true}]}}