{"id":586699,"date":"2023-06-12T00:15:05","date_gmt":"2023-06-12T06:15:05","guid":{"rendered":"https:\/\/www.diarioimagen.net\/?p=586699"},"modified":"2023-06-12T01:30:49","modified_gmt":"2023-06-12T07:30:49","slug":"reprobados-en-estado-de-derecho","status":"publish","type":"post","link":"https:\/\/www.diarioimagen.net\/?p=586699","title":{"rendered":"Reprobados en Estado de Derecho"},"content":{"rendered":"<h2>Por la Derecha..!<\/h2>\n<h5>Luis \u00c1ngel Garc\u00eda<\/h5>\n<p>&nbsp;<\/p>\n<p>Por quinta ocasi\u00f3n, el organismo internacional World Justice Project (WJP) evalu\u00f3 las condiciones en que se encuentra el Estado de Derecho en M\u00e9xico y seguimos reprobados con 0.42 por ciento en una escala del 0 (ausencia total del Estado de Derecho) al 1 (m\u00e1xima adhesi\u00f3n al ordenamiento internacional). Si bien es cierto que anualmente hemos avanzado tres d\u00e9cimas, en 2020 calificamos con 0.39 por ciento, WJP considera que esa m\u00e9trica s\u00f3lo representa un estancamiento y persiste el reto de lograr un mayor apego a la legalidad en el pa\u00eds.<\/p>\n<p>Cabe se\u00f1alar que la organizaci\u00f3n mundial mide ocho indicadores: ausencia de corrupci\u00f3n, l\u00edmites al poder gubernamental, gobierno abierto, derechos fundamentales, orden y seguridad, cumplimiento de marco regulatorio, justicia civil y justicia penal. Las entidades peor calificados fueron Quintana Roo, Chiapas, Tabasco, Veracruz, Puebla, Morelos CDMX, Edomex, Guerrero y Jalisco, entre 0.36 y 0.39 por ciento; de \u201cpanzazo\u201d, con 0.40 &#8211; 0.44 por ciento, Baja California, Sonora, Chihuahua, Zacatecas, Nayarit, Colima, Michoac\u00e1n, Nuevo Le\u00f3n, Tamaulipas, San Luis Potos\u00ed, Hidalgo, Tlaxcala, Oaxaca Y Campeche.<\/p>\n<p>Por quinto a\u00f1o consecutivo, estamos lejos de parecernos a los pa\u00edses escandinavos, a los de la masa continental europea, naciones asi\u00e1ticas como Singapur o latinas como Uruguay y Costa Rica. As\u00ed que es un mito el que se haya acabado con la corrupci\u00f3n en M\u00e9xico y es banal presumir el pa\u00f1uelito blanco en las ma\u00f1aneras, sobre todo cuando no se sanciona el escandaloso caso de Segalmex, donde se estaf\u00f3 no s\u00f3lo al gobierno sino a los millones de pobres que ser\u00edan beneficiarios de ese programa; lo robado es superior a la estafa maestra que tanto criticaron al ex presidente Enrique Pe\u00f1a Nieto.<\/p>\n<p>Tampoco se puede esperar mucho del respeto al Estado de Derecho de un r\u00e9gimen cuya m\u00e1xima es \u201ca mi no me vengan con que la ley es la ley\u201d, o suponer que en M\u00e9xico hay l\u00edmites al poder gubernamental cuando la 4T se ha caracterizado por abolir la divisi\u00f3n de poderes, combatir a los organismos aut\u00f3nomos e independientes y liquidar cualquier contrapeso a una presidencia imperial, al poder Ejecutivo autocr\u00e1tico.<\/p>\n<p>En menos de cinco a\u00f1os convirtieron al poder legislativo en una oficial\u00eda de partes del inquilino de Palacio Nacional, pretenden restarle independencia al poder Judicial y han desaparecido o acotado a los organismos constitucionales aut\u00f3nomos, adem\u00e1s de querer controlar a instituciones ciudadanas como el INE o el INAI. La opacidad es el rasgo distintivo de estos tiempos.<\/p>\n<p>En orden y justicia, si bien no hemos llegado a ser un Estado fallido, aunque estamos cerca, es una realidad que se ha perdido la gobernanza en muchas regiones del pa\u00eds ante la ausencia o capitulaci\u00f3n de las autoridades leg\u00edtimas. Oficialmente no se reconoce, pero avanza el poder f\u00e1ctico del crimen organizado, el cual suple en muchos lugares a la estructura burocr\u00e1tica. La aparici\u00f3n de las polic\u00edas comunitarias o grupos de autodefensa son expresi\u00f3n de la abdicaci\u00f3n de los cuerpos de seguridad constitucionales. La funci\u00f3n primigenia de cualquier Estado es proteger la vida y patrimonio de sus gobernados, lo cual no se observa en M\u00e9xico, y as\u00ed lo atestiguan los miles de desplazados que hay en Chiapas, Michoac\u00e1n o Oaxaca que huyen de sus comunidades por temor a ser asesinados ante las amenazas de ser despojados de sus tierras.<\/p>\n<p>Tampoco puede haber seguridad en una naci\u00f3n donde se han asesinado a 160 mil mexicanos en lo que va del sexenio, con lo que superan la cifra de cualquiera de los \u00faltimos gobiernos. La inexistencia de una eficaz estrategia de seguridad p\u00fablica mantiene al pa\u00eds en un eterno ba\u00f1o de sangre.<\/p>\n<p>La corrupci\u00f3n y el uso faccioso de la justicia tampoco permiten los avances en lo civil y lo penal. La justicia se utiliza m\u00e1s como instrumento de venganza pol\u00edtica o de amenaza a los grupos opositores.<\/p>\n<p>Lejos estamos de ser como Dinamarca.<\/p>\n","protected":false},"excerpt":{"rendered":"<p><span style=\"color: #005497;\"><strong>Luis \u00c1ngel Garc\u00eda<\/strong><\/span><\/p>\n","protected":false},"author":3,"featured_media":0,"comment_status":"open","ping_status":"open","sticky":false,"template":"","format":"standard","meta":{"_monsterinsights_skip_tracking":false,"_monsterinsights_sitenote_active":false,"_monsterinsights_sitenote_note":"","_monsterinsights_sitenote_category":0,"footnotes":""},"categories":[92115],"tags":[92117,43674,92116],"class_list":["post-586699","post","type-post","status-publish","format-standard","hentry","category-luis-angel-garcia","tag-luis-angel-garcia","tag-opinion","tag-por-la-derecha"],"_links":{"self":[{"href":"https:\/\/www.diarioimagen.net\/index.php?rest_route=\/wp\/v2\/posts\/586699","targetHints":{"allow":["GET"]}}],"collection":[{"href":"https:\/\/www.diarioimagen.net\/index.php?rest_route=\/wp\/v2\/posts"}],"about":[{"href":"https:\/\/www.diarioimagen.net\/index.php?rest_route=\/wp\/v2\/types\/post"}],"author":[{"embeddable":true,"href":"https:\/\/www.diarioimagen.net\/index.php?rest_route=\/wp\/v2\/users\/3"}],"replies":[{"embeddable":true,"href":"https:\/\/www.diarioimagen.net\/index.php?rest_route=%2Fwp%2Fv2%2Fcomments&post=586699"}],"version-history":[{"count":0,"href":"https:\/\/www.diarioimagen.net\/index.php?rest_route=\/wp\/v2\/posts\/586699\/revisions"}],"wp:attachment":[{"href":"https:\/\/www.diarioimagen.net\/index.php?rest_route=%2Fwp%2Fv2%2Fmedia&parent=586699"}],"wp:term":[{"taxonomy":"category","embeddable":true,"href":"https:\/\/www.diarioimagen.net\/index.php?rest_route=%2Fwp%2Fv2%2Fcategories&post=586699"},{"taxonomy":"post_tag","embeddable":true,"href":"https:\/\/www.diarioimagen.net\/index.php?rest_route=%2Fwp%2Fv2%2Ftags&post=586699"}],"curies":[{"name":"wp","href":"https:\/\/api.w.org\/{rel}","templated":true}]}}