{"id":586750,"date":"2023-06-12T00:12:24","date_gmt":"2023-06-12T06:12:24","guid":{"rendered":"https:\/\/www.diarioimagen.net\/?p=586750"},"modified":"2023-06-12T22:53:31","modified_gmt":"2023-06-13T04:53:31","slug":"la-casa-de-la-bandida-entre-el-periodismo-y-la-participacion-de-los-ciudadanos","status":"publish","type":"post","link":"https:\/\/www.diarioimagen.net\/?p=586750","title":{"rendered":"<em>\u201cLa Casa de La Bandida\u201d<\/em>, entre el periodismo y la participaci\u00f3n de los ciudadanos"},"content":{"rendered":"<h2>Tras la puerta del poder<\/h2>\n<h5>Roberto Vizca\u00edno<\/h5>\n<p>&nbsp;<\/p>\n<p><a href=\"https:\/\/www.diarioimagen.net\/?attachment_id=586751\" rel=\"attachment wp-att-586751\"><img loading=\"lazy\" decoding=\"async\" class=\"alignright wp-image-586751\" src=\"https:\/\/www.diarioimagen.net\/wp-content\/uploads\/2023\/06\/vizcaino.jpg\" alt=\"\" width=\"300\" height=\"440\" \/><\/a>Los medios informativos en M\u00e9xico son casi en su totalidad propiedad de empresarios privados cuyo negocio no es la comunicaci\u00f3n sino la venta y alquiler de patrullas al gobierno o de credenciales digitalizadas o de bienes inmuebles o tienen los m\u00e1s grandes y prestigiados hospitales o negocia con medicamentos de todo tipo. Para ellos sus diarios, programas de radio o TV son un puente de relaciones o medios de presi\u00f3n para la acumulaci\u00f3n de dinero.<\/p>\n<p>En este contexto, su principal objetivo no es generar la mejor informaci\u00f3n y menos impulsar un periodismo profesional de alta calidad que construya gobernabilidad en el pa\u00eds y la formaci\u00f3n cr\u00edtica de opini\u00f3n de los ciudadanos.<\/p>\n<p>Las sociedades avanzadas y sus gobiernos \u2014Canad\u00e1, Francia, Alemania, Espa\u00f1a, Inglaterra, Finlandia, Suecia y Dinamarca, entre otros\u2014, reconocen, alientan y aprecian los medios informativos y de opini\u00f3n dirigidos e integrados por periodistas profesionales. Ah\u00ed s\u00ed el ejercicio period\u00edstico y la libertad de expresi\u00f3n son la base de una democracia y gobernanza s\u00f3lidas.<\/p>\n<p>En M\u00e9xico, ha habido medios informativos notables dirigidos por grandes periodistas. Sin duda el Exc\u00e9lsior bajo la conducci\u00f3n de <strong>Julio Scherer, Manuel Becerra Acosta, Jorge Villa<\/strong> y quienes finalmente junto con su plantilla editorial y reporteril fuimos echados fuera el 8 de julio de 1976 por el presidente <strong>Luis Echeverr\u00eda<\/strong> fue el m\u00e1s sobresaliente. Por ah\u00ed iban las cooperativas <em>El D\u00eda<\/em> y <em>La Prensa<\/em>. Hoy eso no existe m\u00e1s. El avance tecnol\u00f3gico y los embates del gobierno terminaron por minar gravemente al periodismo en todo este pa\u00eds. Hoy no hay medio informativo sano en M\u00e9xico.<\/p>\n<p>En este universo no es sencillo que periodistas dirijan medios informativos. Hoy mencionar\u00e9 a dos que a pesar de todo lo intentan: <strong>Carlos Ram\u00edrez,<\/strong> con <em>El Independiente,<\/em> y <strong>Jos\u00e9 Luis Monta\u00f1ez,<\/strong> con <em>DIARIOIMAGEN<\/em>. Soy de los afortunados de estar con ellos en sus diarios.<\/p>\n<p>Ambos, al igual que yo, nacieron al periodismo como reporteros en los 70. Saben de lo que hablo. Y de hacer periodismo.<\/p>\n<p>Hoy, en tiempos aciagos como nunca antes para esta actividad, cuando desde la Presidencia de M\u00e9xico no s\u00f3lo se han cerrado todas las fuentes de financiamiento y se golpea y denigra esta actividad y sus medios para ahogar econ\u00f3mica y profesionalmente a diarios, programas de radio, TV y redes informativas, <strong>Jos\u00e9 Luis Monta\u00f1ez<\/strong> emprendi\u00f3 un proyecto ingenioso de teatro, m\u00fasica y periodismo que culmin\u00f3 ayer en una interesant\u00edsima experiencia para quienes participamos en \u00e9l. Un nuevo formato de di\u00e1logo y debate de altura con una sorprendente participaci\u00f3n de los espectadores, los ciudadanos.<\/p>\n<p>Ah\u00ed estuvimos entre el mi\u00e9rcoles 7 y domingo 11 de este junio, en el foro del Teatro Gran Recinto \u2014a un costado de <strong><em>Mundo E<\/em><\/strong>, adelante de Sat\u00e9lite, Estado de M\u00e9xico\u2014, en una mesa de debates y an\u00e1lisis informativo, y formativo, un grupo de periodistas experimentados \u2014casi todos con m\u00e1s de 40 y 50 a\u00f1os en esta actividad\u2014, frente a unas 200 y 350 personas por funci\u00f3n, para hablar de pol\u00edtica, an\u00e9cdotas personales y profesionales y de la sucesi\u00f3n presidencial en curso.<\/p>\n<p>La respuesta de los espectadores fue, para m\u00ed y todos, inesperada. interesant\u00edsima. Los asistentes se fueron soltando a cada presentaci\u00f3n hasta llegar a un verdadero di\u00e1logo circular en que lo mismo opinaban con aplausos, expresiones de simpat\u00eda, porras, que preguntaban, reclamaban o de plano repudiaban nuestros temas con chiflidos, bulla y gritos. Ellos, eran as\u00ed uno m\u00e1s en nuestra mesa de debates.<\/p>\n<p>Hoy nos qued\u00f3 claro que los mexicanos reclaman eso: Ser no s\u00f3lo escuchados, sino que se les respete y permita participar.<\/p>\n<p>En la mesa de periodistas, encabezados por <strong>Jos\u00e9 Luis Monta\u00f1ez Aguilar<\/strong> estuvimos, <strong>Ram\u00f3n Zurita, Francisco <em>Paco<\/em> Reynoso, V\u00edctor S\u00e1nchez Ba\u00f1os, Salvador Mart\u00ednez, Carlos Pozos<\/strong> \u2014el c\u00e9lebre <strong><em>Lord Mol\u00e9cula<\/em><\/strong> de las ma\u00f1aneras de <strong>AMLO<\/strong>\u2014, y yo.<\/p>\n<p>Todo un ejercicio para el estudio y an\u00e1lisis de soci\u00f3logos, polit\u00f3logos, sin duda de intelectuales y l\u00edderes pol\u00edticos entre otros.<\/p>\n<p>La otra parte de este experimento fue la obra de teatro de <strong><em>La Casa de La Bandida<\/em><\/strong>, la historia amorosa de una madrota famosa de mediados del siglo anterior en M\u00e9xico, con amplias relaciones y prestaci\u00f3n de servicios para el primer c\u00edrculo del poder pol\u00edtico, del dinero e intelectual.<\/p>\n<p>En ella participaron sobresalientemente la hermosa actriz <strong>Maricarmen De la Pe\u00f1a<\/strong>; <strong>Ruth Mendoza<\/strong>, <strong>Edith Encalada<\/strong> y los actores <strong>Mart\u00edn Mu\u00f1oz<\/strong> \u2014hijo de <strong>Manolo Mu\u00f1oz<\/strong>\u2014 con una voz estupenda; <strong>Jorge Nieto<\/strong> y <strong>David L\u00f3pez<\/strong> bajo la direcci\u00f3n de <strong>Fernando Garcilita<\/strong> y la producci\u00f3n de <strong>Jos\u00e9 Luis Monta\u00f1ez<\/strong> y la coproducci\u00f3n de <strong>Gustavo Salinas<\/strong>, de la casa de esa enorme actriz que fue <strong>Carmen Salinas<\/strong>. Con la participaci\u00f3n especial de <strong>Jorge Ibarra<\/strong>.<\/p>\n<p>Disculpas por no nombrar a cada uno del gran equipo que nos condujo y auxili\u00f3 a lo largo de este ejercicio. Todos tienen nuestro reconocimiento. Desde el ballet hasta el apuntador que tuvo una conducci\u00f3n impecable.<\/p>\n<p>En la parte musical aquello estuvo amenizado nada m\u00e1s ni nada menos que por el enorme m\u00fasico que ha sido y es <strong>Pepe Ar\u00e9valo<\/strong> acompa\u00f1ado por sus Mulatos, y con la tremenda voz\u2014que de inmediato recuerda a <strong>Celia Cru<\/strong>z\u2014, de la esplendorosa cantante cubana <strong>Ladys Hendrickson<\/strong>.<\/p>\n<p>Una parte muy especial por su mordacidad e ingenio se la lleva <strong>Benito Castro<\/strong> con el personaje muy moderno y actual de <strong>Jes\u00fas Mart\u00ednez, \u201cPalillo\u201d.<\/strong><\/p>\n<p>Todo un \u00e9xito que esperamos abra espacios a nuevos formatos de debate y an\u00e1lisis pol\u00edtico con m\u00fasica y arte cercano a la sociedad. <strong>Jos\u00e9 Luis Monta\u00f1ez <\/strong>tiene grandes planes para ello.<\/p>\n<p style=\"text-align: center;\"><strong>Consejo de Morena escucha a \u201ccorcholatas\u201d y dos colados<\/strong><\/p>\n<p>Con una asistencia de 260 consejeros nacionales confrontados por sus pasiones sucesorias, la c\u00fapula deliberativa y directiva de Morena retom\u00f3 anoche las sugerencias del lunes anterior del presidente <strong>Andr\u00e9s Manuel L\u00f3pez Obrador<\/strong> y escuch\u00f3 las de <strong>Claudia Sheinbaum y Marcelo Ebrard<\/strong> junto a las de <strong>Ricardo Monreal y Ad\u00e1n Augusto L\u00f3pez<\/strong>. Todos ellos reconocidos por <strong>AMLO<\/strong> como sus principales posibles sucesores.<\/p>\n<p><strong>Claudia y Marcelo<\/strong> fueron destapados por el mandatario en su ma\u00f1anera del 5 de julio de 2021 y <strong>Ricardo y Ad\u00e1n Augusto<\/strong> se colaron despu\u00e9s.<\/p>\n<p>En lo b\u00e1sico las normas de la selecci\u00f3n interna ser\u00e1: que el candidato o candidata saldr\u00e1 de encuestas, que habr\u00e1 cargos en el siguiente gobierno \u2014de ganar Morena la presidencial de 2024\u2014 para quienes no logren la nominaci\u00f3n y que todos deber\u00e1n sumarse al ganador.<\/p>\n<p>Los 4 aspirantes aceptaron esos m\u00e9todos y reglas. <strong>Ebrard<\/strong> ya renunci\u00f3 y <strong>Sheinbaum, Monreal y L\u00f3pez<\/strong> lo har\u00e1 en las siguientes horas.<\/p>\n<p>Ya hay tiro.<\/p>\n<p><em><a href=\"mailto:rvizcainoa@gmail.com\" target=\"_blank\" rel=\"noopener noreferrer\">vizcainoa@gmail.com<\/a><a href=\"mailto:rvizcainoa@gmail.com\" target=\"_blank\" rel=\"noopener noreferrer\"><br \/>\n<\/a><a href=\"http:\/\/endirecto.mx\" target=\"_blank\" rel=\"noopener noreferrer\">www.endirecto.mx<\/a><a href=\"mailto:rvizcainoa@gmail.com\" target=\"_blank\" rel=\"noopener noreferrer\"><br \/>\n<\/a><a href=\"https:\/\/twitter.com\/_rvizcaino\" target=\"_blank\" rel=\"noopener noreferrer\">@_RVizcaino<\/a><a href=\"mailto:rvizcainoa@gmail.com\" target=\"_blank\" rel=\"noopener noreferrer\"><br \/>\n<\/a><a href=\"https:\/\/www.facebook.com\/rvizcainoa\" target=\"_blank\" rel=\"noopener noreferrer\">facebook.com\/rvizcainoa<\/a><\/em><\/p>\n","protected":false},"excerpt":{"rendered":"<p><span style=\"color: #005497;\"><strong>Roberto Vizca\u00edno<\/strong><\/span><br \/>\n<br \/>\nLa otra parte de este experimento fue la obra de teatro de <strong><em>La Casa de La Bandida<\/em><\/strong>, la historia amorosa de una madrota famosa de mediados del siglo anterior en M\u00e9xico, con amplias relaciones y prestaci\u00f3n de servicios para el primer c\u00edrculo del poder pol\u00edtico, del dinero e intelectual.<\/p>\n","protected":false},"author":3,"featured_media":586752,"comment_status":"open","ping_status":"open","sticky":false,"template":"","format":"standard","meta":{"_monsterinsights_skip_tracking":false,"_monsterinsights_sitenote_active":false,"_monsterinsights_sitenote_note":"","_monsterinsights_sitenote_category":0,"footnotes":""},"categories":[136],"tags":[98047,93,94],"class_list":["post-586750","post","type-post","status-publish","format-standard","has-post-thumbnail","hentry","category-roberto-vizcaino-opinion","tag-n","tag-roberto-vizcaino","tag-tras-la-puerta-del-poder"],"_links":{"self":[{"href":"https:\/\/www.diarioimagen.net\/index.php?rest_route=\/wp\/v2\/posts\/586750","targetHints":{"allow":["GET"]}}],"collection":[{"href":"https:\/\/www.diarioimagen.net\/index.php?rest_route=\/wp\/v2\/posts"}],"about":[{"href":"https:\/\/www.diarioimagen.net\/index.php?rest_route=\/wp\/v2\/types\/post"}],"author":[{"embeddable":true,"href":"https:\/\/www.diarioimagen.net\/index.php?rest_route=\/wp\/v2\/users\/3"}],"replies":[{"embeddable":true,"href":"https:\/\/www.diarioimagen.net\/index.php?rest_route=%2Fwp%2Fv2%2Fcomments&post=586750"}],"version-history":[{"count":0,"href":"https:\/\/www.diarioimagen.net\/index.php?rest_route=\/wp\/v2\/posts\/586750\/revisions"}],"wp:featuredmedia":[{"embeddable":true,"href":"https:\/\/www.diarioimagen.net\/index.php?rest_route=\/wp\/v2\/media\/586752"}],"wp:attachment":[{"href":"https:\/\/www.diarioimagen.net\/index.php?rest_route=%2Fwp%2Fv2%2Fmedia&parent=586750"}],"wp:term":[{"taxonomy":"category","embeddable":true,"href":"https:\/\/www.diarioimagen.net\/index.php?rest_route=%2Fwp%2Fv2%2Fcategories&post=586750"},{"taxonomy":"post_tag","embeddable":true,"href":"https:\/\/www.diarioimagen.net\/index.php?rest_route=%2Fwp%2Fv2%2Ftags&post=586750"}],"curies":[{"name":"wp","href":"https:\/\/api.w.org\/{rel}","templated":true}]}}