{"id":586758,"date":"2023-06-12T00:04:20","date_gmt":"2023-06-12T06:04:20","guid":{"rendered":"https:\/\/www.diarioimagen.net\/?p=586758"},"modified":"2023-06-12T23:14:08","modified_gmt":"2023-06-13T05:14:08","slug":"reacomodos-y-la-encuesta","status":"publish","type":"post","link":"https:\/\/www.diarioimagen.net\/?p=586758","title":{"rendered":"Reacomodos y la encuesta"},"content":{"rendered":"<h2>Desde el portal<\/h2>\n<h5>\u00c1ngel Soriano<\/h5>\n<p>&nbsp;<\/p>\n<p>La encuesta, ha dicho el presidente Andr\u00e9s Manuel L\u00f3pez Obrador, es el mejor m\u00e9todo para la selecci\u00f3n de los candidatos a puestos de elecci\u00f3n popular y no puede adoptarse otro mecanismo a modo de un aspirante, por lo que se tiene que aceptar las reglas establecidas y, en esas circunstancias, quienes no est\u00e9n de acuerdo podr\u00e1n asumir posiciones personales, no de Morena.<\/p>\n<p>Del resultado que obtenga el Consejo Pol\u00edtico de Morena, se definir\u00e1 el destino del resto de los aspirantes: Los tres perdedores que seguramente continuar\u00e1n en las posiciones que ya tienen o habr\u00e1 de buscar a sus sucesores para consolidar el equipo que finalizar\u00e1 el sexenio de la transformaci\u00f3n y garantizar la continuidad del mismo el sexenio pr\u00f3ximo.<\/p>\n<p>Seis gobernadores(as) han manifestado su simpat\u00eda por la jefa de Gobierno, Claudia Sheinbaum, para ser nominada coordinadora del comit\u00e9 de defensa de la 4T y, en consecuencia, la pr\u00f3xima candidata presidencial; esto al margen del apoyo recibido por el PVEM y de la generalidad de simpatizantes en todo el pa\u00eds.<\/p>\n<p>Ad\u00e1n Augusto L\u00f3pez Hern\u00e1ndez comenz\u00f3 a despedirse como titular de la Segob en comunidades de Tabasco, ofreciendo regresar; lo mismo la jefa de Gobierno de la CDMX ha dicho que renunciar\u00e1 este lunes luego del resultado del consejo pol\u00edtico, y el titular de la SRE, Marcelo Ebrard, dejar\u00e1 el cargo a partir de este lunes. Monreal no se decide a\u00fan, pero los cambios se dar\u00e1n esta misma semana.<\/p>\n<p style=\"text-align: center;\"><strong>TURBULENCIAS<br \/>\n<\/strong><strong>Llena el teatro <em>La Casa de la Bandida<\/em><\/strong><\/p>\n<p>Notable \u00e9xito se anot\u00f3 el talentoso periodista Jos\u00e9 Luis Monta\u00f1ez con su obra de teatro <strong><em>La Casa de la Bandida, tres corcholatas, un colado, m\u00e1s los que se apunten!<\/em><\/strong>, que finaliz\u00f3 en paralelo al Consejo Pol\u00edtico de Morena para la selecci\u00f3n de su candidato (a) presidencial y que inici\u00f3 con una mesa de debate sobre el tema con la participaci\u00f3n de experimentados periodistas que integran su p\u00e1gina editorial, pero lo m\u00e1s interesante fue que el numeroso p\u00fablico orient\u00f3 con silbidos, aprobaci\u00f3n o rechazo, el rumbo de la opini\u00f3n p\u00fablica nacional: unos a favor y otros en contra de la pol\u00edtica actual, si sigue o se corrige. Sin duda, dos rumbos por los que transita el pa\u00eds y que se definir\u00e1n en el 2024 y, como ya es moda nacional, a las expresiones de apoyo a la actual administraci\u00f3n, el p\u00fablico dijo tener otros datos, lo mismo que los analistas, como una forma de darle vuelta a los cuestionamientos sin caer en el enfrentamiento irracional. Gran \u00e9xito de Monta\u00f1ez que ahora prepara su recorrido por el pa\u00eds con su obra que tambi\u00e9n presentar\u00e1 en Las Vegas, y es tambi\u00e9n una obra teatral de homenaje a Carmen Salinas\u2026 S\u00f3lo quiero aclarar que no estoy en contra de los apoyos sociales para los grupos vulnerables, siempre he luchado por ellos, afirma la senadora\u00a0 panista X\u00f3chitl G\u00e1lvez que este lunes se presentar\u00e1 en Palacio Nacional para exponer lo anterior al presidente L\u00f3pez Obrador en su conferencia ma\u00f1anera, pero el tabasque\u00f1o se\u00f1ala que si se le admite, luego pedir\u00e1 lo mismo el ex presidente Fox \u2014que acompa\u00f1ar\u00e1 a X\u00f3chitl\u2014, Calder\u00f3n, Claudio X. Gonz\u00e1lez, y se corre el riesgo de que deje de ser un di\u00e1logo circular con periodistas para terminar en un foro de debate pol\u00edtico\u2026 En su gira por las huastecas, el presidente L\u00f3pez Obrador estuvo en Xilitla, SLP, tierra de la secretaria de Seguridad, Rosa Icela Rodr\u00edguez, y en \u00c1lamo Temapache, Veracruz, d\u00f3nde se le apareci\u00f3 un partidario del tabasque\u00f1o Ad\u00e1n Augusto L\u00f3pez Hern\u00e1ndez, que reclam\u00f3 que el resto de los aspirantes a la candidatura presidencial de Morena se promocionan mucho y no hay apoyo para el secretario de Gobernaci\u00f3n; AMLO acept\u00f3 la inconformidad del huasteco.<\/p>\n<p><u><a href=\"mailto:asorianocarrasco@yahoo.com\" target=\"_blank\" rel=\"noopener noreferrer\"><em>asorianocarrasco@yahoo.com<\/em><\/a><br \/>\n<em><a href=\"https:\/\/revistabrecha.com\" target=\"_blank\" rel=\"noopener noreferrer\">www.revistabrecha.com<\/a><br \/>\n<\/em><\/u><em>facebook oficial <a href=\"https:\/\/es-la.facebook.com\/RevistaBrecha.Oficial\" target=\"_blank\" rel=\"noopener\">@BrechaRevista<\/a><\/em><\/p>\n<p>&nbsp;<\/p>\n","protected":false},"excerpt":{"rendered":"<p><span style=\"color: #005497;\"><strong>\u00c1ngel Soriano<\/strong><\/span><\/p>\n","protected":false},"author":3,"featured_media":0,"comment_status":"open","ping_status":"open","sticky":false,"template":"","format":"standard","meta":{"_monsterinsights_skip_tracking":false,"_monsterinsights_sitenote_active":false,"_monsterinsights_sitenote_note":"","_monsterinsights_sitenote_category":0,"footnotes":""},"categories":[135],"tags":[88407,43674,91193],"class_list":["post-586758","post","type-post","status-publish","format-standard","hentry","category-angel-soriano-opinion","tag-armando-rios-ruiz","tag-opinion","tag-perfil-de-mexico"],"_links":{"self":[{"href":"https:\/\/www.diarioimagen.net\/index.php?rest_route=\/wp\/v2\/posts\/586758","targetHints":{"allow":["GET"]}}],"collection":[{"href":"https:\/\/www.diarioimagen.net\/index.php?rest_route=\/wp\/v2\/posts"}],"about":[{"href":"https:\/\/www.diarioimagen.net\/index.php?rest_route=\/wp\/v2\/types\/post"}],"author":[{"embeddable":true,"href":"https:\/\/www.diarioimagen.net\/index.php?rest_route=\/wp\/v2\/users\/3"}],"replies":[{"embeddable":true,"href":"https:\/\/www.diarioimagen.net\/index.php?rest_route=%2Fwp%2Fv2%2Fcomments&post=586758"}],"version-history":[{"count":0,"href":"https:\/\/www.diarioimagen.net\/index.php?rest_route=\/wp\/v2\/posts\/586758\/revisions"}],"wp:attachment":[{"href":"https:\/\/www.diarioimagen.net\/index.php?rest_route=%2Fwp%2Fv2%2Fmedia&parent=586758"}],"wp:term":[{"taxonomy":"category","embeddable":true,"href":"https:\/\/www.diarioimagen.net\/index.php?rest_route=%2Fwp%2Fv2%2Fcategories&post=586758"},{"taxonomy":"post_tag","embeddable":true,"href":"https:\/\/www.diarioimagen.net\/index.php?rest_route=%2Fwp%2Fv2%2Ftags&post=586758"}],"curies":[{"name":"wp","href":"https:\/\/api.w.org\/{rel}","templated":true}]}}