{"id":586826,"date":"2023-06-13T00:02:21","date_gmt":"2023-06-13T06:02:21","guid":{"rendered":"https:\/\/www.diarioimagen.net\/?p=586826"},"modified":"2023-06-12T23:08:52","modified_gmt":"2023-06-13T05:08:52","slug":"marcelo-ebrard-dice-que-regresara-a-palacio-nacional-en-octubre-del-24","status":"publish","type":"post","link":"https:\/\/www.diarioimagen.net\/?p=586826","title":{"rendered":"Marcelo Ebrard dice que regresar\u00e1 a Palacio Nacional en octubre del 24"},"content":{"rendered":"<h2>La Retaguardia<\/h2>\n<h5>Adriana Moreno Cordero<\/h5>\n<p>&nbsp;<\/p>\n<ul>\n<li><strong><em>Claudia Sheinbaum asegura que ser\u00e1 la primera mujer presidenta<\/em><\/strong><\/li>\n<\/ul>\n<p>&nbsp;<\/p>\n<p>Mientras la flamante jefa de Gobierno de la Ciudad de M\u00e9xico, <strong>Claudia Sheinbaum<\/strong>, anunci\u00f3 en conferencia de prensa que ser\u00e1 el pr\u00f3ximo 16 de junio cuando pida licencia definitiva a su cargo, con el fin -explic\u00f3- de ser la primera mujer en la historia de M\u00e9xico en encabezar los destinos de la Naci\u00f3n, el secretario de Relaciones Exteriores, <strong>Marcelo Ebrard<\/strong>, luego de entregar su renuncia al presidente <strong>Andr\u00e9s Manuel L\u00f3pez Obrador<\/strong> en Palacio Nacional, dijo que regresar\u00e1 a ese emblem\u00e1tico sitio en octubre del 2024, o sea, ya como Presidente de la Rep\u00fablica.<\/p>\n<p>Incluso, el ex canciller cuenta con un apoyo que le causa escozor a la jefa de Gobierno de la CDMX, porque hasta <strong>Anthony Blinken<\/strong> y otras personalidades internacionales le desearon suerte a Ebrard. Algo que ella no tiene ni tendr\u00e1, pero eso s\u00ed, se ir\u00e1 muy al estilo L\u00f3pez Obrador porque se tiene previsto que para el pr\u00f3ximo jueves, en el Monumento a la Revoluci\u00f3n, rendir\u00e1 un informe de sus actividades en el que de seguro, omitir\u00e1 hablar de los temas que le incomodan, como por ejemplo, el desastroso estado en el que tiene el Metro, esto, nada m\u00e1s por citar el \u201cbot\u00f3n\u201d m\u00e1s importante de muestra.<\/p>\n<p>De lo anterior, bien puede desprenderse que por m\u00e1s que en el Consejo Nacional morenista del fin de semana se haya dicho y redicho que ser\u00e1n seis las \u201ccorcholatas\u201d que compiten por la candidatura presidencial de Morena, esta carrera -que se consignaba en anterior entrega, se ha vuelto parejera, es entre dos: <strong>Claudia Sheinbaum<\/strong> y Marcelo Ebrard, porque tal parece que el flamante secretario de Gobernaci\u00f3n, <strong>Ad\u00e1n Augusto L\u00f3pez Hern\u00e1ndez<\/strong> est\u00e1 de plano \u201cdormido en sus laureles\u201d o por lo menos eso parec\u00eda al momento de escribir estas l\u00edneas. Con eso de que \u201clos tiempos de Dios son perfectos\u201d, quiz\u00e1s, el responsable de la pol\u00edtica interna del pa\u00eds, estar\u00e1 esperando que el ser supremo \u201cbaje el dedo\u201d.<\/p>\n<p>As\u00ed que como de las pocas cosas que dijo bien la \u201ccorcholata verde\u201d, <strong>Manuel Velasco<\/strong>, tal parece que en esta acelerada carrera la divisa que priva es: \u201cprimero divide y luego gobierna\u201d, as\u00ed que lo terso que fue el Consejo Nacional de Morena, es lo \u00fanico que se ve como acto de unidad y eso que se pudieron apreciar puras sonrisas forzadas y los reclamos de los seguidores de Ebrard a la jefa de Gobierno para que en este importante proceso interno haya piso parejo y ella, con voz apagada contest\u00f3 que s\u00ed lo hab\u00eda.\u00a0 De tal suerte que lo que se avizora, es una cruenta guerra entre las dos \u201ccorcholatas\u201d punteras.<\/p>\n<p>\u201cSonr\u00edan, todo va a estar bien\u201d y una caricatura de Marcelo Ebrard, es lo que se le\u00eda en la playera que port\u00f3 el ex titular de la SRE, una vez que dej\u00f3 su puesto en la canciller\u00eda y se meti\u00f3 de lleno a su campa\u00f1a. Esta propaganda -hay que recordar- es muy parecida (si no es que igual), a la que a lo largo de su campa\u00f1a utiliz\u00f3 ni m\u00e1s ni menos que L\u00f3pez Obrador, basada en que con ese optimismo, contagiar\u00eda no s\u00f3lo a sus seguidores, sino tambi\u00e9n al electorado en general.<\/p>\n<p style=\"text-align: center;\"><strong>Municiones<\/strong><\/p>\n<p>*** Y ahora que el Instituto Nacional Electoral est\u00e1 \u201cplanchadito\u201d y una ferviente seguidora de esta errada y llamada Cuarta Transformaci\u00f3n como <strong>Guadalupe Taddei<\/strong> est\u00e1 al frente y lista y dispuesta a servir a los designios de Palacio Nacional, el presidente L\u00f3pez Obrador anunci\u00f3 que ser\u00e1 hoy cuando se re\u00fana con consejeros del INE, algo que supuestamente se tendr\u00eda que ver como una cuesti\u00f3n normal y como parte de la pr\u00e1ctica democr\u00e1tica. Sin embargo, si se toma en cuenta todo lo que despotric\u00f3 el inquilino de Palacio Nacional en contra del INE cuando lo presid\u00eda Lorenzo C\u00f3rdova, pues no puede m\u00e1s que pensarse que a lo que va el tabasque\u00f1o a dicha reuni\u00f3n es a tirar \u201cl\u00ednea\u201d y en su calidad de jefe de campa\u00f1a de quien resulte el o la \u201ccorcholata\u201d ganadora, aunque desde luego, los consejeros esperan que se revisen temas como el de la seguridad en elecciones, como tener las condiciones adecuadas para que los comicios se desenvuelvan de manera \u00f3ptima y el financiero, sobre todo en lo que respecta a que el INE cuente con los recursos suficientes dentro del marco de la ley para ejercer sus funciones. Con eso de que L\u00f3pez Obrador hizo todo lo que pudo por desmantelarlo.<\/p>\n<p>*** \u201cEl Acuerdo del Consejo Nacional de Morena adem\u00e1s de dictar qui\u00e9nes son los elegidos, trata de enga\u00f1ar a los mexicanos porque hip\u00f3critamente ahora dicen que deben ser austeros, sin derrochar en gastos publicitarios, sin acarrear, sin coaccionar, cuando lo que han hecho es todo lo contrario, dispendio, ominosa promoci\u00f3n y abuso de poder. De resultados nada, pero de campa\u00f1a ilegal todo\u201d. As\u00ed lo se\u00f1al\u00f3 la vicecoordinadora del PAN en el Senado de la Rep\u00fablica, <strong>Kenia L\u00f3pez Rabad\u00e1n<\/strong>, quien en su\u00a0 conferen cia\u00a0de prensa \u201cLa Contrama\u00f1anera\u201d \u00a0indic\u00f3 que\u00a0el acuerdo de Morena es s\u00f3lo un teatrito para legitimar el \u201cdedazo\u201d del presidente L\u00f3pez Obrador. \u201cLa realidad es que todo este teatrito es para seguir haciendo campa\u00f1as ilegales a costa del dinero de los mexicanos, sin transparencia, sin fiscalizaci\u00f3n, sin rendici\u00f3n de cuentas. Al final, la \u00fanica opini\u00f3n que va a valer es la de Palacio Nacional\u201d. Eso que ni qu\u00e9<\/p>\n<p>*** La secretaria general de Morena, <strong>Citllalli Hern\u00e1ndez,<\/strong> no cabe de gusto por los resultados del Consejo Nacional de su partido, que se llev\u00f3 a cabo el pasado fin de semana, pero que como que todav\u00eda le falta centrarse. Habl\u00f3 por ejemplo de los dineros que se deber\u00e1n destinar a cada una de las \u201ccorcholatas\u201d y con eso de que si por algo se ha destacado el partido oficial y quien despacha desde Palacio Nacional es en ahorrar bajo el lema de la \u201cpobreza franciscana\u201d, pero eso s\u00ed, pasar la \u201ccharola\u201d para la coperacha voluntariamente a fuerza, es de esperarse que ser\u00e1n muy pocos los recursos que dar\u00e1n a las \u201ccorcholatas\u201d y puede que quienes est\u00e1n de \u201cpati\u00f1os\u201d en esta carrera como es el diputado Gerardo Fern\u00e1ndez Noro\u00f1a y el senador Manuel Velasco ya no alcancen nada. Por lo pronto, la senadora Hern\u00e1ndez est\u00e1 como \u201cdeshojando la margarita\u201d y promete que en los pr\u00f3ximos d\u00edas se tendr\u00e1 \u201cuna ejecuci\u00f3n m\u00e1s precisa de cada uno de los lineamientos\u2026 tocar\u00e1 poner l\u00edmites, plantearemos como darle orden a esta directriz. \u00bfSer\u00e1?<\/p>\n<p>*** El Comit\u00e9 de Honor y M\u00e9rito de la Universidad de Am\u00e9rica del Norte, aprob\u00f3 la candidatura de <strong>Marcos Bucio M\u00fajica<\/strong> para recibir el Doctorado Honoris Causa. Esta decisi\u00f3n fue consensuada por el propio Comit\u00e9 y se fundamenta en el impacto significativo que las acciones de Bucio, han tenido en diversos \u00e1mbitos de la vida p\u00fablica de nuestro pa\u00eds. Su trayectoria profesional ejemplar y sus destacadas contribuciones han dejado una huella, convirti\u00e9ndolo en un referente inspirador para muchos. El reconocimiento otorgado refleja la admiraci\u00f3n y el reconocimiento de la comunidad acad\u00e9mica hacia su invaluable labor en beneficio de nuestra sociedad.<\/p>\n<p><u><a href=\"mailto:morcora@gmail.com\" target=\"_blank\" rel=\"noopener noreferrer\"><em>morcora@gmail.com<\/em><\/a><\/u><\/p>\n","protected":false},"excerpt":{"rendered":"<p><span style=\"color: #005497;\"><strong>Adriana Moreno Cordero<\/strong><\/span><\/p>\n","protected":false},"author":3,"featured_media":0,"comment_status":"open","ping_status":"open","sticky":false,"template":"","format":"standard","meta":{"_monsterinsights_skip_tracking":false,"_monsterinsights_sitenote_active":false,"_monsterinsights_sitenote_note":"","_monsterinsights_sitenote_category":0,"footnotes":""},"categories":[69370],"tags":[69369,69368,43674],"class_list":["post-586826","post","type-post","status-publish","format-standard","hentry","category-adriana-moreno-cordero","tag-adriana-moreno-cordero","tag-la-retaguardia","tag-opinion"],"_links":{"self":[{"href":"https:\/\/www.diarioimagen.net\/index.php?rest_route=\/wp\/v2\/posts\/586826","targetHints":{"allow":["GET"]}}],"collection":[{"href":"https:\/\/www.diarioimagen.net\/index.php?rest_route=\/wp\/v2\/posts"}],"about":[{"href":"https:\/\/www.diarioimagen.net\/index.php?rest_route=\/wp\/v2\/types\/post"}],"author":[{"embeddable":true,"href":"https:\/\/www.diarioimagen.net\/index.php?rest_route=\/wp\/v2\/users\/3"}],"replies":[{"embeddable":true,"href":"https:\/\/www.diarioimagen.net\/index.php?rest_route=%2Fwp%2Fv2%2Fcomments&post=586826"}],"version-history":[{"count":0,"href":"https:\/\/www.diarioimagen.net\/index.php?rest_route=\/wp\/v2\/posts\/586826\/revisions"}],"wp:attachment":[{"href":"https:\/\/www.diarioimagen.net\/index.php?rest_route=%2Fwp%2Fv2%2Fmedia&parent=586826"}],"wp:term":[{"taxonomy":"category","embeddable":true,"href":"https:\/\/www.diarioimagen.net\/index.php?rest_route=%2Fwp%2Fv2%2Fcategories&post=586826"},{"taxonomy":"post_tag","embeddable":true,"href":"https:\/\/www.diarioimagen.net\/index.php?rest_route=%2Fwp%2Fv2%2Ftags&post=586826"}],"curies":[{"name":"wp","href":"https:\/\/api.w.org\/{rel}","templated":true}]}}