{"id":586850,"date":"2023-06-13T00:06:48","date_gmt":"2023-06-13T06:06:48","guid":{"rendered":"https:\/\/www.diarioimagen.net\/?p=586850"},"modified":"2023-06-12T23:33:10","modified_gmt":"2023-06-13T05:33:10","slug":"tal-como-se-habia-previsto","status":"publish","type":"post","link":"https:\/\/www.diarioimagen.net\/?p=586850","title":{"rendered":"Tal como se hab\u00eda previsto"},"content":{"rendered":"<h2>Aunque pese<\/h2>\n<h5>Salvador Mart\u00ednez Garc\u00eda<\/h5>\n<p>&nbsp;<\/p>\n<p>Hasta ahora, en el partido Morena todo ha transcurrido tal y como se hab\u00eda previsto y filtrado a los medios de comunicaci\u00f3n. No hay sorpresas ni sobresaltos, el control pol\u00edtico es homog\u00e9neo y dif\u00edcilmente habr\u00e1 rupturas.<\/p>\n<p>Por lo pronto, est\u00e1 definido que para los primeros d\u00edas de septiembre se sabr\u00e1 qui\u00e9n ser\u00e1 el abanderado o abanderada del partido en el poder para los comicios presidenciales del pr\u00f3ximo a\u00f1o.<\/p>\n<p>Cinco encuestas decidir\u00e1n qui\u00e9n ser\u00e1 la privilegiada o privilegiado, aunque todas las apuestas dan amplia ventaja a la todav\u00eda jefa de Gobierno de la Ciudad de M\u00e9xico, Claudia Sheinbaum Pardo, quien ya anunci\u00f3 que dejar\u00e1 su cargo el pr\u00f3ximo 16 de junio.<\/p>\n<p>Todo parece indicar que ya est\u00e1 todo planchado para dar el paso a Claudia, aunque Marcelo Ebrard advirti\u00f3 p\u00fablicamente que \u00e9l pelear\u00e1 la postulaci\u00f3n porque no se prestar\u00eda a una simulaci\u00f3n.<\/p>\n<p>Todos dejar\u00e1n sus actuales cargos, como se orden\u00f3 en el Consejo Nacional de Morena, para buscar adhesiones a sus deseos y a pesar de que se ha pedido que no haya \u201ccargada\u201d a favor de nadie, lo m\u00e1s seguro es que se decanten por la que podr\u00eda ser la primera Presidenta de la Rep\u00fablica en M\u00e9xico.<\/p>\n<p style=\"text-align: center;\"><strong>Susurros<\/strong><\/p>\n<p>Una aventura, un sue\u00f1o, una profunda innovaci\u00f3n en el campo de los espect\u00e1culos fue lo que hizo realidad Jos\u00e9 Luis Monta\u00f1ez, director general de <em>DIARIOIMAGEN<\/em>, al poner en escena <em>La Casa de La Bandida, tres corcholatas, un colado y los que se apunten<\/em>. Reunir en un mismo espacio el debate pol\u00edtico serio, libre y profundo junto con la comicidad, el baile, la m\u00fasica y la comedia.<\/p>\n<p>Durante 5 d\u00edas se llevaron a cabo, ante cerca de dos mil personas, este innovador espect\u00e1culo en el que los periodistas V\u00edctor S\u00e1nchez Ba\u00f1os, Ram\u00f3n Zurita, Francisco Reynoso, Roberto Vizca\u00edno, Carlos Pozos (<em>Lord Mol\u00e9cula<\/em>) y el que esto escribe, encabezado por Jos\u00e9 Luis Monta\u00f1ez, le entraron sin tapujos al tema de la sucesi\u00f3n presidencial que los llev\u00f3 hasta fuertes discusiones, por la diversidad de pensamientos.<\/p>\n<p>Del lado de la m\u00fasica, baile y teatro, arrancaron risas y diversi\u00f3n la actriz Maricarmen de la Pe\u00f1a, Mart\u00edn Mu\u00f1oz, Ruth Mendoza, Edith Encalada, Jorge Nieto, David L\u00f3pez, Pepe Ar\u00e9valo y sus mulatos y el primer actor de comedia Benito Castro.<\/p>\n<p>Una proeza la puesta en escena de una compa\u00f1\u00eda de cerca de medio centenar de personas, si se toma en cuenta el corto lapso para su montaje, a cargo de Fernando Garcilita, como director, y Gustavo Salinas, en la coproducci\u00f3n.<\/p>\n<p>La carpa, el semillero teatrero de los cuarenta, cincuenta y sesenta del siglo pasado, viene a ser la esencia de <em>La Bandida<\/em>\u2026, que en esta puesta en escena permiti\u00f3 tambi\u00e9n la interacci\u00f3n con el p\u00fablico, cuando en aquellos improvisados foros carperos hasta improperios se lanzaban p\u00fablico y actores.<\/p>\n<p>Revivir aquellos momentos de la creaci\u00f3n art\u00edstica popular, del que surgieron no s\u00f3lo c\u00f3micos de la talla de <em>Cantinflas<\/em> o <em>Palillo<\/em>, y vivir ahora esta puesta en escena con debate pol\u00edtico es abrir brecha de nuevo en un camino que apenas reinicia. El g\u00e9nero no muere.<\/p>\n<p><a href=\"mailto:salvadormartinez@visionmx.com\" target=\"_blank\" rel=\"noopener\"><em>salvadormartinez@visionmx.com<\/em><\/a><br \/>\n<em>Twitter: <a href=\"https:\/\/twitter.com\/salvador_mtz\" target=\"_blank\" rel=\"noopener\">@salvador_mtz<\/a><\/em><\/p>\n","protected":false},"excerpt":{"rendered":"<p><span style=\"color: #005497;\"><strong>Salvador Mart\u00ednez Garc\u00eda<\/strong><\/span><\/p>\n","protected":false},"author":3,"featured_media":0,"comment_status":"open","ping_status":"open","sticky":false,"template":"","format":"standard","meta":{"_monsterinsights_skip_tracking":false,"_monsterinsights_sitenote_active":false,"_monsterinsights_sitenote_note":"","_monsterinsights_sitenote_category":0,"footnotes":""},"categories":[96743],"tags":[96744,43674,96745],"class_list":["post-586850","post","type-post","status-publish","format-standard","hentry","category-salvador-martinez-garcia","tag-aunque-pese","tag-opinion","tag-salvador-martinez-garcia"],"_links":{"self":[{"href":"https:\/\/www.diarioimagen.net\/index.php?rest_route=\/wp\/v2\/posts\/586850","targetHints":{"allow":["GET"]}}],"collection":[{"href":"https:\/\/www.diarioimagen.net\/index.php?rest_route=\/wp\/v2\/posts"}],"about":[{"href":"https:\/\/www.diarioimagen.net\/index.php?rest_route=\/wp\/v2\/types\/post"}],"author":[{"embeddable":true,"href":"https:\/\/www.diarioimagen.net\/index.php?rest_route=\/wp\/v2\/users\/3"}],"replies":[{"embeddable":true,"href":"https:\/\/www.diarioimagen.net\/index.php?rest_route=%2Fwp%2Fv2%2Fcomments&post=586850"}],"version-history":[{"count":0,"href":"https:\/\/www.diarioimagen.net\/index.php?rest_route=\/wp\/v2\/posts\/586850\/revisions"}],"wp:attachment":[{"href":"https:\/\/www.diarioimagen.net\/index.php?rest_route=%2Fwp%2Fv2%2Fmedia&parent=586850"}],"wp:term":[{"taxonomy":"category","embeddable":true,"href":"https:\/\/www.diarioimagen.net\/index.php?rest_route=%2Fwp%2Fv2%2Fcategories&post=586850"},{"taxonomy":"post_tag","embeddable":true,"href":"https:\/\/www.diarioimagen.net\/index.php?rest_route=%2Fwp%2Fv2%2Ftags&post=586850"}],"curies":[{"name":"wp","href":"https:\/\/api.w.org\/{rel}","templated":true}]}}