{"id":586940,"date":"2023-06-14T00:01:45","date_gmt":"2023-06-14T06:01:45","guid":{"rendered":"https:\/\/www.diarioimagen.net\/?p=586940"},"modified":"2023-06-29T00:22:03","modified_gmt":"2023-06-29T06:22:03","slug":"reconoce-la-sspc-incremento-en-el-numero-de-asesinatos-en-mayo","status":"publish","type":"post","link":"https:\/\/www.diarioimagen.net\/?p=586940","title":{"rendered":"Reconoce la SSPC incremento en el n\u00famero de asesinatos en mayo"},"content":{"rendered":"<p><strong>\u00a0<\/strong><\/p>\n<h3 style=\"text-align: center;\">Reporte mensual en materia de seguridad<\/h3>\n<p>&nbsp;<\/p>\n<ul>\n<li><strong><em>Ocurrieron 2 mil 660 homicidios dolosos y 63 feminicidios, un promedio de 88 diarios<\/em><\/strong><\/li>\n<\/ul>\n<p>&nbsp;<\/p>\n<div id=\"attachment_587033\" style=\"width: 470px\" class=\"wp-caption aligncenter\"><a href=\"https:\/\/www.diarioimagen.net\/?attachment_id=587033\" rel=\"attachment wp-att-587033\"><img loading=\"lazy\" decoding=\"async\" aria-describedby=\"caption-attachment-587033\" class=\"size-full wp-image-587033\" src=\"https:\/\/www.diarioimagen.net\/wp-content\/uploads\/2023\/06\/MAYO-VIOLENTO.jpg\" alt=\"\" width=\"460\" height=\"270\" \/><\/a><p id=\"caption-attachment-587033\" class=\"wp-caption-text\">Mayo es el mes m\u00e1s violento de lo que va de a\u00f1o en M\u00e9xico con 2,660 homicidios dolosos, de acuerdo a cifras oficiales.<\/p><\/div>\n<p>&nbsp;<\/p>\n<p>En su reporte mensual en materia de seguridad, la titular de la Secretar\u00eda de Seguridad y Protecci\u00f3n Ciudadana (SSPC), Rosa Icela Rodr\u00edguez, inform\u00f3 que mayo fue el mes m\u00e1s violento, con 2 mil 660 homicidios dolosos y 63 feminicidios, para un total de 2 mil 723 asesinatos; un promedio de 88 diarios.<\/p>\n<p>La violencia homicida en el pa\u00eds aument\u00f3 9 por ciento el mes pasado con respecto a abril en el que se contabilizaron 2 mil 498 homicidios, seg\u00fan cifras del Secretariado Ejecutivo del Sistema Nacional de Seguridad P\u00fablica (SESNSP).<\/p>\n<p>Pese a las cifras de mayo, la titular de la SSPC defendi\u00f3 que existe una tendencia a la baja de los asesinatos desde el inicio de la presidencia de Andr\u00e9s Manuel L\u00f3pez Obrador.<\/p>\n<p>\u201cEn el caso de homicidio doloso, tenemos una disminuci\u00f3n de 13,4 % (desde que comenz\u00f3 la administraci\u00f3n), y a pesar de que en mayo se tuvo un incremento, es el mayo m\u00e1s bajo de los \u00faltimos seis a\u00f1os. Sigue siendo el mismo promedio diario (de v\u00edctimas)\u201d, justific\u00f3 en la conferencia matutina.<\/p>\n<p>En el marco de la ma\u00f1anera del presidente Andr\u00e9s Manuel L\u00f3pez Obrador, la funcionaria detall\u00f3 las cifras sobre la incidencia de delitos en el pa\u00eds e indic\u00f3 que los homicidios dolosos report\u00f3 en mayo una reducci\u00f3n de 13.4 por ciento con relaci\u00f3n al punto m\u00e1s alto.<\/p>\n<p>Seis entidades concentraron el mes pasado 47.6 por ciento (5 mil 996) del total de homicidios registrados en el pa\u00eds. Se trata de Guanajuato, Estado de M\u00e9xico, Baja California, Jalisco, Chihuahua y Michoac\u00e1n. S\u00f3lo el Estado de M\u00e9xico va a la baja y los otros cinco estados a la alza. Caso especial es Michoac\u00e1n que ven\u00eda presentando una disminuci\u00f3n en la incidencia de ese il\u00edcito en meses recientes, y en mayo subi\u00f3.<\/p>\n<p>En cuanto a otros delitos del fuero com\u00fan, la secretaria se\u00f1al\u00f3 que en el robo total hay una baja de 24.6 por ciento; en robo de veh\u00edculo, 43.2 por ciento menos; feminicidio 37.6 por ciento menos; y secuestro 78.9 por ciento a la baja.<\/p>\n<p>En el caso de secuestro, destac\u00f3 que del 16 de julio de 2019 al cierre de este reporte han sido detenidos 5 mil 300 presuntos delincuentes, se han desarticulado 589 bandas dedicadas a este delito y 2 mil 529 v\u00edctimas han sido liberadas.<\/p>\n<p>La extorsi\u00f3n, por el contrario, si bien baj\u00f3 el mes pasado, sigue siendo \u201cun reto\u201d, reconoci\u00f3 Rodr\u00edguez, adem\u00e1s que hay una cifra negra debido a que es un delito que no suele denunciarse.<\/p>\n<p>En el caso de los il\u00edcitos del fuero federal, agreg\u00f3, hay una reducci\u00f3n de 22.5 por ciento desde el inicio de la administraci\u00f3n. En su turno, el almirante Ojeda Dur\u00e1n refiri\u00f3 que en lo que va del mes de junio se han decomisado 3 kilogramos de fentanilo y suman mil 726 en 2023.<\/p>\n","protected":false},"excerpt":{"rendered":"<p>En su reporte mensual en materia de seguridad, la titular de la Secretar\u00eda de Seguridad y Protecci\u00f3n Ciudadana (SSPC), Rosa Icela Rodr\u00edguez, inform\u00f3 que mayo fue el mes m\u00e1s violento, con 2 mil 660 homicidios dolosos y 63 feminicidios, para un total de 2 mil 723 asesinatos; un promedio de 88 diarios.<\/p>\n","protected":false},"author":3,"featured_media":587033,"comment_status":"open","ping_status":"open","sticky":false,"template":"","format":"standard","meta":{"_monsterinsights_skip_tracking":false,"_monsterinsights_sitenote_active":false,"_monsterinsights_sitenote_note":"","_monsterinsights_sitenote_category":0,"footnotes":""},"categories":[7],"tags":[575,43677,86872],"class_list":["post-586940","post","type-post","status-publish","format-standard","has-post-thumbnail","hentry","category-seguridad","tag-asesinatos","tag-seguridad","tag-sspc"],"_links":{"self":[{"href":"https:\/\/www.diarioimagen.net\/index.php?rest_route=\/wp\/v2\/posts\/586940","targetHints":{"allow":["GET"]}}],"collection":[{"href":"https:\/\/www.diarioimagen.net\/index.php?rest_route=\/wp\/v2\/posts"}],"about":[{"href":"https:\/\/www.diarioimagen.net\/index.php?rest_route=\/wp\/v2\/types\/post"}],"author":[{"embeddable":true,"href":"https:\/\/www.diarioimagen.net\/index.php?rest_route=\/wp\/v2\/users\/3"}],"replies":[{"embeddable":true,"href":"https:\/\/www.diarioimagen.net\/index.php?rest_route=%2Fwp%2Fv2%2Fcomments&post=586940"}],"version-history":[{"count":0,"href":"https:\/\/www.diarioimagen.net\/index.php?rest_route=\/wp\/v2\/posts\/586940\/revisions"}],"wp:featuredmedia":[{"embeddable":true,"href":"https:\/\/www.diarioimagen.net\/index.php?rest_route=\/wp\/v2\/media\/587033"}],"wp:attachment":[{"href":"https:\/\/www.diarioimagen.net\/index.php?rest_route=%2Fwp%2Fv2%2Fmedia&parent=586940"}],"wp:term":[{"taxonomy":"category","embeddable":true,"href":"https:\/\/www.diarioimagen.net\/index.php?rest_route=%2Fwp%2Fv2%2Fcategories&post=586940"},{"taxonomy":"post_tag","embeddable":true,"href":"https:\/\/www.diarioimagen.net\/index.php?rest_route=%2Fwp%2Fv2%2Ftags&post=586940"}],"curies":[{"name":"wp","href":"https:\/\/api.w.org\/{rel}","templated":true}]}}