{"id":586948,"date":"2023-06-14T00:03:04","date_gmt":"2023-06-14T06:03:04","guid":{"rendered":"https:\/\/www.diarioimagen.net\/?p=586948"},"modified":"2023-06-14T02:29:04","modified_gmt":"2023-06-14T08:29:04","slug":"proteccion-de-datos-y-transparencia-son-fundamentales-consejera-amalia-pulido","status":"publish","type":"post","link":"https:\/\/www.diarioimagen.net\/?p=586948","title":{"rendered":"Protecci\u00f3n de datos y transparencia son fundamentales: consejera Amalia Pulido"},"content":{"rendered":"<p>&nbsp;<\/p>\n<ul>\n<li><strong><em>Ciclo de conferencias en Edomex<\/em><\/strong><\/li>\n<\/ul>\n<p><strong>\u00a0<\/strong><\/p>\n<h6>Arturo Baena<\/h6>\n<p>&nbsp;<\/p>\n<div id=\"attachment_587050\" style=\"width: 470px\" class=\"wp-caption aligncenter\"><a href=\"https:\/\/www.diarioimagen.net\/?attachment_id=587050\" rel=\"attachment wp-att-587050\"><img loading=\"lazy\" decoding=\"async\" aria-describedby=\"caption-attachment-587050\" class=\"size-full wp-image-587050\" src=\"https:\/\/www.diarioimagen.net\/wp-content\/uploads\/2023\/06\/proteccion-datos.jpg\" alt=\"\" width=\"460\" height=\"270\" \/><\/a><p id=\"caption-attachment-587050\" class=\"wp-caption-text\">La consejera presidenta del IEEM, Amalia Pulido, destac\u00f3 que el proceso electoral mexiquense se desarroll\u00f3 con transparencia y protecci\u00f3n de datos personales.<\/p><\/div>\n<p>&nbsp;<\/p>\n<p><strong>Coacalco, Estado de M\u00e9xico.\u2014<\/strong> Con el objetivo de promover y difundir el trabajo realizado en materia de violencia de g\u00e9nero y protecci\u00f3n de datos personales, el Instituto Electoral del Estado de M\u00e9xico (IEEM) y el Instituto de Transparencia, Acceso a la Informaci\u00f3n P\u00fablica y Protecci\u00f3n de Datos Personales del Estado de M\u00e9xico y Municipios (INFOEM), presentaron el ciclo de conferencias Protecci\u00f3n de Datos personales y tipo de Violencia Digital en esta localidad.<\/p>\n<p>La consejera presidenta del IEEM, Amalia Pulido G\u00f3mez, destac\u00f3 que el proceso electoral para la gubernatura mexiquense, se desarroll\u00f3 con apego a principios democr\u00e1ticos, como la transparencia y la protecci\u00f3n de datos personales.<\/p>\n<p>Pulido G\u00f3mez afirm\u00f3 que mantener y elevar la calidad de la democracia requiere no s\u00f3lo que las elecciones se lleven a cabo en forma libre y justa, sino tambi\u00e9n que las y los ciudadanos tengan acceso a la informaci\u00f3n p\u00fablica. A\u00f1adi\u00f3 que para salvaguardar los derechos de la ciudadan\u00eda es necesario que las autoridades se obliguen a proteger los datos personales.<\/p>\n<p>Explic\u00f3 que el IEEM ha implementado mecanismos para lograr dicha meta, tales como: la Manifestaci\u00f3n de Confidencialidad, un documento en que las y los servidores p\u00fablicos electorales se comprometen a utilizar \u00fanicamente datos personales para los fines autorizados; a proteger, no sustraer, ni destruir, ni inutilizar o alterar o reproducir, la informaci\u00f3n confidencial y reservada; as\u00ed como a guardar el secreto y sigilo correspondiente en el tratamiento de informaci\u00f3n personal.<\/p>\n<p>El IEEM tambi\u00e9n public\u00f3 las Recomendaciones Generales para la Protecci\u00f3n de Datos personales Vinculados con Violencia de G\u00e9nero y Violencia Pol\u00edtica contra las Mujeres en Raz\u00f3n de G\u00e9nero.<\/p>\n","protected":false},"excerpt":{"rendered":"<p>Con el objetivo de promover y difundir el trabajo realizado en materia de violencia de g\u00e9nero y protecci\u00f3n de datos personales, el Instituto Electoral del Estado de M\u00e9xico (IEEM) y el Instituto de Transparencia, Acceso a la Informaci\u00f3n P\u00fablica y Protecci\u00f3n de Datos Personales del Estado de M\u00e9xico y Municipios (INFOEM), presentaron el ciclo de conferencias Protecci\u00f3n de Datos personales y tipo de Violencia Digital en esta localidad.<\/p>\n","protected":false},"author":3,"featured_media":587050,"comment_status":"open","ping_status":"open","sticky":false,"template":"","format":"standard","meta":{"_monsterinsights_skip_tracking":false,"_monsterinsights_sitenote_active":false,"_monsterinsights_sitenote_note":"","_monsterinsights_sitenote_category":0,"footnotes":""},"categories":[5],"tags":[579,43675,11001],"class_list":["post-586948","post","type-post","status-publish","format-standard","has-post-thumbnail","hentry","category-estado-de-mexico","tag-coacalco","tag-estado-de-mexico","tag-infoem"],"_links":{"self":[{"href":"https:\/\/www.diarioimagen.net\/index.php?rest_route=\/wp\/v2\/posts\/586948","targetHints":{"allow":["GET"]}}],"collection":[{"href":"https:\/\/www.diarioimagen.net\/index.php?rest_route=\/wp\/v2\/posts"}],"about":[{"href":"https:\/\/www.diarioimagen.net\/index.php?rest_route=\/wp\/v2\/types\/post"}],"author":[{"embeddable":true,"href":"https:\/\/www.diarioimagen.net\/index.php?rest_route=\/wp\/v2\/users\/3"}],"replies":[{"embeddable":true,"href":"https:\/\/www.diarioimagen.net\/index.php?rest_route=%2Fwp%2Fv2%2Fcomments&post=586948"}],"version-history":[{"count":0,"href":"https:\/\/www.diarioimagen.net\/index.php?rest_route=\/wp\/v2\/posts\/586948\/revisions"}],"wp:featuredmedia":[{"embeddable":true,"href":"https:\/\/www.diarioimagen.net\/index.php?rest_route=\/wp\/v2\/media\/587050"}],"wp:attachment":[{"href":"https:\/\/www.diarioimagen.net\/index.php?rest_route=%2Fwp%2Fv2%2Fmedia&parent=586948"}],"wp:term":[{"taxonomy":"category","embeddable":true,"href":"https:\/\/www.diarioimagen.net\/index.php?rest_route=%2Fwp%2Fv2%2Fcategories&post=586948"},{"taxonomy":"post_tag","embeddable":true,"href":"https:\/\/www.diarioimagen.net\/index.php?rest_route=%2Fwp%2Fv2%2Ftags&post=586948"}],"curies":[{"name":"wp","href":"https:\/\/api.w.org\/{rel}","templated":true}]}}