{"id":587246,"date":"2023-06-16T00:04:39","date_gmt":"2023-06-16T06:04:39","guid":{"rendered":"https:\/\/www.diarioimagen.net\/?p=587246"},"modified":"2023-06-16T03:07:16","modified_gmt":"2023-06-16T09:07:16","slug":"adan-augusto-dara-continuidad-al-gobierno-de-amlo-carlos-trujillo","status":"publish","type":"post","link":"https:\/\/www.diarioimagen.net\/?p=587246","title":{"rendered":"Ad\u00e1n Augusto dar\u00e1 continuidad al gobierno de AMLO: Carlos Trujillo"},"content":{"rendered":"<p>&nbsp;<\/p>\n<ul>\n<li><em><strong>\u201cHombre con experiencia pol\u00edtica\u201d<\/strong><\/em><\/li>\n<\/ul>\n<p><strong>\u00a0<\/strong><\/p>\n<h6>Arturo Baena<\/h6>\n<p>&nbsp;<\/p>\n<div id=\"attachment_587355\" style=\"width: 470px\" class=\"wp-caption aligncenter\"><a href=\"https:\/\/www.diarioimagen.net\/?attachment_id=587355\" rel=\"attachment wp-att-587355\"><img loading=\"lazy\" decoding=\"async\" aria-describedby=\"caption-attachment-587355\" class=\"size-full wp-image-587355\" src=\"https:\/\/www.diarioimagen.net\/wp-content\/uploads\/2023\/06\/adan-augusto.jpg\" alt=\"\" width=\"460\" height=\"270\" \/><\/a><p id=\"caption-attachment-587355\" class=\"wp-caption-text\">El segundo s\u00edndico de Naucalpan, Carlos Trujillo Anell, destac\u00f3 la trayectoria de Ad\u00e1n August\u00f3 L\u00f3pez.<\/p><\/div>\n<p>&nbsp;<\/p>\n<p><strong>Naucalpan, Estado de M\u00e9xico.\u2014<\/strong> Ad\u00e1n Augusto L\u00f3pez es un hombre con la trayectoria y experiencia pol\u00edtica que necesita nuestro pa\u00eds y sin duda alguna que el Estado de M\u00e9xico est\u00e1 con \u00e9l, afirm\u00f3 el segundo s\u00edndico municipal, Carlos Trujillo Anell.<\/p>\n<p>Record\u00f3 que el 26 de agosto de 2021, el presidente Andr\u00e9s Manuel L\u00f3pez Obrador (AMLO) invit\u00f3 a su \u201cpaisano y amigo\u201d Ad\u00e1n Augusto L\u00f3pez a ser secretario de Gobernaci\u00f3n. Ante la invitaci\u00f3n, Ad\u00e1n Augusto L\u00f3pez asegur\u00f3 que le honra tomar el cargo de secretario de Gobernaci\u00f3n.<\/p>\n<p>\u201cDesde entonces, Ad\u00e1n Augusto L\u00f3pez ha ido gan\u00e1ndose un lugar entre los aspirantes a la candidatura a la presidencia de Morena para las elecciones de 2024 y sin duda que es el favorito del pueblo\u201d, dijo Trujillo Anell.<\/p>\n<p>El representante popilar, dijo que Ad\u00e1n Agusto L\u00f3pez, tiene estudios en Derecho comparado por el Instituto de Derecho Comparado de Par\u00eds y una maestr\u00eda en Ciencias Pol\u00edticas por la Universidad de Par\u00eds, La Sorbona.<\/p>\n<p>Con estudios en Derecho, Ad\u00e1n Augusto L\u00f3pez fue presidente de la Junta Local de Conciliaci\u00f3n y Arbitraje en Tabasco en 1992. Posteriormente, subsecretario de Gobierno y Asuntos Jur\u00eddicos del Gobierno del Estado de Tabasco (1992-1994).<\/p>\n<p>\u201cEn fin, su carrera es extraordinaria y reitero que Ad\u00e1n Augusto es el hombre qu\u00e9 dar\u00e1 continuidad al gobierno de L\u00f3pez Obrador\u201d, concluy\u00f3.<\/p>\n","protected":false},"excerpt":{"rendered":"<p>Ad\u00e1n Augusto L\u00f3pez es un hombre con la trayectoria y experiencia pol\u00edtica que necesita nuestro pa\u00eds y sin duda alguna que el Estado de M\u00e9xico est\u00e1 con \u00e9l, afirm\u00f3 el segundo s\u00edndico municipal, Carlos Trujillo Anell.<\/p>\n","protected":false},"author":3,"featured_media":587355,"comment_status":"open","ping_status":"open","sticky":false,"template":"","format":"standard","meta":{"_monsterinsights_skip_tracking":false,"_monsterinsights_sitenote_active":false,"_monsterinsights_sitenote_note":"","_monsterinsights_sitenote_category":0,"footnotes":""},"categories":[5],"tags":[97100,43675,970],"class_list":["post-587246","post","type-post","status-publish","format-standard","has-post-thumbnail","hentry","category-estado-de-mexico","tag-carlos-trujillo-anell","tag-estado-de-mexico","tag-naucalpan"],"_links":{"self":[{"href":"https:\/\/www.diarioimagen.net\/index.php?rest_route=\/wp\/v2\/posts\/587246","targetHints":{"allow":["GET"]}}],"collection":[{"href":"https:\/\/www.diarioimagen.net\/index.php?rest_route=\/wp\/v2\/posts"}],"about":[{"href":"https:\/\/www.diarioimagen.net\/index.php?rest_route=\/wp\/v2\/types\/post"}],"author":[{"embeddable":true,"href":"https:\/\/www.diarioimagen.net\/index.php?rest_route=\/wp\/v2\/users\/3"}],"replies":[{"embeddable":true,"href":"https:\/\/www.diarioimagen.net\/index.php?rest_route=%2Fwp%2Fv2%2Fcomments&post=587246"}],"version-history":[{"count":0,"href":"https:\/\/www.diarioimagen.net\/index.php?rest_route=\/wp\/v2\/posts\/587246\/revisions"}],"wp:featuredmedia":[{"embeddable":true,"href":"https:\/\/www.diarioimagen.net\/index.php?rest_route=\/wp\/v2\/media\/587355"}],"wp:attachment":[{"href":"https:\/\/www.diarioimagen.net\/index.php?rest_route=%2Fwp%2Fv2%2Fmedia&parent=587246"}],"wp:term":[{"taxonomy":"category","embeddable":true,"href":"https:\/\/www.diarioimagen.net\/index.php?rest_route=%2Fwp%2Fv2%2Fcategories&post=587246"},{"taxonomy":"post_tag","embeddable":true,"href":"https:\/\/www.diarioimagen.net\/index.php?rest_route=%2Fwp%2Fv2%2Ftags&post=587246"}],"curies":[{"name":"wp","href":"https:\/\/api.w.org\/{rel}","templated":true}]}}