{"id":587375,"date":"2023-06-19T00:01:27","date_gmt":"2023-06-19T06:01:27","guid":{"rendered":"https:\/\/www.diarioimagen.net\/?p=587375"},"modified":"2023-06-19T02:35:27","modified_gmt":"2023-06-19T08:35:27","slug":"el-festival-del-globo-en-hermosillo-sera-el-21-y-22-de-octubre-con-30-globos-aerostaticos","status":"publish","type":"post","link":"https:\/\/www.diarioimagen.net\/?p=587375","title":{"rendered":"El Festival del Globo en Hermosillo ser\u00e1 el 21 y 22 de octubre con 30 globos aerost\u00e1ticos"},"content":{"rendered":"<h2>De cinco estrellas<\/h2>\n<h5>Victoria Gonz\u00e1lez Prado<\/h5>\n<p>&nbsp;<\/p>\n<ul>\n<li><strong><em>El Aeropuerto DFW y American Airlines firman contrato de uso y arrendamiento por 10 a\u00f1os<\/em><\/strong><\/li>\n<\/ul>\n<p>&nbsp;<\/p>\n<div id=\"attachment_587464\" style=\"width: 470px\" class=\"wp-caption aligncenter\"><a href=\"https:\/\/www.diarioimagen.net\/?attachment_id=587464\" rel=\"attachment wp-att-587464\"><img loading=\"lazy\" decoding=\"async\" aria-describedby=\"caption-attachment-587464\" class=\"size-full wp-image-587464\" src=\"https:\/\/www.diarioimagen.net\/wp-content\/uploads\/2023\/06\/turismo-estrellas-1.jpg\" alt=\"\" width=\"460\" height=\"270\" \/><\/a><p id=\"caption-attachment-587464\" class=\"wp-caption-text\">Francisco Xavier Garc\u00eda, Fernanda Cisneros, Antonio Astiazar\u00e1n, Claudia Ram\u00edrez y Brenda C\u00f3rdova.<\/p><\/div>\n<p>&nbsp;<\/p>\n<p><strong>Fernanda Cisneros<\/strong>, directora de Desarrollo Tur\u00edstico de Hermosillo; <strong>Antonio Astiazar\u00e1n Guti\u00e9rrez<\/strong>, presidente municipal de Hermosillo; <strong>Brenda Lizeth C\u00f3rdova Buzani<\/strong>, subsecretaria de Promoci\u00f3n y Fomento Tur\u00edstico de la Secretar\u00eda de Turismo de Sonora; <strong>Francisco Xavier Garc\u00eda Karam<\/strong>, director de la Oficina de Convenciones y Visitantes y <strong>Claudia Ram\u00edrez del Palacio<\/strong>, directora de Desarrollo Comercial de la C\u00e1mara Nacional de la Industria de Restaurantes y Alimentos Condimentados (Canirac), presentaron en conferencia de prensa, el segundo Festival del Globo en Hermosillo.<\/p>\n<p>As\u00ed, los pr\u00f3ximos 21 y 22 de octubre,\u00a0la capital sonorense celebrar\u00e1 la segunda versi\u00f3n del festival que contar\u00e1 con 30 globos aerost\u00e1ticos una variedad de actividades familiares y un corredor gastron\u00f3mico que promocionar\u00e1 la cocina de la regi\u00f3n, adem\u00e1s de conciertos con diversos artistas y grupos.<\/p>\n<p>As\u00ed lo anunci\u00f3 <strong>Antonio Astiazar\u00e1n<\/strong>, presidente municipal de Hermosillo quien record\u00f3 que el Festival busca convertirse en tradici\u00f3n en la capital de Sonora, gracias al \u00e9xito del primero que reuni\u00f3 a m\u00e1s de 25 mil personas y dej\u00f3 una derrama econ\u00f3mica de 7.8 millones de pesos.<\/p>\n<p>\u201cEn esta ocasi\u00f3n tendremos el triple de globos comparado con el a\u00f1o pasado, el espect\u00e1culo gratuito del grupo <strong>Matute <\/strong>y numerosos eventos familiares\u201d.<\/p>\n<p>Al mismo tiempo asegur\u00f3, \u201cnos gusta pensar en grande y buscamos mejorar el festival lo que nos permitir\u00e1 m\u00e1s opciones para que la gente viaje y conozca los amaneceres y atardeceres en Hermosillo que son realmente espectaculares y que disfruten de todos los eventos que son gratuitos.<\/p>\n<p>El municipio tendr\u00e1 dos globos en exhibici\u00f3n en la\u00a0Plaza <strong>Alonso Vidal\u00a0<\/strong>el 20 de octubre, para promover este espect\u00e1culo que espera dejar una derrama econ\u00f3mica de 12 millones de pesos y una asistencia de por lo menos 30 mil personas por d\u00eda.<\/p>\n<p>El 21 de octubre se pondr\u00e1n en operaci\u00f3n 25 unidades de vuelo libre y cinco globos anclados, as\u00ed como \u00e1reas destinadas a actividades infantiles, espacios para mascotas, el pabell\u00f3n gastron\u00f3mico con 30 stands de comida de los que cinco son de la comunidad de San Pedro el Saucito.<\/p>\n<p>El presidente municipal destac\u00f3 la importancia de este festival para la ciudad y resalt\u00f3 los esfuerzos realizados en materia de seguridad p\u00fablica. \u201cHermosillo ocupa actualmente el primer lugar en seguridad p\u00fablica del estado de Sonora, al ser la quinta ciudad con mayor reducci\u00f3n de la percepci\u00f3n de inseguridad e incidencia delictiva\u201d, se\u00f1al\u00f3.<\/p>\n<p>En cuanto a la seguridad para quienes decidan volar en los globos, el alcalde asegur\u00f3, \u201cse han establecido medidas a trav\u00e9s de Protecci\u00f3n Civil para garantizar a los visitantes que los vuelos en globo cuenten con las licencias de funcionamiento y pilotos debidamente certificados\u201d.<\/p>\n<p>Por su parte <strong>Fernanda Cisneros<\/strong>, directora de Desarrollo Tur\u00edstico de Hermosillo, dio a conocer detalles del evento, mientras que <strong>Garc\u00eda Karam<\/strong>, destac\u00f3 que se espera una ocupaci\u00f3n hotelera del 65 al 75 por ciento durante el festival y se ofrecer\u00e1n paquetes tur\u00edsticos para que los visitantes puedan disfrutar de la oferta tur\u00edstica de Hermosillo y la playa en Bah\u00eda de Kino.<\/p>\n<p><strong>Brenda Lizeth<\/strong>, en representaci\u00f3n del titular de turismo de Sonora, <strong>Roberto Gradllas Pineda<\/strong>, dijo que el festival es \u201cuna oportunidad para promover el turismo en Sonora, sus bellezas naturales, gastronom\u00eda y un \u00e9xito del ayuntamiento al apostar por eventos de unidad y compromiso\u201d. Al hacer uso de la palabra, <strong>Claudia Ram\u00edrez<\/strong>, celebr\u00f3 la organizaci\u00f3n del evento al resaltar que se impulsa la gastronom\u00eda de la entidad y afirm\u00f3, \u201ceste tipo de iniciativas, en las que las autoridades del sector p\u00fablico, los emprendedores y las c\u00e1maras se unen, son fundamentales para el desarrollo econ\u00f3mico y social\u201d.<\/p>\n<p>El Segundo Festival del Globo Hermosillo 2023 promete ser un evento destacado en la ciudad, fomentando el turismo y la econom\u00eda local. Al\u00a0\u00a0 igual que el a\u00f1o pasado, la venta de boletos \u2014que ya inici\u00f3\u2014 para volar en globo o subirte a un globo anclado se realizar\u00e1 en l\u00ednea a trav\u00e9s de <em>Xticket<\/em>.<\/p>\n<p>Los precios al p\u00fablico por persona son mil 925 pesos vuelo libre y 570 pesos los anclados. Cabe destacar que para las personas que tengan alguna discapacidad el DIF Hermosillo otorgar\u00e1 vuelos gratuitos.<\/p>\n<p>Hermosillo cuenta con excelente conectividad desde la Ciudad de M\u00e9xico, hay cinco vuelos diarios sin contar con los que se realizan desde Baja California, Sinaloa, Chihuahua que diftrutan tambi\u00e9n de las playas, negocios, tuismo aeroespacial y visitantes procedentes de Arizona, Nogales y Tucson que cruzan la frontera con regularidad. San Pedro El Saucito es una comunidad rural que se ubica a 10 minutos sobre el boulevard <strong>Enrique Mas\u00f3n L\u00f3pez<\/strong>.<\/p>\n<p>\u2730\u2730\u2730\u2730\u2730 El Aeropuerto Internacional Dallas Fort Worth y <em>American Airlines<\/em> firmaron un nuevo Acuerdo de Uso y Arrendamiento por 10 a\u00f1os, que incluye 4.8 mil millones de d\u00f3lares en inversiones de capital preaprobadas, incluida la construcci\u00f3n de la Terminal F, la renovaci\u00f3n de la Terminal C y otros importantes proyectos de modernizaci\u00f3n.<\/p>\n<p><strong>Mattie Parker<\/strong>, alcalde de Dallas; <strong>Eric L. Johnson<\/strong>, alcalde de Fort Worth; <strong>Sean Donohue<\/strong>, director ejecutivo de DFW, y <strong>Robert Isom<\/strong>, director ejecutivo de <em>American Airlines<\/em>, se reunieron para la firma del Acuerdo de Uso y Arrendamiento, que marca una nueva era de crecimiento e innovaci\u00f3n para el segundo aeropuerto m\u00e1s transitado del mundo.<\/p>\n<p>El Contrato de Uso y Arrendamiento es el principal documento rector entre las aerol\u00edneas y el Aeropuerto y establece el modelo de negocios del Aeropuerto; el acuerdo describe los principales proyectos de capital de Dallas Fort Worth (DFW) durante los pr\u00f3ximos 10 a\u00f1os e incluyen: estimado de 2.72 mil millones de d\u00f3lares para la expansi\u00f3n del \u00c1rea de la Terminal Central, incluida la remodelaci\u00f3n de la Terminal C, expansiones de \u201cmuelle\u201d fuera de la Terminal A y la Terminal C, y mejoras significativas a las pistas y el acceso a la terminal.<\/p>\n<p>Un estimado de 1.63 mil millones para la construcci\u00f3n de nueva Terminal F, con una explanada de 15 <em>\u201cgates\u201d.<\/em> La Terminal F proporcionar\u00e1 instalaciones y servicios de \u00faltima generaci\u00f3n, incluido el manejo de equipaje modernizado, concesiones ampliadas y puertas de pasajeros adicionales para adaptarse a la creciente demanda de viajes a\u00e9reos.<\/p>\n<p>Las expansiones de la terminal ofrecer\u00e1n 24 puertas adicionales para preparar a <em>American Airlines<\/em> y otras aerol\u00edneas para el crecimiento a largo plazo en DFW. Al finalizar la construcci\u00f3n, <em>American <\/em>agregar\u00e1 nuevas puertas que se construir\u00e1n en los proyectos de muelles de la Terminal A y la Terminal C a su cartera operativa.<\/p>\n<p>Los proyectos tambi\u00e9n permitir\u00e1n que la aerol\u00ednea ampl\u00ede sus operaciones en las terminales existentes para maximizar su capacidad operativa y mejorar la experiencia para conectar a los clientes. El nuevo acuerdo brinda a <em>American<\/em> y DFW la oportunidad de trabajar juntos en proyectos adicionales de capital durante el plazo del contrato de arrendamiento.<\/p>\n<p>El nuevo Acuerdo de Uso y Arrendamiento reemplaza el acuerdo de 2010, que expir\u00f3 en 2020 y se extendi\u00f3 durante la pandemia, y mantiene muchos de los mismos arreglos comerciales que la versi\u00f3n anterior, lo que brinda certeza y previsibilidad de costos para respaldar el crecimiento continuo de las aerol\u00edneas y DFW.<\/p>\n<p>&nbsp;<\/p>\n<blockquote>\n<p style=\"text-align: right;\">\u201c<strong>El<\/strong> <strong>\u00e1ngel de la fama tiene sus alas hechas de papel&#8230; peri\u00f3dico\u201d.<br \/>\n<\/strong><\/p>\n<\/blockquote>\n<p>&nbsp;<\/p>\n<p><em><span class=\"Apple-converted-space\"><a href=\"mailto:victoriagprado@gmail.com\" target=\"_blank\" rel=\"noopener noreferrer\">victoriagprado@gmail.com<\/a><br \/>\nTwitter: <a href=\"https:\/\/twitter.com\/victoriagprado\" target=\"_blank\" rel=\"noopener noreferrer\">@victoriagprado<\/a><\/span><\/em><\/p>\n","protected":false},"excerpt":{"rendered":"<p>Fernanda Cisneros, directora de Desarrollo Tur\u00edstico de Hermosillo; Antonio Astiazar\u00e1n Guti\u00e9rrez, presidente municipal de Hermosillo; Brenda Lizeth C\u00f3rdova Buzani, subsecretaria de Promoci\u00f3n y Fomento Tur\u00edstico de la Secretar\u00eda de Turismo de Sonora; Francisco Xavier Garc\u00eda Karam, director de la Oficina de Convenciones y Visitantes y Claudia Ram\u00edrez del Palacio, directora de Desarrollo Comercial de la C\u00e1mara Nacional de la Industria de Restaurantes y Alimentos Condimentados (Canirac), presentaron en conferencia de prensa, el segundo Festival del Globo en Hermosillo.<\/p>\n","protected":false},"author":3,"featured_media":587464,"comment_status":"open","ping_status":"open","sticky":false,"template":"","format":"standard","meta":{"_monsterinsights_skip_tracking":false,"_monsterinsights_sitenote_active":false,"_monsterinsights_sitenote_note":"","_monsterinsights_sitenote_category":0,"footnotes":""},"categories":[11],"tags":[107,43674,43681,106],"class_list":["post-587375","post","type-post","status-publish","format-standard","has-post-thumbnail","hentry","category-turismo","tag-de-cinco-estrellas","tag-opinion","tag-turismo","tag-victoria-gonzalez-prado"],"_links":{"self":[{"href":"https:\/\/www.diarioimagen.net\/index.php?rest_route=\/wp\/v2\/posts\/587375","targetHints":{"allow":["GET"]}}],"collection":[{"href":"https:\/\/www.diarioimagen.net\/index.php?rest_route=\/wp\/v2\/posts"}],"about":[{"href":"https:\/\/www.diarioimagen.net\/index.php?rest_route=\/wp\/v2\/types\/post"}],"author":[{"embeddable":true,"href":"https:\/\/www.diarioimagen.net\/index.php?rest_route=\/wp\/v2\/users\/3"}],"replies":[{"embeddable":true,"href":"https:\/\/www.diarioimagen.net\/index.php?rest_route=%2Fwp%2Fv2%2Fcomments&post=587375"}],"version-history":[{"count":0,"href":"https:\/\/www.diarioimagen.net\/index.php?rest_route=\/wp\/v2\/posts\/587375\/revisions"}],"wp:featuredmedia":[{"embeddable":true,"href":"https:\/\/www.diarioimagen.net\/index.php?rest_route=\/wp\/v2\/media\/587464"}],"wp:attachment":[{"href":"https:\/\/www.diarioimagen.net\/index.php?rest_route=%2Fwp%2Fv2%2Fmedia&parent=587375"}],"wp:term":[{"taxonomy":"category","embeddable":true,"href":"https:\/\/www.diarioimagen.net\/index.php?rest_route=%2Fwp%2Fv2%2Fcategories&post=587375"},{"taxonomy":"post_tag","embeddable":true,"href":"https:\/\/www.diarioimagen.net\/index.php?rest_route=%2Fwp%2Fv2%2Ftags&post=587375"}],"curies":[{"name":"wp","href":"https:\/\/api.w.org\/{rel}","templated":true}]}}