{"id":587382,"date":"2023-06-19T00:01:54","date_gmt":"2023-06-19T06:01:54","guid":{"rendered":"https:\/\/www.diarioimagen.net\/?p=587382"},"modified":"2023-06-19T01:26:22","modified_gmt":"2023-06-19T07:26:22","slug":"atencion-contra-covid-19-ya-no-es-prioritaria-en-mexico-determinan-autoridades-sanitarias","status":"publish","type":"post","link":"https:\/\/www.diarioimagen.net\/?p=587382","title":{"rendered":"Atenci\u00f3n contra Covid-19 ya no es \u201cprioritaria\u201d en M\u00e9xico, determinan autoridades sanitarias"},"content":{"rendered":"<p>&nbsp;<\/p>\n<ul>\n<li><em><strong>Que la inmunidad es mayor de 90%<\/strong><\/em><\/li>\n<\/ul>\n<p>&nbsp;<\/p>\n<div id=\"attachment_587468\" style=\"width: 470px\" class=\"wp-caption aligncenter\"><a href=\"https:\/\/www.diarioimagen.net\/?attachment_id=587468\" rel=\"attachment wp-att-587468\"><img loading=\"lazy\" decoding=\"async\" aria-describedby=\"caption-attachment-587468\" class=\"size-full wp-image-587468\" src=\"https:\/\/www.diarioimagen.net\/wp-content\/uploads\/2023\/06\/COVID.jpg\" alt=\"\" width=\"460\" height=\"270\" \/><\/a><p id=\"caption-attachment-587468\" class=\"wp-caption-text\">Autoridades de salud ya no consideran como prioritaria la atenci\u00f3n contra la Covid-19, por lo que las dosis contra el SARS-CoV-2, pasan al Programa de Vacunaci\u00f3n Universal.<\/p><\/div>\n<p>&nbsp;<\/p>\n<p>El Consejo de Salubridad General del gobierno federal (CSG) determin\u00f3 que la enfermedad por el virus SARS-CoV-2, Covid-19 en M\u00e9xico deja de considerarse de atenci\u00f3n prioritaria, por lo que se iniciaron las acciones para incluir la vacuna contra el nuevo coronavirus en el Programa de Vacunaci\u00f3n Universal y se perfila que el biol\u00f3gico se aplicar\u00e1 cada seis meses o anualmente en ni\u00f1os y adultos con alto riesgo.<\/p>\n<p>En M\u00e9xico, la inmunidad de la poblaci\u00f3n contra la Covid es de m\u00e1s de 90 por ciento, sea por las vacunas recibidas, haber tenido la infecci\u00f3n o la combinaci\u00f3n de ambos factores y con base en la recomendaci\u00f3n de la Organizaci\u00f3n Mundial de la Salud, se seguir\u00e1n usando los inmun\u00f3genos formulados con la variante original del virus.<\/p>\n<p>De esta manera, en el Plan de Gesti\u00f3n a Largo Plazo para el control de Covid-19, la Ssa ratific\u00f3 que no se requieren nuevas vacunas, en espec\u00edfico las bivalentes.<\/p>\n<p>El CSG public\u00f3 un acuerdo en el Diario Oficial de la Federaci\u00f3n, donde dio por finalizada la sesi\u00f3n permanente que mantuvo durante la emergencia sanitaria y estableci\u00f3 medidas relacionadas con el plan, entre otras que aunque covid-19 ya no es de atenci\u00f3n prioritaria, las instituciones p\u00fablicas de salud mantienen la responsabilidad de realizar las acciones necesarias para prevenir, controlar y mitigar el padecimiento causado por el coronavirus.<\/p>\n<p>La disposici\u00f3n implica que tambi\u00e9n termina la posibilidad de que laboratorios obtengan licencias de utilidad p\u00fablica para la producci\u00f3n de medicamentos protegidos por una patente.<\/p>\n<p>El acuerdo exhort\u00f3 a la Secretar\u00eda de Salud (Ssa) a emitir el plan de gesti\u00f3n, lo que ya ocurri\u00f3. El documento contiene una serie de disposiciones sobre los distintos aspectos de la enfermedad.<\/p>\n<p>Sobre la vacunaci\u00f3n, se\u00f1al\u00f3 que todav\u00eda es limitada la evidencia sobre la p\u00e9rdida de inmunidad \u2013en el tiempo\u2013 de los esquemas primarios y la necesidad de refuerzos peri\u00f3dicos. No obstante, bajo un \u201cprincipio precautorio\u201d se considera aplicar los biol\u00f3gicos a grupos de alto riesgo: cada a\u00f1o adultos mayores y j\u00f3venes con obesidad grave.<\/p>\n<p>La Ssa ubic\u00f3 en otro subgrupo a adultos \u201cm\u00e1s ancianos\u201d y aquellos con varias comorbilidades importantes para que reciban el biol\u00f3gico cada seis meses.<\/p>\n<p>Enseguida est\u00e1n los adultos, adolescentes, y ni\u00f1os de seis meses y m\u00e1s con enfermedades que disminuyen su sistema de defensas, quienes se vacunar\u00e1n cada seis meses, aunque la dependencia puntualiza que \u201cel intervalo \u00f3ptimo debe analizarse por el m\u00e9dico tratante\u201d.<\/p>\n<p>Para las embarazadas se plantea que la vacuna se administre una vez si pasaron m\u00e1s de seis meses de la dosis previa. Los trabajadores de salud que atienden enfermos de covid se vacunar\u00e1n cada a\u00f1o.<\/p>\n<p>El plan se\u00f1ala que la adquisici\u00f3n de los biol\u00f3gicos se continuar\u00e1 realizando a escala federal, y en estos d\u00edas se realizar\u00e1 la estimaci\u00f3n de compras para 2024.<\/p>\n<p>En un apartado sobre la Covid-19 prolongadA, el documento indica que el conjunto de s\u00edntomas que pueden durar a\u00f1os y afectar la capacidad funcional de las personas, requiere de un tratamiento integral que incluya medidas de rehabilitaci\u00f3n, ejercicios f\u00edsicos y respiratorios; as\u00ed como un enfoque general en la nutrici\u00f3n, el sue\u00f1o y la reducci\u00f3n del estr\u00e9s.<\/p>\n<p>Plantea que un grupo de expertos analizar\u00e1n la posibilidad de establecer una estrategia espec\u00edfica sobre este asunto y considerar aspectos como atenci\u00f3n cl\u00ednica, vigilancia epidemiol\u00f3gica, herramientas de evaluaci\u00f3n cl\u00ednica y seguimiento a largo plazo.<\/p>\n","protected":false},"excerpt":{"rendered":"<p>El Consejo de Salubridad General del gobierno federal (CSG) determin\u00f3 que la enfermedad por el virus SARS-CoV-2, Covid-19 en M\u00e9xico deja de considerarse de atenci\u00f3n prioritaria, por lo que se iniciaron las acciones para incluir la vacuna contra el nuevo coronavirus en el Programa de Vacunaci\u00f3n Universal y se perfila que el biol\u00f3gico se aplicar\u00e1 cada seis meses o anualmente en ni\u00f1os y adultos con alto riesgo.<\/p>\n","protected":false},"author":3,"featured_media":587468,"comment_status":"open","ping_status":"open","sticky":false,"template":"","format":"standard","meta":{"_monsterinsights_skip_tracking":false,"_monsterinsights_sitenote_active":false,"_monsterinsights_sitenote_note":"","_monsterinsights_sitenote_category":0,"footnotes":""},"categories":[877],"tags":[52988,90021,98091,98090,29516,43692],"class_list":["post-587382","post","type-post","status-publish","format-standard","has-post-thumbnail","hentry","category-salud","tag-autoridades","tag-covid-19","tag-csg","tag-determinan","tag-pandemia","tag-salud"],"_links":{"self":[{"href":"https:\/\/www.diarioimagen.net\/index.php?rest_route=\/wp\/v2\/posts\/587382","targetHints":{"allow":["GET"]}}],"collection":[{"href":"https:\/\/www.diarioimagen.net\/index.php?rest_route=\/wp\/v2\/posts"}],"about":[{"href":"https:\/\/www.diarioimagen.net\/index.php?rest_route=\/wp\/v2\/types\/post"}],"author":[{"embeddable":true,"href":"https:\/\/www.diarioimagen.net\/index.php?rest_route=\/wp\/v2\/users\/3"}],"replies":[{"embeddable":true,"href":"https:\/\/www.diarioimagen.net\/index.php?rest_route=%2Fwp%2Fv2%2Fcomments&post=587382"}],"version-history":[{"count":0,"href":"https:\/\/www.diarioimagen.net\/index.php?rest_route=\/wp\/v2\/posts\/587382\/revisions"}],"wp:featuredmedia":[{"embeddable":true,"href":"https:\/\/www.diarioimagen.net\/index.php?rest_route=\/wp\/v2\/media\/587468"}],"wp:attachment":[{"href":"https:\/\/www.diarioimagen.net\/index.php?rest_route=%2Fwp%2Fv2%2Fmedia&parent=587382"}],"wp:term":[{"taxonomy":"category","embeddable":true,"href":"https:\/\/www.diarioimagen.net\/index.php?rest_route=%2Fwp%2Fv2%2Fcategories&post=587382"},{"taxonomy":"post_tag","embeddable":true,"href":"https:\/\/www.diarioimagen.net\/index.php?rest_route=%2Fwp%2Fv2%2Ftags&post=587382"}],"curies":[{"name":"wp","href":"https:\/\/api.w.org\/{rel}","templated":true}]}}