{"id":587384,"date":"2023-06-19T00:04:36","date_gmt":"2023-06-19T06:04:36","guid":{"rendered":"https:\/\/www.diarioimagen.net\/?p=587384"},"modified":"2023-06-20T00:17:53","modified_gmt":"2023-06-20T06:17:53","slug":"obtuvo-uaemex-19-preseas-en-universiada-nacional-2023","status":"publish","type":"post","link":"https:\/\/www.diarioimagen.net\/?p=587384","title":{"rendered":"Obtuvo UAEM\u00e9x 19 preseas en Universiada Nacional 2023"},"content":{"rendered":"<p><em>\u00a0<\/em><\/p>\n<ul>\n<li><strong><em>Los deportistas verde y oro consiguieron 3 medallas de oro, 5 de plata y 11 de bronce, en las disciplinas de atletismo, box, tiro con arco y lucha universitaria<\/em><\/strong><\/li>\n<\/ul>\n<p><strong>\u00a0<\/strong><\/p>\n<p><a href=\"https:\/\/www.diarioimagen.net\/?attachment_id=587449\" rel=\"attachment wp-att-587449\"><img loading=\"lazy\" decoding=\"async\" class=\"aligncenter size-full wp-image-587449\" src=\"https:\/\/www.diarioimagen.net\/wp-content\/uploads\/2023\/06\/uaem-preseas.jpg\" alt=\"\" width=\"460\" height=\"270\" \/><\/a><\/p>\n<p>&nbsp;<\/p>\n<p><strong>Hermosillo, Sonora.\u2013<\/strong> Cerr\u00f3 el tel\u00f3n de la Universiada Nacional 2023, que se llev\u00f3 a cabo en el Estado de Sonora, donde la Universidad Aut\u00f3noma del Estado de M\u00e9xico (UAEM\u00e9x), conquist\u00f3 19 preseas: 3 de oro, 5 de plata y 11 de bronce en las disciplinas de atletismo, box, tiro con arco y lucha universitaria.<\/p>\n<p>Los 114 deportistas que conformaron el contingente de la UAEM\u00e9x en esta justa deportiva portaron con orgullo los colores verde y oro en 16 disciplinas deportivas y por espacio de quince d\u00edas, buscaron estar en el p\u00f3dium de ganadores.<\/p>\n<p>En el cierre de la competencia, en la disciplina de atletismo, se obtuvieron varias preseas, entre ellas, Mar\u00eda Fernanda Medina Aramburo obtuvo dos preseas de oro. La estudiante de la Licenciatura de Fisioterapia de la Facultad de Medicina conquist\u00f3 los metales en las pruebas de 1500 metros planos y 5 mil metros planos.<\/p>\n<p>En tanto, en medio marat\u00f3n, Carmen Iveth \u00c1lvarez Garc\u00eda, estudiante de Ingenier\u00eda en Computaci\u00f3n de la Facultad de Ingenier\u00eda obtuvo la medalla de oro. En esta misma prueba, Janeth Aldama Suarez, estudiante de la Licenciatura en Derecho del Centro Universitario Temascaltepec, conquist\u00f3 la presea de plata.<\/p>\n<p>Asimismo, Carmen Iveth \u00c1lvarez Garc\u00eda, estudiante de Ingenier\u00eda en Computaci\u00f3n de la Facultad de Ingenier\u00eda, consigui\u00f3 la presea de plata en la prueba de los 10 mil metros planos.<\/p>\n<p>En caminata 20 kil\u00f3metros, Isaac Porcayo Villareal, estudiante de Administraci\u00f3n de la Facultad de Contadur\u00eda y Administraci\u00f3n, obtuvo la medalla de plata y Juan Pedro Delgadillo Galicia, de la Licenciatura en Administraci\u00f3n del Centro Universitario Amecameca, consigui\u00f3 el bronce dentro de los 5000 metros planos.<\/p>\n<p>Jos\u00e9 Jes\u00fas Guti\u00e9rrez Garc\u00eda, de la Licenciatura de Cultura F\u00edsica y Deporte de la Facultad de Ciencias de la Conducta, gan\u00f3 bronce en medio marat\u00f3n y dentro de la disciplina de box, obtuvo medalla de bronce en los 69 kilogramos David Mart\u00ednez D\u00edaz, de la Licenciatura en Derecho del Centro Universitario Valle de Teotihuacan.<\/p>\n<p>Brayan Maximiliano Medina Su\u00e1rez, Ingeniero Agr\u00f3nomo Fitotecnista de la Facultad de Ciencias Agr\u00edcolas, obtuvo presea de bronce en los 48-52 kilogramos.<\/p>\n<p>Isabel Jim\u00e9nez Ram\u00edrez, estudiante de Derecho de la Unidad Acad\u00e9mica Profesional Chimalhuac\u00e1n, consigui\u00f3 medalla de bronce en los 54-57 kilogramos; Carmita de los \u00c1ngeles Herrera L\u00f3pez, de la Facultad de Derecho, conquist\u00f3 la presea de bronce en la categor\u00eda de los 64-69 kilogramos, y la estudiante de la Facultad de Derecho, Mar\u00eda de la Luz S\u00e1nchez Reyes, gan\u00f3 la presea de plata en los 69-75 kilogramos.<\/p>\n<p>Para competir en esta justa universitaria, los deportistas contaron con el respaldo y apoyo de las autoridades de la UAEM\u00e9x y un equipo multidisciplinario que estuvo atento a sus necesidades.<\/p>\n","protected":false},"excerpt":{"rendered":"<p>Cerr\u00f3 el tel\u00f3n de la Universiada Nacional 2023, que se llev\u00f3 a cabo en el Estado de Sonora, donde la Universidad Aut\u00f3noma del Estado de M\u00e9xico (UAEM\u00e9x), conquist\u00f3 19 preseas: 3 de oro, 5 de plata y 11 de bronce en las disciplinas de atletismo, box, tiro con arco y lucha universitaria.<\/p>\n","protected":false},"author":3,"featured_media":587449,"comment_status":"open","ping_status":"open","sticky":false,"template":"","format":"standard","meta":{"_monsterinsights_skip_tracking":false,"_monsterinsights_sitenote_active":false,"_monsterinsights_sitenote_note":"","_monsterinsights_sitenote_category":0,"footnotes":""},"categories":[5],"tags":[19561,67878,72989],"class_list":["post-587384","post","type-post","status-publish","format-standard","has-post-thumbnail","hentry","category-estado-de-mexico","tag-medallas","tag-uaemex","tag-universiada-nacional"],"_links":{"self":[{"href":"https:\/\/www.diarioimagen.net\/index.php?rest_route=\/wp\/v2\/posts\/587384","targetHints":{"allow":["GET"]}}],"collection":[{"href":"https:\/\/www.diarioimagen.net\/index.php?rest_route=\/wp\/v2\/posts"}],"about":[{"href":"https:\/\/www.diarioimagen.net\/index.php?rest_route=\/wp\/v2\/types\/post"}],"author":[{"embeddable":true,"href":"https:\/\/www.diarioimagen.net\/index.php?rest_route=\/wp\/v2\/users\/3"}],"replies":[{"embeddable":true,"href":"https:\/\/www.diarioimagen.net\/index.php?rest_route=%2Fwp%2Fv2%2Fcomments&post=587384"}],"version-history":[{"count":0,"href":"https:\/\/www.diarioimagen.net\/index.php?rest_route=\/wp\/v2\/posts\/587384\/revisions"}],"wp:featuredmedia":[{"embeddable":true,"href":"https:\/\/www.diarioimagen.net\/index.php?rest_route=\/wp\/v2\/media\/587449"}],"wp:attachment":[{"href":"https:\/\/www.diarioimagen.net\/index.php?rest_route=%2Fwp%2Fv2%2Fmedia&parent=587384"}],"wp:term":[{"taxonomy":"category","embeddable":true,"href":"https:\/\/www.diarioimagen.net\/index.php?rest_route=%2Fwp%2Fv2%2Fcategories&post=587384"},{"taxonomy":"post_tag","embeddable":true,"href":"https:\/\/www.diarioimagen.net\/index.php?rest_route=%2Fwp%2Fv2%2Ftags&post=587384"}],"curies":[{"name":"wp","href":"https:\/\/api.w.org\/{rel}","templated":true}]}}