{"id":587442,"date":"2023-06-19T00:02:40","date_gmt":"2023-06-19T06:02:40","guid":{"rendered":"https:\/\/www.diarioimagen.net\/?p=587442"},"modified":"2023-06-19T00:34:34","modified_gmt":"2023-06-19T06:34:34","slug":"en-morena-secuestran-a-yeidckol-polevnsky","status":"publish","type":"post","link":"https:\/\/www.diarioimagen.net\/?p=587442","title":{"rendered":"En Morena, secuestran a Yeidckol Polevnsky"},"content":{"rendered":"<h2>La Retaguardia<\/h2>\n<h5>Adriana Moreno Cordero<\/h5>\n<p>&nbsp;<\/p>\n<ul>\n<li><strong><em>Sucesi\u00f3n en Puebla, asunto de familia; Alejandro Armenta lleva la delantera<\/em><\/strong><\/li>\n<\/ul>\n<p>&nbsp;<\/p>\n<p>La jefa de Gobierno de la Ciudad de M\u00e9xico, <strong>Claudia Sheinbaum<\/strong>, recibi\u00f3 el bast\u00f3n de mando de parte de las mujeres de los pueblos originarios en Xochimilco y supuso que eso le ser\u00e1 suficiente para llegar a ser la primera mujer presidenta, pues en anteriores campa\u00f1as lo ha visto. Por ejemplo, a lo largo de los a\u00f1os que tuvo el presidente <strong>Andr\u00e9s Manuel L\u00f3pez Obrador<\/strong> como candidato y a\u00fan en gesti\u00f3n, todas las veces que los ind\u00edgenas lo han ungido como una especie de l\u00edder m\u00e1ximo.<\/p>\n<p>Desde el viernes pasado, llama la atenci\u00f3n una propaganda a favor de la se\u00f1ora Sheinbaum Pardo con la leyenda: \u201cAMLO a Claudia\u201d, en la que aparece la ex jefa de Gobierno de la Ciudad de M\u00e9xico, en una de las tantas veces en las que el inquilino de Palacio Nacional le ha alzado la mano. Pero no, eso no le resultar\u00e1 suficiente.<\/p>\n<p>Sin embargo, un d\u00eda antes, Morena hizo gala de la cerraz\u00f3n que \u00faltimamente lo ha venido caracterizando y de plano, secuestraron ni m\u00e1s ni menos que a <strong>Yeidckol Polevnsky<\/strong>, cuando intent\u00f3 irse a registrar como aspirante a \u201ccorcholata\u201d porque, seg\u00fan ella, as\u00ed habr\u00eda m\u00e1s equidad en esta contienda interna al tener dos mujeres. Luego declar\u00f3 que ella s\u00f3lo estaba aspirando a un cargo partidista y finalmente, se quej\u00f3 de la actitud que tuvieron para con ella sus propios correligionarios que le cerraron cualquier posibilidad de que accediera a dicho proceso.<\/p>\n<p>Por lo dem\u00e1s, \u201ccorcholatas\u201d y \u201ccorcholatos, empezaron con sus respectivos recorridos y de alguna manera, estos tomaron un matiz un tanto cuanto religioso, esto es, porque los aspirantes o por lo menos algunos, se encomendaron al santo de su devoci\u00f3n y la prueba m\u00e1s significativa fue la de Ricardo Monreal, que estuvo en la Bas\u00edlica de Guadalupe, a la de San Juan de los Lagos, en Jalisco y desde luego, al que es de casa, el Santo Ni\u00f1o de Atocha.<\/p>\n<p>El ex secretario de Gobernaci\u00f3n, <strong>Ad\u00e1n Augusto L\u00f3pez Hern\u00e1ndez<\/strong>, sigue pesando que contin\u00faa al frente de esa cartera y as\u00ed, \u201cagust\u00edsimo\u201d, env\u00eda a su equipo cercano a que lo registren como aspirante.<\/p>\n<p>Lo que no deja de llamar significativamente la atenci\u00f3n, por otra parte, es que en Morena, ya no saben ni como contener la guerra en que se ha traducido su contienda interna para elegir a su flamante coordinador de defensa de la Cuarta Transformaci\u00f3n. Ayer mismo, dieron a conocer lo que el oficialismo considera los lineamientos que deber\u00e1n de seguir \u201ccorcholatas\u201d y \u201ccorcholatos\u201d y que son muy parecidos al discurso lopezobradorista; es decir, aquello de \u201cno mentir, no robar y no traicionar al pueblo\u201d, algo que por cierto ha violado consuetudinariamente el propio inquilino de Palacio Nacional que con esto, ha demostrado que en esta errada y llamada Cuarta Transformaci\u00f3n, lo que priva es la corrupci\u00f3n.<\/p>\n<p>Lo que m\u00e1s llama la atenci\u00f3n, son los llamados de la c\u00fapula morenista para que los aspirantes respeten los resultados de las encuestas. Tan ciertos est\u00e1n de que al culminar este proceso el pr\u00f3ximo 6 de septiembre \u2014cuando ya haya \u201ccorcholata\u201d oficial\u2014, se van a desatar una serie de confrontaciones.<\/p>\n<p style=\"text-align: center;\"><strong>Municiones<\/strong><\/p>\n<p><strong>***<\/strong> Y quien se perfila sin mayor dificultad para convertirse en el coordinador de la Defensa de la Cuarta Transformaci\u00f3n en Puebla, es el presidente de la Mesa Directiva del Senado de la Rep\u00fablica, <strong>Alejandro Armenta<\/strong>. De acuerdo a las mediciones de la casa encuestadora Parametr\u00eda, cuenta con el 7 por ciento de ventaja ante su adversaria m\u00e1s cercana, <strong>Claudia Rivera<\/strong>, y 12 puntos de ventaja del tercer lugar, que ocupa el presidente de la Junta de Coordinaci\u00f3n Pol\u00edtica de la C\u00e1mara de Diputados, <strong>Ignacio Mier, <\/strong>que por cierto, como operador pol\u00edtico en San L\u00e1zaro, ha dejado mucho qu\u00e9 desear. Sumas y restas m\u00e1s o menos Armenta tiene el 28 por ciento de preferencia de la militancia morenista en aquella entidad. Y esto se debe al trabajo que el senador realiza continuamente, sobre todo aquellos enfocados al sistema de salud y energ\u00e9ticos. Otro dato arrojado por la medici\u00f3n de Parametr\u00eda, es que Armenta, \u201cen la evaluaci\u00f3n de atributos, misma que considera valores como honestidad, cercan\u00eda con la gente, cumplimiento de la palabra, conocimiento del estado, respeto a los derechos de las mujeres y buena aceptaci\u00f3n para defender la transformaci\u00f3n, Alejandro Armenta Mier suma los 10 puntos, muy por encima de los otros posibles contendientes\u201d.<\/p>\n<p><strong>*** <\/strong>En este mismo orden de ideas, mucho se comenta que el caso de Puebla, est\u00e1 convertido ya en un asunto de familia pues muchos saben que Alejandro Armenta e Ignacio Mier, son primos hermanos. Hace tiempo \u2014como se recordar\u00e1\u2014, el entonces gobernador de Puebla, Luis Miguel Barbosa (qepd), ten\u00eda vetad\u00edsimo al diputado Mier Velasco, pero con su partida, le qued\u00f3 el camino libre y ahora, la carrera es en contra de su pariente, aunque claro y como se anot\u00f3 en l\u00edneas anteriores, en medio est\u00e1 Claudia Rivera.<\/p>\n<p><strong>***<\/strong> En la semana que inicia, este es un tema que puede retornar a la escena pol\u00edtica, de la que no se ha ido del todo. Resulta que el grupo Parlamentario del PRI en el Senado de la Rep\u00fablica, solicit\u00f3 la comparecencia de la titular de la Comisi\u00f3n Nacional de Cultura F\u00edsica y Deporte (Conade), <strong>Ana Gabriela Guevara Espinoza,<\/strong> para que explique, (y habr\u00e1 que ver si puede hacerlo), los presuntos desv\u00edos de recursos en la dependencia y la falta de apoyos para los deportistas mexicanos, al tiempo que los senadores del tricolor, pidieron al presidente L\u00f3pez Obrador, la destituya para no obstaculizar las investigaciones de su gesti\u00f3n. Mediante un Punto de Acuerdo presentado ante la Comisi\u00f3n Permanente del Congreso de la Uni\u00f3n, los senadores pri\u00edstas demandan que en la comparecencia, Guevara Espinoza explique el presunto desv\u00edo de recursos y acusaciones de extorsi\u00f3n de los que ha sido se\u00f1alada por toda la comunidad deportiva del pa\u00eds. La falta de apoyos y becas que reclaman los deportistas mexicanos; la desviaci\u00f3n de recursos federales del fideicomiso del Fondo para el Deporte de Alto Rendimiento (Fodepar) que en su momento revel\u00f3 la Secretar\u00eda de la Funci\u00f3n P\u00fablica. Bastante en la \u201cropita sucia\u201d que viene cargando la ex medallista ol\u00edmpica pues tambi\u00e9n tendr\u00eda que explicar las irregularidades en el ejercicio del gasto p\u00fablico en la Conade que detect\u00f3 la Auditor\u00eda Superior de la Federaci\u00f3n en 2020, por 377 millones de pesos, y las diferencias que ha habido con las atletas de nataci\u00f3n art\u00edstica; la situaci\u00f3n en la que se encuentran los deportistas que integran la Federaci\u00f3n Mexicana de Nataci\u00f3n; cu\u00e1les ser\u00e1n las soluciones para impulsar este deporte.<\/p>\n<p><u><a href=\"mailto:morcora@gmail.com\" target=\"_blank\" rel=\"noopener noreferrer\"><em>morcora@gmail.com<\/em><\/a><\/u><\/p>\n","protected":false},"excerpt":{"rendered":"<p><span style=\"color: #005497;\"><strong>Adriana Moreno Cordero<\/strong><\/span><\/p>\n","protected":false},"author":3,"featured_media":0,"comment_status":"open","ping_status":"open","sticky":false,"template":"","format":"standard","meta":{"_monsterinsights_skip_tracking":false,"_monsterinsights_sitenote_active":false,"_monsterinsights_sitenote_note":"","_monsterinsights_sitenote_category":0,"footnotes":""},"categories":[69370],"tags":[69369,69368,43674],"class_list":["post-587442","post","type-post","status-publish","format-standard","hentry","category-adriana-moreno-cordero","tag-adriana-moreno-cordero","tag-la-retaguardia","tag-opinion"],"_links":{"self":[{"href":"https:\/\/www.diarioimagen.net\/index.php?rest_route=\/wp\/v2\/posts\/587442","targetHints":{"allow":["GET"]}}],"collection":[{"href":"https:\/\/www.diarioimagen.net\/index.php?rest_route=\/wp\/v2\/posts"}],"about":[{"href":"https:\/\/www.diarioimagen.net\/index.php?rest_route=\/wp\/v2\/types\/post"}],"author":[{"embeddable":true,"href":"https:\/\/www.diarioimagen.net\/index.php?rest_route=\/wp\/v2\/users\/3"}],"replies":[{"embeddable":true,"href":"https:\/\/www.diarioimagen.net\/index.php?rest_route=%2Fwp%2Fv2%2Fcomments&post=587442"}],"version-history":[{"count":0,"href":"https:\/\/www.diarioimagen.net\/index.php?rest_route=\/wp\/v2\/posts\/587442\/revisions"}],"wp:attachment":[{"href":"https:\/\/www.diarioimagen.net\/index.php?rest_route=%2Fwp%2Fv2%2Fmedia&parent=587442"}],"wp:term":[{"taxonomy":"category","embeddable":true,"href":"https:\/\/www.diarioimagen.net\/index.php?rest_route=%2Fwp%2Fv2%2Fcategories&post=587442"},{"taxonomy":"post_tag","embeddable":true,"href":"https:\/\/www.diarioimagen.net\/index.php?rest_route=%2Fwp%2Fv2%2Ftags&post=587442"}],"curies":[{"name":"wp","href":"https:\/\/api.w.org\/{rel}","templated":true}]}}