{"id":587586,"date":"2023-06-20T00:04:19","date_gmt":"2023-06-20T06:04:19","guid":{"rendered":"https:\/\/www.diarioimagen.net\/?p=587586"},"modified":"2023-06-20T01:01:00","modified_gmt":"2023-06-20T07:01:00","slug":"marcelo-y-la-persecucion-politica","status":"publish","type":"post","link":"https:\/\/www.diarioimagen.net\/?p=587586","title":{"rendered":"Marcelo y la persecuci\u00f3n pol\u00edtica"},"content":{"rendered":"<h2>Desde el portal<\/h2>\n<h5>\u00c1ngel Soriano<\/h5>\n<p>&nbsp;<\/p>\n<p>Luego de esta temporada de intenso calor, el presidente Andr\u00e9s Manuel L\u00f3pez Obrador advirti\u00f3 que vendr\u00eda otra en donde se dar\u00e1n muchas cosas al fragor de las campa\u00f1as por la coordinaci\u00f3n nacional de la defensa de la IV-T, y \u00e9stas se iniciaron este lunes luego que el ex canciller fue se\u00f1alado de recibir departamentos de lujo en Santa Fe para las familias de sus hermanos.<\/p>\n<p>El Presidente indic\u00f3 que debe conocerse el contexto en el que se hacen los se\u00f1alamientos y record\u00f3 que el tambi\u00e9n ex jefe de Gobierno del DF fue perseguido pol\u00edtico durante el sexenio del presidente Pe\u00f1a Nieto y tuvo que refugiarse en Par\u00eds en un exilio voluntario, por lo que si se hubiera querido hubieran documentado las denuncias y proceder contra \u00e9l.<\/p>\n<p>Desde luego que las nuevas campa\u00f1as con nuevos objetivos son oportunidad para simpatizantes y adversarios de los competidores en la justa por la candidatura presidencial para sacar a la luz p\u00fablica hechos que empa\u00f1e su imagen, para buscar justicia en asuntos no terminados o donde hubo abusos de poder, pero necesariamente deben estar documentados o no proceden.<\/p>\n<p>Recursos p\u00fablicos amplios y operadores pol\u00edticos experimentados, son lo que requieren los precandidatos presidenciales, y para ello se echar\u00e1 mano de lo disponible en los estados y municipios que es donde les interesa tener mayor presencia. En Oaxaca se ponen en pr\u00e1ctica todo este tipo de mecanismos, como en el pasado.<\/p>\n<p style=\"text-align: center;\"><strong>TURBULENCIAS<br \/>\nObras de teatro como promoci\u00f3n pol\u00edtica<\/strong><\/p>\n<p>\u00a0Del teatro tradicional que ha existido a lo largo de la historia de la humanidad, Jos\u00e9 Luis Monta\u00f1ez, talentoso periodista y escritor, llev\u00f3 a escena el an\u00e1lisis pol\u00edtico mezclado con la vida cotidiana de la ciudad y sus personajes clave de \u00e9pocas remotas y encontr\u00f3, por la participaci\u00f3n del p\u00fablico, mucha aceptaci\u00f3n en esto de la vida pol\u00edtica. Los periodistas participantes en la obra \u201cLa Casa de la Bandida, tres corcholatas, un colado, m\u00e1s los que se acumulen\u201d, con la participaci\u00f3n estelar de Pepe Ar\u00e9valo y <em>Lord Mol\u00e9cula<\/em>, el entrar en debate sobre los aspirantes de Morena a la Presidencia, encontraron mucha pasi\u00f3n pol\u00edtica y ahora experimentar\u00e1 para llevar la obra dentro y fuera del pa\u00eds, como un veh\u00edculo de comunicaci\u00f3n directa con los ciudadanos y sus preferencias electorales. En plena efervescencia electoral, sin duda que tendr\u00e1 \u00e9xito\u2026 En cuanto a la opini\u00f3n del cubano Francisco C\u00e9spedes sobre el presidente Andr\u00e9s Manuel L\u00f3pez Obrador, respecto a los deseos del cantante de que \u201cse muera\u201d, dijo que no hay que responder con violencia a la violencia, pues se da en un ambiente en que unos, los neoliberales, se encuentran muy a disgusto con la IV-T y el pueblo de M\u00e9xico muy a gusto con las pol\u00edticas p\u00fablicas puestas en marcha y que benefician a las mayor\u00edas, ya no a las minor\u00edas\u2026 Justo cuando estallan ancestrales problemas sociales en Oaxaca, que se encuentra bloqueado permanentemente calles de las ciudades y carreteras, se produce el cambio de Jos\u00e9 Antonio Rueda M\u00e1rquez por Flavio Sosa Villavicencio en la Jefatura de Gabinete. En realidad, Rueda nunca sali\u00f3 de su oficina ni conoce el estado, Sosa en cambio es un activista de a pie; y aunque tambi\u00e9n se busca fortalecer la candidatura presidencial de Morena, Rueda M\u00e1rquez siempre ha pensado que con la amistad que tiene de a\u00f1os con el gobernador Jara es suficiente\u2026 Fiel a las costumbres y tradiciones, el zacatecano Ricardo Monreal \u00c1vila visit\u00f3 a la Virgen de Guadalupe antes de iniciar este lunes su recorrido por el pa\u00eds; desde Hidalgo, siempre el estandarte guadalupano es un im\u00e1n para las masas; por eso surgi\u00f3 Morena y por eso los pol\u00edticos aderezan la pol\u00edtica con la religi\u00f3n.<\/p>\n<p><u><a href=\"mailto:asorianocarrasco@yahoo.com\" target=\"_blank\" rel=\"noopener noreferrer\"><em>asorianocarrasco@yahoo.com<\/em><\/a><br \/>\n<em><a href=\"https:\/\/revistabrecha.com\" target=\"_blank\" rel=\"noopener noreferrer\">www.revistabrecha.com<\/a><br \/>\n<\/em><\/u><em>facebook oficial <a href=\"https:\/\/es-la.facebook.com\/RevistaBrecha.Oficial\" target=\"_blank\" rel=\"noopener\">@BrechaRevista<\/a><\/em><\/p>\n","protected":false},"excerpt":{"rendered":"<p><span style=\"color: #005497;\"><strong>\u00c1ngel Soriano<\/strong><\/span><\/p>\n","protected":false},"author":3,"featured_media":0,"comment_status":"open","ping_status":"open","sticky":false,"template":"","format":"standard","meta":{"_monsterinsights_skip_tracking":false,"_monsterinsights_sitenote_active":false,"_monsterinsights_sitenote_note":"","_monsterinsights_sitenote_category":0,"footnotes":""},"categories":[135],"tags":[85,86,43674],"class_list":["post-587586","post","type-post","status-publish","format-standard","hentry","category-angel-soriano-opinion","tag-angel-soriano","tag-desde-el-portal","tag-opinion"],"_links":{"self":[{"href":"https:\/\/www.diarioimagen.net\/index.php?rest_route=\/wp\/v2\/posts\/587586","targetHints":{"allow":["GET"]}}],"collection":[{"href":"https:\/\/www.diarioimagen.net\/index.php?rest_route=\/wp\/v2\/posts"}],"about":[{"href":"https:\/\/www.diarioimagen.net\/index.php?rest_route=\/wp\/v2\/types\/post"}],"author":[{"embeddable":true,"href":"https:\/\/www.diarioimagen.net\/index.php?rest_route=\/wp\/v2\/users\/3"}],"replies":[{"embeddable":true,"href":"https:\/\/www.diarioimagen.net\/index.php?rest_route=%2Fwp%2Fv2%2Fcomments&post=587586"}],"version-history":[{"count":0,"href":"https:\/\/www.diarioimagen.net\/index.php?rest_route=\/wp\/v2\/posts\/587586\/revisions"}],"wp:attachment":[{"href":"https:\/\/www.diarioimagen.net\/index.php?rest_route=%2Fwp%2Fv2%2Fmedia&parent=587586"}],"wp:term":[{"taxonomy":"category","embeddable":true,"href":"https:\/\/www.diarioimagen.net\/index.php?rest_route=%2Fwp%2Fv2%2Fcategories&post=587586"},{"taxonomy":"post_tag","embeddable":true,"href":"https:\/\/www.diarioimagen.net\/index.php?rest_route=%2Fwp%2Fv2%2Ftags&post=587586"}],"curies":[{"name":"wp","href":"https:\/\/api.w.org\/{rel}","templated":true}]}}