{"id":587594,"date":"2023-06-20T00:17:23","date_gmt":"2023-06-20T06:17:23","guid":{"rendered":"https:\/\/www.diarioimagen.net\/?p=587594"},"modified":"2023-06-27T04:31:13","modified_gmt":"2023-06-27T10:31:13","slug":"la-encrucijada-del-ine-arbitro-o-discipulo","status":"publish","type":"post","link":"https:\/\/www.diarioimagen.net\/?p=587594","title":{"rendered":"La encrucijada del INE: \u00bf\u00e1rbitro o disc\u00edpulo?"},"content":{"rendered":"<h2>Caleidoscopio<\/h2>\n<h5>Guillermina G\u00f3mora Ord\u00f3\u00f1ez<\/h5>\n<p>&nbsp;<\/p>\n<p>En la hoja de ruta hacia 2024, los tiempos legales y los tiempos pol\u00edticos corren en contraflujo. A las campa\u00f1as electorales las disfrazan de \u201crecorridos\u201d y a los \u201ccandidatos\u201d los enmascaran de \u201ccoordinadores\u201d. La simulaci\u00f3n reina en el adelantado proceso de sucesi\u00f3n donde Morena viola la ley, mientras el \u00e1rbitro electoral, como el chinito: \u201cmilando\u201d.<\/p>\n<p>Una vez m\u00e1s, el presidente <strong>Andr\u00e9s Manuel L\u00f3pez Obrador<\/strong> marca los tiempos y las formas en su partido y ahora en el <strong>Instituto Nacional Electoral<\/strong> (<strong>INE<\/strong>), luego de la reuni\u00f3n que sostuvo con los Consejeros. Primero, dijo que no era para dictarles l\u00ednea \u201ccomo ocurr\u00eda en el pasado\u201d, sino para establecer una nueva etapa con la autoridad electoral. Sin embargo, el mensaje fue otro:<\/p>\n<p>\u201cNo se conviertan en empleados de oligarcas, como era antes el INE, al servicio de Claudio X. Gonz\u00e1lez y de toda esa minor\u00eda corrupta y rapaz. Act\u00faen con independencia\u201d, dijo AMLO.<\/p>\n<p>\u00bfExhorto o amago? \u00bfAcaso L\u00f3pez Obrador olvida que la alternancia pol\u00edtica en el pa\u00eds es producto de un INE aut\u00f3nomo? Un logro de la lucha de la izquierda y la derecha mexicana que derrot\u00f3 un modelo centralista y abri\u00f3 el sistema pol\u00edtico a los ciudadanos.<\/p>\n<p>Morena gobierna en 23 estados de 2018 a la fecha y todas las elecciones las organiz\u00f3 el INE, en donde todos los partidos est\u00e1n representados. No obstante,<strong> Guadalupe Taddei<\/strong>, presidenta consejera del INE, por segunda ocasi\u00f3n se ha mostrado titubeante y complaciente ante el gobierno morenista.<\/p>\n<p>Primero cuando el ex secretario de Gobernaci\u00f3n, <strong>Ad\u00e1n Augusto L\u00f3pez<\/strong>, los \u201cvisit\u00f3\u201d y les pidi\u00f3 \u201ccerrar la p\u00e1gina y no voltear atr\u00e1s\u201d y la m\u00e1s reciente en Palacio Nacional, donde todo indica que el acercamiento con el presidente L\u00f3pez Obrador no fue para inaugurar una nueva etapa sino recibir un pliego de instrucciones, bajo la advertencia de no hacer lo que sus antecesores.<\/p>\n<p>Por ello en el INE hay se\u00f1ales de alarma, en el \u00e1mbito pol\u00edtico y presupuestal para el a\u00f1o pr\u00f3ximo. Su proceder ante una campa\u00f1a electoral ilegal encabezada por el Presidente de la Rep\u00fablica y a la que s\u00f3lo le han aplicado \u201cmedidas cautelares\u201d, podr\u00eda tener repercusiones en un castigado presupuesto para 2024, donde adem\u00e1s de la Presidencia de la Rep\u00fablica se renovar\u00e1n ocho gubernaturas, la jefatura de Gobierno de la Ciudad de M\u00e9xico, la C\u00e1mara de Diputados y el Senado.<\/p>\n<p>Nada que sorprenda, el inquilino de Palacio Nacional ordena \u201clealtad a ciegas\u201d, sin importar las consecuencias. S\u00ed, quien anteponga la aplicaci\u00f3n de la ley en su gobierno peca de ingratitud y deslealtad. Como sus \u201camigos\u201d Ministros de la Suprema Corte de Justicia que votaron en contra del paso de la Guardia Nacional a la Sedena y los acus\u00f3 de traidores e ingratos.<\/p>\n<p>As\u00ed las cosas, arrancaron las campa\u00f1as presidenciales y Morena las disfraza, <strong>Claudia Sheinbaum, Marcelo Ebrard, Ricardo Monreal, Ad\u00e1n Augusto L\u00f3pez, Manuel Velasco y Gerardo Fern\u00e1ndez Noro\u00f1a<\/strong> se han prestado a esta simulaci\u00f3n para elegir a su \u201cCoordinador(a)\u201d Nacional de los Comit\u00e9s de Defensa de la Cuarta Transformaci\u00f3n, demostrando el poco respeto que tienen a la ley.<\/p>\n<p>Morena burla la ley electoral, promueve la falta de rendici\u00f3n de cuentas y de transparencia sobre el origen y destino de los recursos que usan las \u201ccorcholatas\u201d en sus campa\u00f1as pol\u00edticas.<\/p>\n<p>Volver al M\u00e9xico en el que el gobierno tenga en su mano el control de las elecciones a trav\u00e9s de personeros impuestos por \u00e9l y garantizar su permanencia es una apuesta muy riesgosa para la democracia representativa y la seguridad nacional. A nadie conviene un INE permisivo y menos aut\u00f3nomo, de elecciones libres y justas depende la paz p\u00fablica.<\/p>\n<p><strong>\u00bfQu\u00e9 rol jugar\u00e1 el INE bajo la presidencia de Guadalupe Taddei?<\/strong>\u00a0 \u00bf\u00c1rbitro electoral o disc\u00edpulo del mes\u00edas de la #4Transformaci\u00f3n?<\/p>\n<p style=\"text-align: center;\"><strong>VERICUENTOS<\/strong><\/p>\n<p style=\"text-align: center;\"><strong>\u00bfEduardo Ram\u00edrez, a Chiapas?<\/strong><\/p>\n<p>Dice la canci\u00f3n que no debes tener 2 amores y el nuevo coordinador morenista en el <strong>Senado Eduardo Ram\u00edrez<\/strong>, ya dej\u00f3 en claro que su proyecto pol\u00edtico est\u00e1 en Chiapas. Apenas est\u00e1 tomando las riendas de su bancada y de la presidencia de la Jucopo, en lugar de <strong>Ricardo Monreal,<\/strong> y advierte que solicitar\u00e1 licencia una vez que el partido lance la convocatoria correspondiente para buscar la gubernatura. El autodenominado \u201cJaguar\u201d, tiene enfrente tres rivales de peso: <strong>Luis Armando Melgar Bravo<\/strong>, diputado federal del PVEM; la <strong>Senadora Sasil de Le\u00f3n Villard<\/strong> y el <strong>director del IMSS, Zo\u00e9 Robledo<\/strong>. \u00bfConviene recordar que la bendici\u00f3n (dedazo) llega desde Palacio Nacional? <strong>\u00a1Sopas!<\/strong><\/p>\n<p><strong>Los caminos de X\u00f3chitl G\u00e1lvez <\/strong><\/p>\n<p>Ante la falta de figuras en la oposici\u00f3n para competir por la candidatura presidencial o Jefatura de gobierno de la Ciudad de M\u00e9xico en 2024, la <strong>panista X\u00f3chitl G\u00e1lvez <\/strong>deshoja la margarita para ver por cu\u00e1l se decidir\u00e1. Sin duda, la hidalguense ser\u00eda un revulsivo para la marchita alianza Va por M\u00e9xico en cualquiera de las opciones. Sin embargo, el primer obst\u00e1culo a vencer, parad\u00f3jicamente, es la dirigencia panista, que apuesta por otros candidatos con menos posibilidades o cuestionados por su negro historial.\u00a0 El pr\u00f3ximo 26 de junio, los dirigentes nacionales del <strong>PAN, PRI y PRD<\/strong>, definir\u00e1n el m\u00e9todo para seleccionar a su abanderado en los comicios del 2024. <strong>\u00bfLe dar\u00e1n la oportunidad a X\u00f3chitl?<\/strong><\/p>\n<p><a href=\"https:\/\/twitter.com\/guillegomora?lang=es\" target=\"_blank\" rel=\"noopener\"><em>@guillegomora<\/em><\/a><\/p>\n","protected":false},"excerpt":{"rendered":"<p><span style=\"color: #005497;\"><strong>Guillermina G\u00f3mora Ord\u00f3\u00f1ez<\/strong><\/span<\/span><\/p>\n","protected":false},"author":3,"featured_media":0,"comment_status":"open","ping_status":"open","sticky":false,"template":"","format":"standard","meta":{"_monsterinsights_skip_tracking":false,"_monsterinsights_sitenote_active":false,"_monsterinsights_sitenote_note":"","_monsterinsights_sitenote_category":0,"footnotes":""},"categories":[58361],"tags":[58362,58363,43674],"class_list":["post-587594","post","type-post","status-publish","format-standard","hentry","category-guillermina-gomora-ordonez","tag-caleidoscopio","tag-guillermina-gomora-ordonez","tag-opinion"],"_links":{"self":[{"href":"https:\/\/www.diarioimagen.net\/index.php?rest_route=\/wp\/v2\/posts\/587594","targetHints":{"allow":["GET"]}}],"collection":[{"href":"https:\/\/www.diarioimagen.net\/index.php?rest_route=\/wp\/v2\/posts"}],"about":[{"href":"https:\/\/www.diarioimagen.net\/index.php?rest_route=\/wp\/v2\/types\/post"}],"author":[{"embeddable":true,"href":"https:\/\/www.diarioimagen.net\/index.php?rest_route=\/wp\/v2\/users\/3"}],"replies":[{"embeddable":true,"href":"https:\/\/www.diarioimagen.net\/index.php?rest_route=%2Fwp%2Fv2%2Fcomments&post=587594"}],"version-history":[{"count":0,"href":"https:\/\/www.diarioimagen.net\/index.php?rest_route=\/wp\/v2\/posts\/587594\/revisions"}],"wp:attachment":[{"href":"https:\/\/www.diarioimagen.net\/index.php?rest_route=%2Fwp%2Fv2%2Fmedia&parent=587594"}],"wp:term":[{"taxonomy":"category","embeddable":true,"href":"https:\/\/www.diarioimagen.net\/index.php?rest_route=%2Fwp%2Fv2%2Fcategories&post=587594"},{"taxonomy":"post_tag","embeddable":true,"href":"https:\/\/www.diarioimagen.net\/index.php?rest_route=%2Fwp%2Fv2%2Ftags&post=587594"}],"curies":[{"name":"wp","href":"https:\/\/api.w.org\/{rel}","templated":true}]}}