{"id":587608,"date":"2023-06-20T00:10:49","date_gmt":"2023-06-20T06:10:49","guid":{"rendered":"https:\/\/www.diarioimagen.net\/?p=587608"},"modified":"2023-06-20T01:36:26","modified_gmt":"2023-06-20T07:36:26","slug":"dos-de-tres","status":"publish","type":"post","link":"https:\/\/www.diarioimagen.net\/?p=587608","title":{"rendered":"Dos de tres"},"content":{"rendered":"<h2>De frente y de perfil<\/h2>\n<h5>Ram\u00f3n Zurita Sahag\u00fan<\/h5>\n<p>&nbsp;<\/p>\n<p>Hace doce a\u00f1os surgi\u00f3 un simp\u00e1tico personaje que bailaba en un anuncio del partido Nueva Alianza que exhortaba a los electores a sufragar dos de tres de sus votos hacia su partido.<\/p>\n<p>Aquel personaje desconocido para la pol\u00edtica era Xiuh Guillermo Tenorio, quien result\u00f3 electo diputado local por ese partido y movi\u00f3 las fibras sentimentales de los ciudadanos y consigui\u00f3 que Nueva Alianza conservara el registro a nivel federal.<\/p>\n<p>Despu\u00e9s de eso fue senador suplente del entonces perredista Mario Delgado y culmin\u00f3 como candidato a alcalde de Benito Ju\u00e1rez, ahora por el PRI.<\/p>\n<p>Dejando atr\u00e1s lo sucedido con ese simp\u00e1tico personaje, el ejemplo de lo que hizo su partido es algo que los opositores deber\u00e1n tomar en consideraci\u00f3n, si es que quieren contender con el candidato o candidata de Morena.<\/p>\n<p>No se advierte por d\u00f3nde puedan penetrar las defensas del partido gobernante, ni mucho menos se ve un candidato, hombre o mujer que pueda ofrecer mejores alternativas que quien abandere a Morena.<\/p>\n<p>Por m\u00e1s que se allanen los requisitos, se definan las rutas a transitar, se afiancen las alianzas, la oposici\u00f3n no tiene una figura emblem\u00e1tica que pueda enfrentar a la contendiente fuerza del partido gobernante.<\/p>\n<p>Es cierto que tienen personajes de probada eficacia, amplio conocimiento de la econom\u00eda y de gobierno, pero con cero empat\u00eda o carisma y escasa conexi\u00f3n con el electorado.<\/p>\n<p>Santiago Creel, Enrique de la Madrid, Beatriz Paredes, Claudia Ruiz, entre otros, no representan la figura de un candidato ganador y aunque Beatriz lo fue hace mucho tiempo, las m\u00e1s recientes han sido derrotas.<\/p>\n<p>Est\u00e1n acostumbrados a ser postulados a cargos de elecci\u00f3n popular por la c\u00f3moda v\u00eda de la representaci\u00f3n popular y en el caso de Lilly T\u00e9llez gan\u00f3 un esca\u00f1o de mayor\u00eda, arrastrada por el efecto \u201cPeje\u201d.<\/p>\n<p>La oposici\u00f3n, es cierto, tiene nombres que no impactan en la poblaci\u00f3n, preparados s\u00ed, aunque carentes de popularidad. Los fen\u00f3menos electorales no se aprecian para estos comicios, ni de un lado y mucho menos del otro.<\/p>\n<p>Si van en alianza o no, es cuesti\u00f3n que a los electores no les impresiona como qued\u00f3 claro en la mayor\u00eda de las entidades en que concursaron juntos el partido de izquierda, el de derecha y el del centro.<\/p>\n<p>Los votantes acuden cada vez en menor n\u00famero a las urnas, por lo que se requiere de candidatos que alegren las campa\u00f1as, que produzcan impacto entre los ciudadanos, que los motiven para que cumplan con su deber c\u00edvico de votar y cuyas promesas de campa\u00f1a sean factibles de cumplir, ya que la mayor\u00eda de los candidatos ofrecen lo mismo, aunque llegada la hora no cumplen con esas ofertas.<\/p>\n<p>Buscar frases que impacten en la sociedad para que vote debe ser una tarea a realizar, no solamente para la oposici\u00f3n, sino tambi\u00e9n para el oficialismo, si es que quieren evitar que lo sucedido en el Estado de M\u00e9xico (una concurrencia de apenas el 50 por ciento) se convierta en un fen\u00f3meno cotidiano en cada proceso electoral.<\/p>\n<p style=\"text-align: center;\"><strong>*****<\/strong><\/p>\n<p>Sin duda, el presidente L\u00f3pez Obrador est\u00e1 convirtiendo en toda una caja de sorpresas, sus nombramientos en el gabinete presidencial. Luisa Mar\u00eda Alcalde Luj\u00e1n, deja la titularidad de la Secretar\u00eda del Trabajo, para asumir la responsabilidad de la Secretar\u00eda de Gobernaci\u00f3n. Alejandro Encinas hab\u00eda sido nombrado como encargado del despacho por unos cuantos d\u00edas. Antes de ello, Alicia B\u00e1rcena hab\u00eda sido nombrada secretaria de Relaciones Exteriores\u2026 Los aspirantes presidenciales de Morena y sus aliados iniciaron su recorrido por el pa\u00eds, en busca de la nominaci\u00f3n de coordinadores de la defensa de la 4T, tendr\u00e1n 70 d\u00edas de periplo y luego someterse al veredicto de las encuestas, de donde surgir\u00e1 \u00e9l o la candidata presidencial.<\/p>\n<p><a href=\"mailto:ramonzurita44@hotmail.com\" target=\"_blank\" rel=\"noopener noreferrer\"><em>ramonzurita44@hotmail.com<\/em><\/a><\/p>\n","protected":false},"excerpt":{"rendered":"<p><span style=\"color: #005497;\"><strong>Ram\u00f3n Zurita Sahag\u00fan<\/strong><\/span><\/p>\n","protected":false},"author":3,"featured_media":0,"comment_status":"open","ping_status":"open","sticky":false,"template":"","format":"standard","meta":{"_monsterinsights_skip_tracking":false,"_monsterinsights_sitenote_active":false,"_monsterinsights_sitenote_note":"","_monsterinsights_sitenote_category":0,"footnotes":""},"categories":[234],"tags":[304,43674,43687],"class_list":["post-587608","post","type-post","status-publish","format-standard","hentry","category-ramon-zurita-sahagun","tag-de-frente-y-de-perfil","tag-opinion","tag-ramon-zurita-sahagun"],"_links":{"self":[{"href":"https:\/\/www.diarioimagen.net\/index.php?rest_route=\/wp\/v2\/posts\/587608","targetHints":{"allow":["GET"]}}],"collection":[{"href":"https:\/\/www.diarioimagen.net\/index.php?rest_route=\/wp\/v2\/posts"}],"about":[{"href":"https:\/\/www.diarioimagen.net\/index.php?rest_route=\/wp\/v2\/types\/post"}],"author":[{"embeddable":true,"href":"https:\/\/www.diarioimagen.net\/index.php?rest_route=\/wp\/v2\/users\/3"}],"replies":[{"embeddable":true,"href":"https:\/\/www.diarioimagen.net\/index.php?rest_route=%2Fwp%2Fv2%2Fcomments&post=587608"}],"version-history":[{"count":0,"href":"https:\/\/www.diarioimagen.net\/index.php?rest_route=\/wp\/v2\/posts\/587608\/revisions"}],"wp:attachment":[{"href":"https:\/\/www.diarioimagen.net\/index.php?rest_route=%2Fwp%2Fv2%2Fmedia&parent=587608"}],"wp:term":[{"taxonomy":"category","embeddable":true,"href":"https:\/\/www.diarioimagen.net\/index.php?rest_route=%2Fwp%2Fv2%2Fcategories&post=587608"},{"taxonomy":"post_tag","embeddable":true,"href":"https:\/\/www.diarioimagen.net\/index.php?rest_route=%2Fwp%2Fv2%2Ftags&post=587608"}],"curies":[{"name":"wp","href":"https:\/\/api.w.org\/{rel}","templated":true}]}}