{"id":587686,"date":"2023-06-21T00:06:50","date_gmt":"2023-06-21T06:06:50","guid":{"rendered":"https:\/\/www.diarioimagen.net\/?p=587686"},"modified":"2023-06-22T02:37:08","modified_gmt":"2023-06-22T08:37:08","slug":"ganan-estudiantes-de-uaemex-segundo-lugar-nacional-en-la-olimpiada-de-farmacologia","status":"publish","type":"post","link":"https:\/\/www.diarioimagen.net\/?p=587686","title":{"rendered":"Ganan estudiantes de UAEM\u00e9x segundo lugar nacional en la Olimpiada de Farmacolog\u00eda"},"content":{"rendered":"<p>&nbsp;<\/p>\n<ul>\n<li><strong><em>Los universitarios expresaron sentirse orgullosos del logro y representar a la auriverde mexiquense<\/em><\/strong><strong><br \/>\n<\/strong><\/li>\n<\/ul>\n<p>&nbsp;<\/p>\n<div id=\"attachment_587790\" style=\"width: 470px\" class=\"wp-caption aligncenter\"><a href=\"https:\/\/www.diarioimagen.net\/?attachment_id=587790\" rel=\"attachment wp-att-587790\"><img loading=\"lazy\" decoding=\"async\" aria-describedby=\"caption-attachment-587790\" class=\"size-full wp-image-587790\" src=\"https:\/\/www.diarioimagen.net\/wp-content\/uploads\/2023\/06\/uaem-ganan-estudiantes.jpg\" alt=\"\" width=\"460\" height=\"270\" \/><\/a><p id=\"caption-attachment-587790\" class=\"wp-caption-text\">Rub\u00e9n Eduardo Mart\u00ednez L\u00f3pez, Juan Jos\u00e9 Ruiz Castillo, Jorge Tony Ruiz y Jos\u00e9 Alberto Bernal Rend\u00f3n, estudiantes de la Licenciatura en M\u00e9dico Cirujano de la UAEM\u00e9x, ganaron el segundo lugar en la Tercera Olimpiada de Farmacolog\u00eda.<\/p><\/div>\n<p>&nbsp;<\/p>\n<p><strong>Toluca, Estado de M\u00e9xico.\u2013<\/strong> Los estudiantes de la Licenciatura en M\u00e9dico Cirujano de la Facultad de Medicina de la Universidad Aut\u00f3noma del Estado de M\u00e9xico (UAEM\u00e9x), Rub\u00e9n Eduardo Mart\u00ednez L\u00f3pez y Juan Jos\u00e9 Ruiz Castillo, del d\u00e9cimo semestre, as\u00ed como Jorge Tony Ruiz y Jos\u00e9 Alberto Bernal Rend\u00f3n, de octavo semestre, conformaron el equipo que obtuvo el segundo lugar en la Tercera Olimpiada de Farmacolog\u00eda, que se llev\u00f3 a cabo en la Universidad Veracruzana, en Xalapa, los d\u00edas 3 y 4 de mayo.<\/p>\n<p>El talento, el conocimiento de la farmacolog\u00eda y la dedicaci\u00f3n permiti\u00f3 al equipo que represent\u00f3 a la UAEM\u00e9x ubicarse en el top 3 nacional, pese a que su entrenamiento, por decisi\u00f3n, fue independiente y autodidacta.<\/p>\n<p>Rub\u00e9n Eduardo Mart\u00ednez L\u00f3pez, capit\u00e1n del equipo, comparti\u00f3 que aunque su inter\u00e9s personal por competir en la Olimpiada data desde 2020, el concurso se suspendi\u00f3 debido a la pandemia de Covid-19 y una vez que se reapertur\u00f3, no dud\u00f3 en convocar a sus compa\u00f1eros de equipo para contender, representando a la Facultad de Medicina y a la Aut\u00f3noma mexiquense.<\/p>\n<p>Mart\u00ednez L\u00f3pez explic\u00f3 que tuvieron una preparaci\u00f3n de entre seis y ocho semanas por separado, durante las cuales cada uno de los integrantes fortaleci\u00f3 distintas \u00e1reas de conocimiento en la farmacolog\u00eda, as\u00ed como sesiones en equipo para reconocer las debilidades y fortalezas rumbo a la evaluaci\u00f3n, as\u00ed como la simulaci\u00f3n con alto grado de dificultad del posible examen.<\/p>\n<p>En ese sentido, el universitario Jorge Tony Ruiz expres\u00f3 sentirse orgulloso del logro obtenido y de haber puesto en alto el nombre de la Facultad de Medicina de la UAEM\u00e9x.<\/p>\n<p>En coincidencia, Jos\u00e9 Alberto Bernal Rend\u00f3n indic\u00f3 que aunque en la \u00faltima etapa de la Olimpiada tuvo un grado mayor de dificultad, lograron un lugar sobresaliente que representa la calidad de la formaci\u00f3n acad\u00e9mica que tienen en la UAEM\u00e9x.<\/p>\n<p>En tanto, Juan Jos\u00e9 Ruiz Castillo dijo que la Olimpiada puso a prueba su determinaci\u00f3n y voluntad de actuar de forma independiente y conseguir un segundo lugar a nivel nacional.<\/p>\n<p>Los cuatro integrantes del equipo agradecieron el apoyo que la direcci\u00f3n de la Facultad de Medicina les otorg\u00f3 para realizar el traslado hacia la Olimpiada.<\/p>\n<p>En esta edici\u00f3n de la Olimpiada participaron 45 equipos de m\u00e1s de 20 Instituciones de Educaci\u00f3n Superior del pa\u00eds, tanto p\u00fablicas como privadas, que imparten la Licenciatura en M\u00e9dico Cirujano.<\/p>\n","protected":false},"excerpt":{"rendered":"<p>Los estudiantes de la Licenciatura en M\u00e9dico Cirujano de la Facultad de Medicina de la Universidad Aut\u00f3noma del Estado de M\u00e9xico (UAEM\u00e9x), Rub\u00e9n Eduardo Mart\u00ednez L\u00f3pez y Juan Jos\u00e9 Ruiz Castillo, del d\u00e9cimo semestre, as\u00ed como Jorge Tony Ruiz y Jos\u00e9 Alberto Bernal Rend\u00f3n, de octavo semestre, conformaron el equipo que obtuvo el segundo lugar en la Tercera Olimpiada de Farmacolog\u00eda, que se llev\u00f3 a cabo en la Universidad Veracruzana, en Xalapa, los d\u00edas 3 y 4 de mayo.<\/p>\n","protected":false},"author":3,"featured_media":587790,"comment_status":"open","ping_status":"open","sticky":false,"template":"","format":"standard","meta":{"_monsterinsights_skip_tracking":false,"_monsterinsights_sitenote_active":false,"_monsterinsights_sitenote_note":"","_monsterinsights_sitenote_category":0,"footnotes":""},"categories":[5],"tags":[43675,98115,452,67878],"class_list":["post-587686","post","type-post","status-publish","format-standard","has-post-thumbnail","hentry","category-estado-de-mexico","tag-estado-de-mexico","tag-olimpiada-de-farmacologia","tag-toluca","tag-uaemex"],"_links":{"self":[{"href":"https:\/\/www.diarioimagen.net\/index.php?rest_route=\/wp\/v2\/posts\/587686","targetHints":{"allow":["GET"]}}],"collection":[{"href":"https:\/\/www.diarioimagen.net\/index.php?rest_route=\/wp\/v2\/posts"}],"about":[{"href":"https:\/\/www.diarioimagen.net\/index.php?rest_route=\/wp\/v2\/types\/post"}],"author":[{"embeddable":true,"href":"https:\/\/www.diarioimagen.net\/index.php?rest_route=\/wp\/v2\/users\/3"}],"replies":[{"embeddable":true,"href":"https:\/\/www.diarioimagen.net\/index.php?rest_route=%2Fwp%2Fv2%2Fcomments&post=587686"}],"version-history":[{"count":0,"href":"https:\/\/www.diarioimagen.net\/index.php?rest_route=\/wp\/v2\/posts\/587686\/revisions"}],"wp:featuredmedia":[{"embeddable":true,"href":"https:\/\/www.diarioimagen.net\/index.php?rest_route=\/wp\/v2\/media\/587790"}],"wp:attachment":[{"href":"https:\/\/www.diarioimagen.net\/index.php?rest_route=%2Fwp%2Fv2%2Fmedia&parent=587686"}],"wp:term":[{"taxonomy":"category","embeddable":true,"href":"https:\/\/www.diarioimagen.net\/index.php?rest_route=%2Fwp%2Fv2%2Fcategories&post=587686"},{"taxonomy":"post_tag","embeddable":true,"href":"https:\/\/www.diarioimagen.net\/index.php?rest_route=%2Fwp%2Fv2%2Ftags&post=587686"}],"curies":[{"name":"wp","href":"https:\/\/api.w.org\/{rel}","templated":true}]}}