{"id":587692,"date":"2023-06-21T00:02:21","date_gmt":"2023-06-21T06:02:21","guid":{"rendered":"https:\/\/www.diarioimagen.net\/?p=587692"},"modified":"2023-06-21T03:42:28","modified_gmt":"2023-06-21T09:42:28","slug":"segunda-edicion-de-ciudad-futuro-2-0-reune-a-unas-45-mil-personas-en-cuautitlan-izcalli","status":"publish","type":"post","link":"https:\/\/www.diarioimagen.net\/?p=587692","title":{"rendered":"Segunda edici\u00f3n de \u201cCiudad Futuro 2.0\u201d re\u00fane a unas 45 mil personas en Cuautitl\u00e1n Izcalli"},"content":{"rendered":"<p>&nbsp;<\/p>\n<ul>\n<li><em><strong>50 aniversario del municipio<\/strong><\/em><\/li>\n<\/ul>\n<p>&nbsp;<\/p>\n<div id=\"attachment_587815\" style=\"width: 470px\" class=\"wp-caption aligncenter\"><a href=\"https:\/\/www.diarioimagen.net\/?attachment_id=587815\" rel=\"attachment wp-att-587815\"><img loading=\"lazy\" decoding=\"async\" aria-describedby=\"caption-attachment-587815\" class=\"size-full wp-image-587815\" src=\"https:\/\/www.diarioimagen.net\/wp-content\/uploads\/2023\/06\/segunda-edicion.jpg\" alt=\"\" width=\"460\" height=\"270\" \/><\/a><p id=\"caption-attachment-587815\" class=\"wp-caption-text\">\u201cCiudad Futuro 2.0\u201d, en su segunda edici\u00f3n, logr\u00f3 reunir a m\u00e1s de 45 mil asistentes para celebrar a ni\u00f1as y ni\u00f1os de Cuautitl\u00e1n Izcalli.<\/p><\/div>\n<p>&nbsp;<\/p>\n<p><strong>Cuautitl\u00e1n Izcalli, Estado de M\u00e9xico.\u2014<\/strong> Como parte del inicio de los festejos del 50 aniversario de este municipio, \u201cCiudad Futuro 2.0\u201d, en su segunda edici\u00f3n, logr\u00f3 reunir a m\u00e1s de 45 mil asistentes para celebrar a las ni\u00f1as y ni\u00f1os de la localidad.<\/p>\n<p>En esta nueva edici\u00f3n de \u201cCiudad Futuro 2.0\u201d disfrutaron de sorpresas, feria, circo, inflables, juegos mec\u00e1nicos y actividades l\u00fadicas para chicos y grandes en completo orden. Cabe se\u00f1alar que todas las actividades fueron totalmente gratis.<\/p>\n<p>Este a\u00f1o, el evento logr\u00f3 reunir a m\u00e1s asistentes que el anterior, superando de 32 mil a 45 mil personas que asistieron este fin de semana. Este a\u00f1o, para contrarrestar las altas temperaturas y que no afectaran la convivencia de las ni\u00f1as y los ni\u00f1os, se acondicion\u00f3 una zona de descanso, de comida y de hidrataci\u00f3n, desarroll\u00e1ndose esta edici\u00f3n con normalidad y saldo blanco.<\/p>\n<p>A lo largo de este fin de semana, las 45 mil sonrisas que se dieron cita en \u201cCiudad Futuro 2.0\u201d se llevaron una gran experiencia, acompa\u00f1ada de aprendizaje, gracias a los diferentes stands l\u00fadicos y ambientales.<\/p>\n<p>En esta segunda edici\u00f3n, los pap\u00e1s tambi\u00e9n pudieron ser festejados en su d\u00eda con la exposici\u00f3n \u201cHistoria sobre ruedas\u201d, que present\u00f3 m\u00e1s de 100 autos cl\u00e1sicos, con una especial formaci\u00f3n de autos Mustang, donde tambi\u00e9n se divirtieron y jugaron en familia.<\/p>\n<p>La presidenta municipal, Karla Fiesco Garc\u00eda, y la presidenta del SDIF, J\u00e9ssica Villase\u00f1or Garc\u00eda, agradecieron a cada una de las personas que se dieron cita para pasar momentos \u00fanicos e inolvidables en familia y los invitan a ser parte de \u201cCiudad Futuro en 2024\u201d.<\/p>\n","protected":false},"excerpt":{"rendered":"<p>Como parte del inicio de los festejos del 50 aniversario de este municipio, \u201cCiudad Futuro 2.0\u201d, en su segunda edici\u00f3n, logr\u00f3 reunir a m\u00e1s de 45 mil asistentes para celebrar a las ni\u00f1as y ni\u00f1os de la localidad.<\/p>\n","protected":false},"author":3,"featured_media":587815,"comment_status":"open","ping_status":"open","sticky":false,"template":"","format":"standard","meta":{"_monsterinsights_skip_tracking":false,"_monsterinsights_sitenote_active":false,"_monsterinsights_sitenote_note":"","_monsterinsights_sitenote_category":0,"footnotes":""},"categories":[5],"tags":[21999,97769,971,43675,20602],"class_list":["post-587692","post","type-post","status-publish","format-standard","has-post-thumbnail","hentry","category-estado-de-mexico","tag-aniversario","tag-ciudad-futuro-2-0","tag-cuautitlan-izcalli","tag-estado-de-mexico","tag-festejo"],"_links":{"self":[{"href":"https:\/\/www.diarioimagen.net\/index.php?rest_route=\/wp\/v2\/posts\/587692","targetHints":{"allow":["GET"]}}],"collection":[{"href":"https:\/\/www.diarioimagen.net\/index.php?rest_route=\/wp\/v2\/posts"}],"about":[{"href":"https:\/\/www.diarioimagen.net\/index.php?rest_route=\/wp\/v2\/types\/post"}],"author":[{"embeddable":true,"href":"https:\/\/www.diarioimagen.net\/index.php?rest_route=\/wp\/v2\/users\/3"}],"replies":[{"embeddable":true,"href":"https:\/\/www.diarioimagen.net\/index.php?rest_route=%2Fwp%2Fv2%2Fcomments&post=587692"}],"version-history":[{"count":0,"href":"https:\/\/www.diarioimagen.net\/index.php?rest_route=\/wp\/v2\/posts\/587692\/revisions"}],"wp:featuredmedia":[{"embeddable":true,"href":"https:\/\/www.diarioimagen.net\/index.php?rest_route=\/wp\/v2\/media\/587815"}],"wp:attachment":[{"href":"https:\/\/www.diarioimagen.net\/index.php?rest_route=%2Fwp%2Fv2%2Fmedia&parent=587692"}],"wp:term":[{"taxonomy":"category","embeddable":true,"href":"https:\/\/www.diarioimagen.net\/index.php?rest_route=%2Fwp%2Fv2%2Fcategories&post=587692"},{"taxonomy":"post_tag","embeddable":true,"href":"https:\/\/www.diarioimagen.net\/index.php?rest_route=%2Fwp%2Fv2%2Ftags&post=587692"}],"curies":[{"name":"wp","href":"https:\/\/api.w.org\/{rel}","templated":true}]}}