{"id":587730,"date":"2023-06-21T00:01:13","date_gmt":"2023-06-21T06:01:13","guid":{"rendered":"https:\/\/www.diarioimagen.net\/?p=587730"},"modified":"2023-06-20T23:24:49","modified_gmt":"2023-06-21T05:24:49","slug":"gobierno-y-crimen-organizado","status":"publish","type":"post","link":"https:\/\/www.diarioimagen.net\/?p=587730","title":{"rendered":"Gobierno y crimen organizado"},"content":{"rendered":"<h2>De pe a pa<\/h2>\n<h5>Alberto Vieyra G.<\/h5>\n<p>&nbsp;<\/p>\n<p>\u00bfEn M\u00e9xico gobiernan las bandas criminales o los partidos pol\u00edticos? \u00bfTenemos un Estado fallido en la naci\u00f3n azteca? \u00bfDesde cu\u00e1ndo se jodi\u00f3 el pa\u00eds?<\/p>\n<p>Son s\u00f3lo algunas inquietantes preguntas que me hacen mis 3 lectores y radioescuchas al conocer la nota principal de <em>El Universal <\/em>de este lunes 19 de junio en la que un estudio de AC Consultores revela que el 81% del territorio azteca est\u00e1 en manos del crimen organizado. El C\u00e1rtel Jalisco manda en 28 estados de la Rep\u00fablica, el C\u00e1rtel de Sinaloa parte el queso en 24 estados, mientras que el C\u00e1rtel del Golfo controla desde la l\u00ednea fronteriza de Tamaulipas hasta el sureste mexicano.<\/p>\n<p>\u00bfQu\u00e9 nos dice semejante cat\u00e1strofe?<\/p>\n<p>Nos dice que hay un gobierno de rodillas ante las bandas criminales, un Estado fallido y una maldita estrategia de gobierno basada en abrazos y no balazos que bien pareciera que el crimen organizado y el gobierno son la misma cosa, pero tambi\u00e9n ese estudio nos da una clar\u00edsima lectura de que el Ej\u00e9rcito, la Guardia Nacional y la monstruosa militarizaci\u00f3n del pa\u00eds sirven para dos cosas: Para nada y para lo mismo, mientras el gobierno de Andr\u00e9s Manuel L\u00f3pez Obrador est\u00e1 inmerso en un programa propagand\u00edstico, cuyo ingrediente principal es la mentira con el \u00fanico prop\u00f3sito de esconder la recanija realidad del pa\u00eds y trabajado ya a marchas forzadas en una descarada elecci\u00f3n de Estado para las elecciones presidenciales de 2024 con las que busca obtener el carro completo y jugar con todas las canicas para seguir destruyendo a la naci\u00f3n azteca.<\/p>\n<p>\u00bfD\u00f3nde fue donde la puerca torci\u00f3 el rabo y M\u00e9xico fue tomado como reh\u00e9n por las bandas criminales?<\/p>\n<p>Sin lugar a dudas, que la era econ\u00f3mica neoliberal ser\u00eda la etapa crucial en las que las bandas criminales sentar\u00edan sus reales y las mafias no s\u00f3lo son de aqu\u00ed, sino primordialmente del extranjero y por desgracia, coludidas con el Estado mexicano. No se sabe realmente en d\u00f3nde comienza el Estado y en d\u00f3nde terminan las mafias criminales o d\u00f3nde comienzan las mafias criminales y d\u00f3nde termina el Estado. La cat\u00e1strofe que vive la naci\u00f3n azteca no es cualquier cosa.<\/p>\n<p>El pr\u00f3ximo gobierno, del partido que sea, si quiere pacificar a la naci\u00f3n tendr\u00e1 que pactar cohabitando con las mafias criminales o combati\u00e9ndolas con todo el poder del Estado, pero en ambos casos, la naci\u00f3n pagar\u00e1 una cara factura de sangre.<\/p>\n<p>Por ahora, casi todo el territorio azteca el 81% es gobernado por las mafias criminales y seguramente que el restante 19%, sino est\u00e1 en poder de los c\u00e1rteles ya citados, lo m\u00e1s seguro es que est\u00e1 en poder de peque\u00f1as mafias locales o regionales, que junto con los m\u00e1s picudos c\u00e1rteles se dedican a lo mismo, venta y trasiego de drogas, secuestros, extorsiones, masacres que son el pan nuestro de cada d\u00eda y lo dicen lo m\u00e1s de 155 mil asesinatos doloso en el sexenio de AMLO, cobro de piso del que no escapan pobres ni ricos, robos a mano armada y toda esa carnicer\u00eda a conformado una sociedad morbosa y en plena putrefacci\u00f3n, a la que ya nada le asombra como no sean asesinatos, descuartizamiento de hombres y mujeres, tr\u00e1fico de \u00f3rganos y para los ni\u00f1os incluso, resulta ser la patria mexicana una barbarie que pareciera ser el paisaje cotidiano. Pero sabe qu\u00e9, este M\u00e9xico no era as\u00ed.<\/p>\n<p>S\u00ed, vivimos en un M\u00e9xico macabro, una naci\u00f3n azteca que se desangra y un gobierno que solamente les echa la culpa a los gobernantes del pasado, un Estado mexicano que no sirve y un ej\u00e9rcito que por verg\u00fcenza deber\u00eda regresar a los cuarteles porque tampoco pudo con el paquete.<\/p>\n<p>\u00bfVerdad que vale la pena reflexionar si nuestro voto en las pr\u00f3ximas elecciones ser\u00e1 por m\u00e1s de lo mismo o para poner fin a una naci\u00f3n b\u00e1rbara?<\/p>\n<p><em><a href=\"mailto:info@agenciamn.com\" target=\"_blank\" rel=\"noopener noreferrer\">info@agenciamn.com<\/a><\/em><\/p>\n","protected":false},"excerpt":{"rendered":"<p><span style=\"color: #005497;\"><strong>Alberto Vieyra G.<\/strong><\/span><\/p>\n","protected":false},"author":3,"featured_media":0,"comment_status":"open","ping_status":"open","sticky":false,"template":"","format":"standard","meta":{"_monsterinsights_skip_tracking":false,"_monsterinsights_sitenote_active":false,"_monsterinsights_sitenote_note":"","_monsterinsights_sitenote_category":0,"footnotes":""},"categories":[4596],"tags":[43697,4597,43674],"class_list":["post-587730","post","type-post","status-publish","format-standard","hentry","category-alberto-vieyra-g","tag-alberto-vieyra-g","tag-de-pe-a-pa","tag-opinion"],"_links":{"self":[{"href":"https:\/\/www.diarioimagen.net\/index.php?rest_route=\/wp\/v2\/posts\/587730","targetHints":{"allow":["GET"]}}],"collection":[{"href":"https:\/\/www.diarioimagen.net\/index.php?rest_route=\/wp\/v2\/posts"}],"about":[{"href":"https:\/\/www.diarioimagen.net\/index.php?rest_route=\/wp\/v2\/types\/post"}],"author":[{"embeddable":true,"href":"https:\/\/www.diarioimagen.net\/index.php?rest_route=\/wp\/v2\/users\/3"}],"replies":[{"embeddable":true,"href":"https:\/\/www.diarioimagen.net\/index.php?rest_route=%2Fwp%2Fv2%2Fcomments&post=587730"}],"version-history":[{"count":0,"href":"https:\/\/www.diarioimagen.net\/index.php?rest_route=\/wp\/v2\/posts\/587730\/revisions"}],"wp:attachment":[{"href":"https:\/\/www.diarioimagen.net\/index.php?rest_route=%2Fwp%2Fv2%2Fmedia&parent=587730"}],"wp:term":[{"taxonomy":"category","embeddable":true,"href":"https:\/\/www.diarioimagen.net\/index.php?rest_route=%2Fwp%2Fv2%2Fcategories&post=587730"},{"taxonomy":"post_tag","embeddable":true,"href":"https:\/\/www.diarioimagen.net\/index.php?rest_route=%2Fwp%2Fv2%2Ftags&post=587730"}],"curies":[{"name":"wp","href":"https:\/\/api.w.org\/{rel}","templated":true}]}}