{"id":587731,"date":"2023-06-21T00:02:24","date_gmt":"2023-06-21T06:02:24","guid":{"rendered":"https:\/\/www.diarioimagen.net\/?p=587731"},"modified":"2023-06-21T00:51:14","modified_gmt":"2023-06-21T06:51:14","slug":"como-buen-jefe-de-campana-amlo-convoca-a-mitin-en-el-zocalo","status":"publish","type":"post","link":"https:\/\/www.diarioimagen.net\/?p=587731","title":{"rendered":"Como buen jefe de campa\u00f1a, AMLO convoca a mitin en el Z\u00f3calo"},"content":{"rendered":"<h2>La Retaguardia<\/h2>\n<h5>Adriana Moreno Cordero<\/h5>\n<p>&nbsp;<\/p>\n<ul>\n<li><strong><em>Monreal convoca a \u201ccorcholatas\u201d a moderarse; Marcelo Ebrard, respond\u00f3n<\/em><\/strong><\/li>\n<\/ul>\n<p>&nbsp;<\/p>\n<p>Luego de que la flamante ex jefa de Gobierno de la Ciudad de M\u00e9xico, <strong>Claudia Sheinbaum,<\/strong> concluyera su gesti\u00f3n al frente del Antiguo Palacio del Ayuntamiento -muy al estilo de su jefe- con un mitin en el Monumento a la Revoluci\u00f3n, ahora en su gustad\u00edsimo \u201cstand-up\u201d ma\u00f1anero el presidente <strong>Andr\u00e9s Manuel L\u00f3pez Obrador<\/strong> convoc\u00f3 al \u201cpueblo sabio y bueno\u201d al en\u00e9simo mitin que organiza, esta vez, por el quinto aniversario de su triunfo en las elecciones de 2018.<\/p>\n<p>As\u00ed que lo que podemos esperar, es que el tabasque\u00f1o sea el centro de esta nueva \u201cquema de incienso\u201d, donde dar\u00e1 su qui\u00e9n sabe qu\u00e9 n\u00famero de informe de su administraci\u00f3n, claro, siempre desde la \u00f3ptica de lo que se conoce como los \u201cotros datos\u201d, s\u00ed, esos que salen a relucir cuando el de Tepetit\u00e1n no tiene explicaci\u00f3n a la ineficiencia de \u00e9l y su gabinete en los principales rubros que aquejan a este pa\u00eds. Es m\u00e1s, L\u00f3pez Obrador, al anunciar su masivo acto, dijo de manera textual: \u201cFiesta porque estamos bien y de buenas. Los que andan de mal humor son otros\u201d.<\/p>\n<p>Pero tambi\u00e9n, no faltan quienes interpretan este acto como un espaldarazo a la se\u00f1ora Sheinbaum Pardo, sobre todo luego de que otra de las \u201ccorcholatas\u201d, <strong>Marcelo Ebrard<\/strong> ofreciera a <strong>Andr\u00e9s Manuel L\u00f3pez Beltr\u00e1n<\/strong>, encabezar la secretar\u00eda de la Cuarta Transformaci\u00f3n, misma que el hijo de L\u00f3pez Obrador rechaz\u00f3 bajo el argumento de que no sea que se fuera a inclinar la balanza en el \u201ccorcholat\u00f3dromo\u201d.<\/p>\n<p>Con este acto que encabezar\u00e1 el Presidente el primer d\u00eda de julio, lo m\u00e1s probable es que manifieste, -no tan abiertamente-, su preferencia por qui\u00e9n se supone que siempre ha sido su consentida.<\/p>\n<p>Y como buen jefe de campa\u00f1a que es el tabasque\u00f1o, hace labor para de alguna manera, frenar a la oposici\u00f3n y su t\u00e1ctica responde a esa famosa frase de \u201cdivide y vencer\u00e1s\u201d, por eso, igualmente en su gustad\u00edsima \u201cma\u00f1anera\u201d, se dio a la tarea de decir que las senadoras <strong>Lilly T\u00e9llez<\/strong> como <strong>X\u00f3chitl G\u00e1lvez<\/strong>, tienen derecho a aspirar a la candidatura presidencial de la oposici\u00f3n.<\/p>\n<p>Lo anterior, porque el presidente de la Mesa Directiva de la C\u00e1mara de Diputados, <strong>Santiago Creel<\/strong>, se ha visto muy activo porque quiere ser el candidato presidencial de la alianza Va por M\u00e9xico, por lo que el inquilino de Palacio Nacional quiere meter ruido en la carrera presidencial de Acci\u00f3n Nacional, pero el diputado Creel ha respondido en diversas entrevistas que otros aspirantes son bienvenidos.<\/p>\n<p style=\"text-align: center;\"><strong>Municiones<\/strong><\/p>\n<p>*** Un grupo de diputados locales de Hidalgo afines ni m\u00e1s ni menos que al ex gobernador <strong>Omar Fayad<\/strong>, encabezado por <strong>Julio Valera Piedras<\/strong>, que se desempe\u00f1aba como presidente del PRI en Hidalgo, formaron su propio grupo plural independiente conformado por 8 diputados que hasta ayer conformaban la bancada del Revolucionario Institucional. Es obvio entonces suponer qui\u00e9n envi\u00f3 este golpe por m\u00e1s que el diputado Valera Piedras haya insistido todas las veces que pudo aquello de que son un grupo plural independiente. Ahora s\u00ed que los legisladores locales afines a Omar Fayad le copiaron a los senadores Germ\u00e1n Mart\u00ednez C\u00e1zares y Gustavo Enrique Madero, pero en este caso, puede ser que los ex priistas hidalguenses buscan venderse al mejor postor, entre otras razones, por Omar Fayad, que se ha cansado de esperar con qu\u00e9 lo va a premiar quien encabeza esta errada y llamada Cuarta Transformaci\u00f3n y nada m\u00e1s no ve en el horizonte ninguna embajada; ni siquiera un consulado ya de perdida. Y as\u00ed como para \u201ccurarse en salud\u201d los diputados locales expriistas argumentaron que han votado muchas iniciativas en contra de determinados grupos pol\u00edticos, otras a favor \u201cpero siempre en congruencia y por el bien de Hidalgo\u201d.<\/p>\n<p>*** Ahora, Marcelo Ebrard estuvo de m\u00e1s bajo perfil de visita en Ecatepec, desde donde dijo que de llegar a Palacio Nacional, construir\u00e1 un nuevo acu\u00edfero al oriente de la zona connurbada entre el Estado de M\u00e9xico y la CDMX, pero tambi\u00e9n la volvi\u00f3 a regar porque\u00a0 vuelve a violar la ley electoral, que no le permite hacer promesas de campa\u00f1a, como si ya fuera el candidato presidencial de Morena. Y qui\u00e9n dir\u00eda, el ex canciller ya se volvi\u00f3 respond\u00f3n porque contest\u00f3 que si no se hacen propuestas, la gira de las \u201ccorcholatas\u201d se reducir\u00edan a ser meras visitas tur\u00edsticas. \u00bfSer\u00e1? No hay que soslayar que el ex titular de la SRE, estuvo acompa\u00f1ado de su porrista n\u00famero uno, <strong>P\u00edo L\u00f3pez Obrador<\/strong>, quien reiter\u00f3 que Ebrard Casaubon es la mejor opci\u00f3n para continuar con esta errada y llamada Cuarta Transformaci\u00f3n. Total, el otro hermano del presidente, <strong>Jos\u00e9 Ramiro \u201cPep\u00edn\u201d L\u00f3pez Obrador<\/strong>, contin\u00faa en su apoyo a Claudia Sheinbaum, pero desde muy lejos.<\/p>\n<p>*** Otro de los aspirantes, Ricardo Monreal, estuvo en Lerma, Estado de M\u00e9xico, desde donde recomend\u00f3 algo muy oportuno, esto es, cuidar la equidad \u201cy no permitir la inequidad. Pero vi una cantidad enorme de espectaculares de los otros compa\u00f1eros, que ojal\u00e1 y se moderen\u201d. La pregunta entonces era obligada, \u00bfcu\u00e1nto cuesta un espectacular de estos cuando, -hay que recordar, se les dieron a cada \u201ccorcholata\u201d cinco millones de pesos, a lo que el doctor Monreal respondi\u00f3:\u00a0\u201cNo alcanza. No, no alcanza. Yo no s\u00e9 cu\u00e1nto cuesten, pero son muchos, muchos, muchos. Y ahora que voy a salir a Puebla, pues seguramente va a estar igual y en todas partes\u201d. Por ello, el senador con licencia conmin\u00f3 a sus tres compa\u00f1eros que \u201csobre todo a los que tienen muchos espectaculares y a los que est\u00e1n gastando demasiado, moderen\u201d y les recomend\u00f3 lo que \u00e9l ha venido haciendo: \u201cEs mejor asambleas as\u00ed, peque\u00f1as, en donde la gente escucha, se queda hasta el final, a pesar del sol y a pesar del clima de la una y media; la gente que viene, te viene a escuchar con su propio pie, sin darles nada, sin pedirles nada a cambio de asistir y de escuchar\u201d.<\/p>\n<p>*** Balaceras en la colonia Ju\u00e1rez y en la Central de Autobuses del Sur, en la Ciudad de M\u00e9xico, pero lo bueno es que la famosa \u201cestrategia\u201d de \u201cabrazos, no balazos\u201d, sigue funcionando y en el caso de la capital de la Rep\u00fablica, todo indica que <strong>Mart\u00ed Batres<\/strong>, est\u00e1 nada m\u00e1s de adorno y ni eso.<\/p>\n<p><u><a href=\"mailto:morcora@gmail.com\" target=\"_blank\" rel=\"noopener noreferrer\"><em>morcora@gmail.com<\/em><\/a><\/u><\/p>\n","protected":false},"excerpt":{"rendered":"<p><span style=\"color: #005497;\"><strong>Adriana Moreno Cordero<\/strong><\/span><\/p>\n","protected":false},"author":3,"featured_media":0,"comment_status":"open","ping_status":"open","sticky":false,"template":"","format":"standard","meta":{"_monsterinsights_skip_tracking":false,"_monsterinsights_sitenote_active":false,"_monsterinsights_sitenote_note":"","_monsterinsights_sitenote_category":0,"footnotes":""},"categories":[69370],"tags":[69369,69368],"class_list":["post-587731","post","type-post","status-publish","format-standard","hentry","category-adriana-moreno-cordero","tag-adriana-moreno-cordero","tag-la-retaguardia"],"_links":{"self":[{"href":"https:\/\/www.diarioimagen.net\/index.php?rest_route=\/wp\/v2\/posts\/587731","targetHints":{"allow":["GET"]}}],"collection":[{"href":"https:\/\/www.diarioimagen.net\/index.php?rest_route=\/wp\/v2\/posts"}],"about":[{"href":"https:\/\/www.diarioimagen.net\/index.php?rest_route=\/wp\/v2\/types\/post"}],"author":[{"embeddable":true,"href":"https:\/\/www.diarioimagen.net\/index.php?rest_route=\/wp\/v2\/users\/3"}],"replies":[{"embeddable":true,"href":"https:\/\/www.diarioimagen.net\/index.php?rest_route=%2Fwp%2Fv2%2Fcomments&post=587731"}],"version-history":[{"count":0,"href":"https:\/\/www.diarioimagen.net\/index.php?rest_route=\/wp\/v2\/posts\/587731\/revisions"}],"wp:attachment":[{"href":"https:\/\/www.diarioimagen.net\/index.php?rest_route=%2Fwp%2Fv2%2Fmedia&parent=587731"}],"wp:term":[{"taxonomy":"category","embeddable":true,"href":"https:\/\/www.diarioimagen.net\/index.php?rest_route=%2Fwp%2Fv2%2Fcategories&post=587731"},{"taxonomy":"post_tag","embeddable":true,"href":"https:\/\/www.diarioimagen.net\/index.php?rest_route=%2Fwp%2Fv2%2Ftags&post=587731"}],"curies":[{"name":"wp","href":"https:\/\/api.w.org\/{rel}","templated":true}]}}