{"id":587732,"date":"2023-06-21T00:04:20","date_gmt":"2023-06-21T06:04:20","guid":{"rendered":"https:\/\/www.diarioimagen.net\/?p=587732"},"modified":"2023-06-20T23:26:47","modified_gmt":"2023-06-21T05:26:47","slug":"campanas-competencia-de-elogios-a-la-iv-t","status":"publish","type":"post","link":"https:\/\/www.diarioimagen.net\/?p=587732","title":{"rendered":"Campa\u00f1as, competencia de elogios a la IV-T"},"content":{"rendered":"<h2>Desde el portal<\/h2>\n<h5>\u00c1ngel Soriano<\/h5>\n<p>&nbsp;<\/p>\n<p>Seis presuntos aspirantes a la candidatura presidencial -porque no se descarta que sean sustituidos por alguien m\u00e1s capaz ante su falta de imaginaci\u00f3n-, fueron enviados a recorrer el pa\u00eds en campa\u00f1as de promoci\u00f3n de la Cuarta Transformaci\u00f3n como condici\u00f3n para aspirar a sustituir al presidente Andr\u00e9s Manuel L\u00f3pez Obrador y, de esa manera, consolidar el proyecto.<\/p>\n<p>Con recursos p\u00fablicos porque no hay otra forma de financiamiento -el INE y los partidos reciben dinero del erario-, se encargar\u00e1n de llevar a todos los rincones de la Rep\u00fablica las bondades del nuevo sistema pol\u00edtico que sustituye al PRI y de esa manera se inicia una verdadera competencia por quien es el m\u00e1s arrastrado, el m\u00e1s elocuente y el m\u00e1s audaz en agradar al Presidente.<\/p>\n<p>Y lo mismo la \u201cimaginaci\u00f3n\u201d del ex canciller Marcelo Ebrard de incorporar a Andy en una secretar\u00eda de la Cuarta Transformaci\u00f3n para concluir y vigilar los macroproyectos del Presidente, tratando con ello de ganarse la voluntad presidencial al garantizarle la continuidad de sus obras \u2014las cuales si funcionan no tendr\u00e1n que ser vigiladas\u2014, para asegurar su candidatura.<\/p>\n<p>No escapa, tampoco, la soberbia actitud de la ex jefa de Gobierno de la CDMX frente al gobernador de Sonora, Alfonso Durazo, que con serenidad la enfrent\u00f3. Tanto el mandatario sonorense como Andy han demostrado m\u00e1s madurez y m\u00e1s car\u00e1cter que los aspirantes anotados por Morena, aunque en realidad ese es el requisito para escalar posiciones burocr\u00e1ticas en la actualidad.<\/p>\n<p style=\"text-align: center;\"><strong>TURBULENCIAS<br \/>\nOmar Fayad abandona el barco con sus seguidores<\/strong><\/p>\n<p>En esas condiciones, y ante la imparable marcha de la IV-T, el resto de los partidos, sus militantes y sus \u201cdirigentes\u201d han decidido abandonar sus filas para dar de alta en Morena ante el inminente reparto de diputaciones locales, federales, alcald\u00edas, senadur\u00edas y posiciones en el gobierno federal que ocurrir\u00e1 el a\u00f1o pr\u00f3ximo. Como otros ex gobernadores priistas, el hidalguense Omar Fayad dej\u00f3 el PRI y con \u00e9l sus correligionarios hidalguenses, de acuerdo a lo informado por Julio Manuel Vera Piedras que, \u201cde momento\u201d, no se integrar\u00e1n a otro partido, pero es obvio que se ir\u00e1n a Morena para garantizar su sobrevivencia; y as\u00ed se reubican a funcionarios y dirigentes para obtener con antelaci\u00f3n garantizado su permanencia en el presupuesto\u2026 En Oaxaca, el hombre de confianza del gobernador Salom\u00f3n Jara, Jos\u00e9 Antonio Rueda M\u00e1rquez, para quien se hicieron reformas a la Ley Org\u00e1nica de la administraci\u00f3n estatal a fin de que asumiera todo el poder sobre la administraci\u00f3n p\u00fablica estatal, tuvo que abandonar el cargo al ser comisionado en la campa\u00f1a de la ex jefa de Gobierno de la CDMX, Claudia Sheinbaum, hasta por 70 d\u00edas, para garantizarle su triunfo -cuando menos en la entidad-,\u00a0 como coordinadora del Comit\u00e9 de Defensa de la IV-T, aunque se duda que regrese, toda vez que el sustituto, Flavio Sosa Villavicencio, no aceptar\u00e1 dejar el segundo puesto de importancia en Oaxaca; al menos que tenga pactado una candidatura a la diputaci\u00f3n federal o al Senado\u2026 El que se hizo candidato para viajar por el pa\u00eds y disfrutar las bellezas de la Rep\u00fablica mexicana y disfrutar de su gastronom\u00eda y las tradiciones de sus habitantes, es el diputado con licencia Gerardo Fern\u00e1ndez Noro\u00f1a. De inmediato le entr\u00f3 a los antojitos oaxaque\u00f1os en su recorrido por los mercados acompa\u00f1ado de desacreditados pol\u00edticos que, de la misma cala\u00f1a, s\u00f3lo se mantienen en los partidos para disfrutar del poder y de los recursos p\u00fablicos. Lamentable que la actividad pol\u00edtica est\u00e9 en manos de inmorales que s\u00f3lo ven sus beneficios personales y no los de la comunidad; y el INE, como era de esperarse, tambi\u00e9n fue ya hecho a modo para que no diga nada.<\/p>\n<p><u><a href=\"mailto:asorianocarrasco@yahoo.com\" target=\"_blank\" rel=\"noopener noreferrer\"><em>asorianocarrasco@yahoo.com<\/em><\/a><br \/>\n<em><a href=\"https:\/\/revistabrecha.com\" target=\"_blank\" rel=\"noopener noreferrer\">www.revistabrecha.com<\/a><br \/>\n<\/em><\/u><em>facebook oficial <a href=\"https:\/\/es-la.facebook.com\/RevistaBrecha.Oficial\" target=\"_blank\" rel=\"noopener\">@BrechaRevista<\/a><\/em><\/p>\n","protected":false},"excerpt":{"rendered":"<p><span style=\"color: #005497;\"><strong>\u00c1ngel Soriano<\/strong><\/span><\/p>\n","protected":false},"author":3,"featured_media":0,"comment_status":"open","ping_status":"open","sticky":false,"template":"","format":"standard","meta":{"_monsterinsights_skip_tracking":false,"_monsterinsights_sitenote_active":false,"_monsterinsights_sitenote_note":"","_monsterinsights_sitenote_category":0,"footnotes":""},"categories":[135],"tags":[85,86,43674],"class_list":["post-587732","post","type-post","status-publish","format-standard","hentry","category-angel-soriano-opinion","tag-angel-soriano","tag-desde-el-portal","tag-opinion"],"_links":{"self":[{"href":"https:\/\/www.diarioimagen.net\/index.php?rest_route=\/wp\/v2\/posts\/587732","targetHints":{"allow":["GET"]}}],"collection":[{"href":"https:\/\/www.diarioimagen.net\/index.php?rest_route=\/wp\/v2\/posts"}],"about":[{"href":"https:\/\/www.diarioimagen.net\/index.php?rest_route=\/wp\/v2\/types\/post"}],"author":[{"embeddable":true,"href":"https:\/\/www.diarioimagen.net\/index.php?rest_route=\/wp\/v2\/users\/3"}],"replies":[{"embeddable":true,"href":"https:\/\/www.diarioimagen.net\/index.php?rest_route=%2Fwp%2Fv2%2Fcomments&post=587732"}],"version-history":[{"count":0,"href":"https:\/\/www.diarioimagen.net\/index.php?rest_route=\/wp\/v2\/posts\/587732\/revisions"}],"wp:attachment":[{"href":"https:\/\/www.diarioimagen.net\/index.php?rest_route=%2Fwp%2Fv2%2Fmedia&parent=587732"}],"wp:term":[{"taxonomy":"category","embeddable":true,"href":"https:\/\/www.diarioimagen.net\/index.php?rest_route=%2Fwp%2Fv2%2Fcategories&post=587732"},{"taxonomy":"post_tag","embeddable":true,"href":"https:\/\/www.diarioimagen.net\/index.php?rest_route=%2Fwp%2Fv2%2Ftags&post=587732"}],"curies":[{"name":"wp","href":"https:\/\/api.w.org\/{rel}","templated":true}]}}